{"id":5956,"date":"2024-03-07T19:47:56","date_gmt":"2024-03-07T18:47:56","guid":{"rendered":"https:\/\/pasaenmendoza.com\/?p=5956"},"modified":"2024-03-07T19:47:57","modified_gmt":"2024-03-07T18:47:57","slug":"la-calle-aristides-se-prepara-para-su-festejo-los-detalles-del-evento","status":"publish","type":"post","link":"https:\/\/pasaenmendoza.com\/?p=5956","title":{"rendered":"La calle Ar\u00edstides se prepara para su festejo: los detalles del evento"},"content":{"rendered":"\n<p>Esta noche la calle\u00a0Ar\u00edstides Villanueva\u00a0se convertir\u00e1 en peatonal y vestir\u00e1 de fiesta\u00a0para celebrar su sexto aniversario. El evento comenzar\u00e1 a las 18 horas, sin embargo, ya se observan algunas restricciones en el estacionamiento y mucho movimiento por parte de los preventores en dicha arteria\u00a0<\/p>\n\n\n\n<p>La celebraci\u00f3n que se realizar\u00e1 en la calle de bares y restaurantes m\u00e1s concurrida de la Ciudad de Mendoza,\u00a0incluir\u00e1 descuentos y happy hours en locales gastron\u00f3micos, DJ\u00b4s que animar\u00e1n la jornada e intervenciones art\u00edsticas que transformar\u00e1n el evento\u00a0en una experiencia \u00fanica.<\/p>\n\n\n\n<p>Desde el municipio capitalino confirmaron la presencia de la\u00a0nueva\u00a0Reina Nacional\u00a0de la Vendimia, Agostina Jazm\u00edn Saua,\u00a0quien tendr\u00e1 su momento al ser recibida oficialmente junto a Roc\u00edo Neila, la recientemente elegida virreina y representante del departamento de San Carlos.<\/p>\n\n\n\n<p>A partir de las 23:30, se suspender\u00e1 el expendio de alcohol en las mesas ubicadas en la calle y se\u00a0colocar\u00e1n contenedores de residuos en los laterales de la avenida Ar\u00edstides.\u00a0<\/p>\n\n\n\n<h2 class=\"wp-block-heading\">En detalle<\/h2>\n\n\n\n<p>Desde la Municipalidad de la Ciudad de Mendoza informaron que\u00a0habr\u00e1 puntos sanitarios en lugares estrat\u00e9gicos, como las intersecciones de Ar\u00edstides Villanueva con Belgrano, Olascoaga, Mart\u00ednez de Rozas y Granaderos. El operativo incluir\u00e1 atenci\u00f3n m\u00e9dica, presencia de Defensa Civil, de la organizaci\u00f3n Vuelo Controlado, Bomberos Voluntarios, puntos de hidrataci\u00f3n, seguridad a cargo de la polic\u00eda y preventores, ba\u00f1os qu\u00edmicos y personal de tr\u00e1nsito para ordenar la circulaci\u00f3n.<\/p>\n\n\n\n<h2 class=\"wp-block-heading\">Como Ar\u00edstides Villanueva estar\u00e1 cortada de Belgrano a Huarpes, el recorrido de los colectivos se realizar\u00e1 de la siguiente manera:&nbsp;<\/h2>\n\n\n\n<ul>\n<li>L\u00ednea 130: Centro a Zona. Col\u00f3n, Per\u00fa, Montevideo, Mart\u00edn &nbsp;Zapata, Boulogne Sur Mer, a su recorrido.<\/li>\n\n\n\n<li>L\u00ednea 533: Centro a Zona. Col\u00f3n, Per\u00fa, Montevideo, Mart\u00edn Zapata, Mart\u00ednez de Rozas, a su recorrido.<\/li>\n\n\n\n<li>La Ciudad de Mendoza invita a todos los asistentes a celebrar este nuevo aniversario de manera responsable y colaborativa.<\/li>\n<\/ul>\n\n\n\n<p><strong>Fuente: www.mdzol.com<\/strong><\/p>\n","protected":false},"excerpt":{"rendered":"<p>Esta noche la calle\u00a0Ar\u00edstides Villanueva\u00a0se convertir\u00e1 en peatonal y vestir\u00e1 de fiesta\u00a0para celebrar su sexto aniversario. El evento comenzar\u00e1 a las 18 horas, sin embargo, ya se observan algunas restricciones en el estacionamiento y mucho movimiento por parte de los preventores en dicha arteria\u00a0 La celebraci\u00f3n que se realizar\u00e1 en la calle de bares y [&hellip;]<\/p>\n","protected":false},"author":2,"featured_media":5957,"comment_status":"open","ping_status":"open","sticky":false,"template":"","format":"standard","meta":[],"categories":[50],"tags":[],"_links":{"self":[{"href":"https:\/\/pasaenmendoza.com\/index.php?rest_route=\/wp\/v2\/posts\/5956"}],"collection":[{"href":"https:\/\/pasaenmendoza.com\/index.php?rest_route=\/wp\/v2\/posts"}],"about":[{"href":"https:\/\/pasaenmendoza.com\/index.php?rest_route=\/wp\/v2\/types\/post"}],"author":[{"embeddable":true,"href":"https:\/\/pasaenmendoza.com\/index.php?rest_route=\/wp\/v2\/users\/2"}],"replies":[{"embeddable":true,"href":"https:\/\/pasaenmendoza.com\/index.php?rest_route=%2Fwp%2Fv2%2Fcomments&post=5956"}],"version-history":[{"count":1,"href":"https:\/\/pasaenmendoza.com\/index.php?rest_route=\/wp\/v2\/posts\/5956\/revisions"}],"predecessor-version":[{"id":5958,"href":"https:\/\/pasaenmendoza.com\/index.php?rest_route=\/wp\/v2\/posts\/5956\/revisions\/5958"}],"wp:featuredmedia":[{"embeddable":true,"href":"https:\/\/pasaenmendoza.com\/index.php?rest_route=\/wp\/v2\/media\/5957"}],"wp:attachment":[{"href":"https:\/\/pasaenmendoza.com\/index.php?rest_route=%2Fwp%2Fv2%2Fmedia&parent=5956"}],"wp:term":[{"taxonomy":"category","embeddable":true,"href":"https:\/\/pasaenmendoza.com\/index.php?rest_route=%2Fwp%2Fv2%2Fcategories&post=5956"},{"taxonomy":"post_tag","embeddable":true,"href":"https:\/\/pasaenmendoza.com\/index.php?rest_route=%2Fwp%2Fv2%2Ftags&post=5956"}],"curies":[{"name":"wp","href":"https:\/\/api.w.org\/{rel}","templated":true}]}}