{"id":5962,"date":"2024-03-08T13:08:37","date_gmt":"2024-03-08T12:08:37","guid":{"rendered":"https:\/\/pasaenmendoza.com\/?p=5962"},"modified":"2024-03-08T13:08:39","modified_gmt":"2024-03-08T12:08:39","slug":"viernes-caluroso-y-con-alerta-de-tormentas-fuertes","status":"publish","type":"post","link":"https:\/\/pasaenmendoza.com\/?p=5962","title":{"rendered":"Viernes caluroso y con alerta de tormentas fuertes"},"content":{"rendered":"\n<p>Este viernes sigue el tiempo\u00a0<strong>caluroso<\/strong>\u00a0y h\u00famedo en el Gran Mendoza, pero para ma\u00f1ana s\u00e1bado se espera un marcado descenso de temperatura.\u00a0<\/p>\n\n\n\n<p>Seg\u00fan el&nbsp;<strong>SMN<\/strong>, en el Gran Mendoza la m\u00e1xima llegar\u00e1 hoy a los<strong>&nbsp;33\u00b0&nbsp;<\/strong>y la humedad se encuentra por encima del 80%.&nbsp;Hay alerta amarilla por&nbsp;<strong>tormentas fuertes por la tarde y noche.<\/strong><\/p>\n\n\n\n<p>Para ma\u00f1ana s\u00e1bado, se prev\u00e9 que la m\u00e1xima alcance los 26\u00b0 y el cielo permaneza parcialmente nublado, aunque el domngo la m\u00e1xima vuelve a tocar los 30\u00b0.&nbsp;<\/p>\n\n\n\n<p>La buena noticia es que a partir del martes de la pr\u00f3xima semana ya tendremos temperaturas de oto\u00f1o.\u00a0<\/p>\n\n\n\n<p><strong>Fuente: www.mendozapost.com<\/strong><\/p>\n","protected":false},"excerpt":{"rendered":"<p>Este viernes sigue el tiempo\u00a0caluroso\u00a0y h\u00famedo en el Gran Mendoza, pero para ma\u00f1ana s\u00e1bado se espera un marcado descenso de temperatura.\u00a0 Seg\u00fan el&nbsp;SMN, en el Gran Mendoza la m\u00e1xima llegar\u00e1 hoy a los&nbsp;33\u00b0&nbsp;y la humedad se encuentra por encima del 80%.&nbsp;Hay alerta amarilla por&nbsp;tormentas fuertes por la tarde y noche. Para ma\u00f1ana s\u00e1bado, se prev\u00e9 [&hellip;]<\/p>\n","protected":false},"author":2,"featured_media":5963,"comment_status":"open","ping_status":"open","sticky":false,"template":"","format":"standard","meta":[],"categories":[52],"tags":[],"_links":{"self":[{"href":"https:\/\/pasaenmendoza.com\/index.php?rest_route=\/wp\/v2\/posts\/5962"}],"collection":[{"href":"https:\/\/pasaenmendoza.com\/index.php?rest_route=\/wp\/v2\/posts"}],"about":[{"href":"https:\/\/pasaenmendoza.com\/index.php?rest_route=\/wp\/v2\/types\/post"}],"author":[{"embeddable":true,"href":"https:\/\/pasaenmendoza.com\/index.php?rest_route=\/wp\/v2\/users\/2"}],"replies":[{"embeddable":true,"href":"https:\/\/pasaenmendoza.com\/index.php?rest_route=%2Fwp%2Fv2%2Fcomments&post=5962"}],"version-history":[{"count":1,"href":"https:\/\/pasaenmendoza.com\/index.php?rest_route=\/wp\/v2\/posts\/5962\/revisions"}],"predecessor-version":[{"id":5964,"href":"https:\/\/pasaenmendoza.com\/index.php?rest_route=\/wp\/v2\/posts\/5962\/revisions\/5964"}],"wp:featuredmedia":[{"embeddable":true,"href":"https:\/\/pasaenmendoza.com\/index.php?rest_route=\/wp\/v2\/media\/5963"}],"wp:attachment":[{"href":"https:\/\/pasaenmendoza.com\/index.php?rest_route=%2Fwp%2Fv2%2Fmedia&parent=5962"}],"wp:term":[{"taxonomy":"category","embeddable":true,"href":"https:\/\/pasaenmendoza.com\/index.php?rest_route=%2Fwp%2Fv2%2Fcategories&post=5962"},{"taxonomy":"post_tag","embeddable":true,"href":"https:\/\/pasaenmendoza.com\/index.php?rest_route=%2Fwp%2Fv2%2Ftags&post=5962"}],"curies":[{"name":"wp","href":"https:\/\/api.w.org\/{rel}","templated":true}]}}