{"id":5965,"date":"2024-03-08T13:21:59","date_gmt":"2024-03-08T12:21:59","guid":{"rendered":"https:\/\/pasaenmendoza.com\/?p=5965"},"modified":"2024-03-08T13:22:01","modified_gmt":"2024-03-08T12:22:01","slug":"el-pollo-valdivia-alcanzo-a-decir-quien-le-disparo-antes-de-morir","status":"publish","type":"post","link":"https:\/\/pasaenmendoza.com\/?p=5965","title":{"rendered":"El \u201cPollo\u201d Valdivia alcanz\u00f3 a decir qui\u00e9n le dispar\u00f3 antes de morir"},"content":{"rendered":"\n<p>Minutos antes de morir y mientras agonizaba en la silla de ruedas donde pasaba sus d\u00edas,&nbsp;<strong>Miguel \u00c1ngel Valdivia Ortiz (24),&nbsp;<\/strong>el&nbsp;<strong>Pollo<\/strong>, alcanz\u00f3 a cruzar algunas palabras con su hermano&nbsp;<strong>Mariano&nbsp;<\/strong>(20). En ese momento, todo era desesperaci\u00f3n. El m\u00e1s chico de los j\u00f3venes se encontraba en la misma gomer\u00eda de sus abuelos cuando se perpetr\u00f3 el ataque sobre calle&nbsp;<strong>Salvador Civit 980<\/strong>, hacia el oeste de Joaqu\u00edn V. Gonz\u00e1lez de Godoy Cruz, y&nbsp;<strong>se transform\u00f3 en el testigo m\u00e1s destacado de la instrucci\u00f3n.<\/strong><\/p>\n\n\n\n<p>Al\u00a0<strong><em>Pollo\u00a0<\/em><\/strong>Valdivia, quien se hab\u00eda refugiado d\u00edas antes en el negocio por pedido de sus allegados porque se encontraba en riesgo en su domicilio de la manzana F del Campo Papa, le dispararon este mi\u00e9rcoles a las 19 nueve veces a corta distancia con una pistola calibre 9 mil\u00edmetros.<\/p>\n\n\n\n<p><mark><em>\u201cFue el Tatotito\u201d,&nbsp;<\/em>alcanz\u00f3 a confirmarle a Mariano mientras perd\u00eda sangre por diferentes partes del cuerpo<\/mark>. La v\u00edctima fue trasladada de urgencia al Hospital del Carmen en un veh\u00edculo particular, pero los m\u00e9dicos de guardia nada pudieron hacer para mantenerlo con vida y confirmaron el deceso.<\/p>\n\n\n\n<p>Con ese dato aportado por\u00a0<strong>Mariano Valdivia<\/strong>\u00a0a los polic\u00edas de la\u00a0<strong>Divisi\u00f3n Homicidios<\/strong>\u00a0de Investigaciones, lo que volcaron otros testigos en sede judicial y el an\u00e1lisis de una c\u00e1mara de seguridad de un quiosco -la que detect\u00f3 a los dos sujetos que llegaron hasta la escena en una moto con el claro objetivo de ultimar al\u00a0<em><strong>Pollo<\/strong><\/em>-,\u00a0<strong>el fiscal Gustavo Pirrello\u00a0<\/strong>identific\u00f3 a los dos presuntos autores del crimen la misma jornada del hecho de sangre.<\/p>\n\n\n\n<p>Este jueves por la tarde, ambos sujetos, quien son marcados como \u201cla pata juvenil\u201d de una de las bandas narco por poder en el sector, se encontraban en la orden del d\u00eda.<\/p>\n\n\n\n<p>El&nbsp;<em><strong>Tatotito<\/strong><\/em>, actualmente con 20 a\u00f1os e identificado como&nbsp;<strong>Nehuen Ariel Mart\u00ednez<\/strong>, es un personaje conocido por detectives policiales y judiciales. Es \u00edntimo amigo de&nbsp;<strong>Mauro Jes\u00fas Gelvez (20),&nbsp;<\/strong>el hijo de la jefa narco del oeste godoicruce\u00f1a&nbsp;<strong>Sandra Jaquelina Vargas (47)<\/strong>, quien fue&nbsp;<mark>baleado el 29 de enero en el barrio Los Para\u00edsos en medio de la guerra narco que viene generando terror en los complejos del pedemonte.<\/mark><\/p>\n\n\n\n<p>Siendo menor de edad, al\u00a0<strong><em>Tatotito\u00a0<\/em><\/strong>lo aprehendieron varias veces y ya hab\u00eda protagonizado algunos cruces con el\u00a0<strong><em>Pollo\u00a0<\/em><\/strong>Valdivia en el Campo Papa. De acuerdo con la instrucci\u00f3n que lider\u00f3 la fiscal de Homicidios Claudia R\u00edos, fue uno de sus agresores el d\u00eda que el\u00a0<em><strong>Pollo\u00a0<\/strong><\/em>recibi\u00f3 tres balazos y perdi\u00f3 la movilidad de sus piernas.\u00a0<em>\u201cSe ten\u00edan bronca. No es una cuesti\u00f3n nueva. Esto viene desde hace a\u00f1os y dieron la orden de matar al Pollo\u201d<\/em>, cont\u00f3 un investigador a\u00a0<em><strong>El Sol.<\/strong><\/em><\/p>\n\n\n\n<p>El otro sospechoso que se conduc\u00eda la moto en la que llegaron hasta la escena el mi\u00e9rcoles por la tarde, tambi\u00e9n es marcado en diversas investigaciones. Lo conocen como\u00a0<em><strong>Nico\u00a0<\/strong><\/em>(se reserva su identidad) y\u00a0<strong>Mariano Valdivia<\/strong>\u00a0tambi\u00e9n lo se\u00f1al\u00f3 como el otro hombre que lleg\u00f3 hasta la escena.<\/p>\n\n\n\n<p>El&nbsp;<strong><em>Pollo&nbsp;<\/em>Valdivia era se\u00f1alado como uno de los vendedores de drogas m\u00e1s importantes del oeste de Godoy Cruz<\/strong>. Se mostraba armado y desafiante en redes y estaba sindicado como uno de los protagonistas principales de la guerra de las bandas que buscan ganar terreno en el narcomenudeo. Se mov\u00eda con su amigo y presunto socio,&nbsp;<strong>Alan Forquera<\/strong>, conocido como el&nbsp;<em>Farolito<\/em>.<\/p>\n\n\n\n<p><mark>La hip\u00f3tesis principal sobre su asesinato apunta a esas viejas broncas por la venta de drogas y la lucha armada<\/mark>\u00a0<em>\u201centre pichones y soldados\u201d\u00a0<\/em>de los narcos de mayor poder en el sector.<\/p>\n\n\n\n<p>Su hermano Mariano hab\u00eda sido capturado con una importante cantidad de dosis de coca\u00edna para la comercializaci\u00f3n-33- y 268.500 pesos el martes 30 de enero en su casa de la manzana F del Campo Papa. Extra\u00f1amente,&nbsp;<strong>para los investigadores de la provincia, recuper\u00f3 la libertad por resoluci\u00f3n de la Justicia federal y estaba cerca de su hermano cuando fue acribillado.<\/strong><\/p>\n\n\n\n<p>Justamente, el joven ultimado se encontraba en silla de ruedas porque hab\u00eda sido&nbsp;<strong>atacado balazos con pistolas calibre 9mm y 380 a las 16 del 9 de noviembre del 2021<\/strong>&nbsp;en la puerta de un domicilio de la manzana \u00d1 del citado asentamiento.<\/p>\n\n\n\n<p>Fue luego de que dos j\u00f3venes rivales de la zona, el\u00a0<em><strong>Gordo\u00a0<\/strong><\/em><strong>Adri\u00e1n\u00a0<\/strong>(Adri\u00e1n Estrada) y el\u00a0<strong><em>Tatotito<\/em><\/strong>, por aquellos d\u00edas menor de edad, dispararan contra \u00e9l y un amigo llamado\u00a0<strong>Gabriel Valent\u00edn Cabral\u00a0<\/strong>mientras circulaban en un auto.<\/p>\n\n\n\n<p>Valdivia fue a buscarlos al domicilio y les ofreci\u00f3 pelear mano a mano para terminar con los problemas, pero la respuesta fueron disparos:\u00a0<mark>Cabral recibi\u00f3 un proyectil en la espalda y el Pollo Valdivia sufri\u00f3 m\u00faltiples heridas: present\u00f3 orificios en el hombro derecho, regi\u00f3n dorsal paravertebral derecha, tibia y peron\u00e9 y lesi\u00f3n medular completa nivel de dorsal 5.<\/mark><\/p>\n\n\n\n<p>El&nbsp;<strong>Gordo Adri\u00e1n<\/strong>&nbsp;fue capturado ese mismo d\u00eda por personal policial minutos despu\u00e9s de los hechos, tal como public\u00f3 y revel\u00f3 este diario en una serie de informes cuando ocurri\u00f3 el hecho.<\/p>\n\n\n\n<p>Tambi\u00e9n fue apresado el&nbsp;<em><strong>Tatotito&nbsp;<\/strong><\/em>Mart\u00ednez, luego de que ambos escaparan de la escena y fueran protegidos por una mujer identificada como&nbsp;<strong>Emilce Arancibia<\/strong>, quien conduc\u00eda un Peugeot 207 y los traslad\u00f3 hasta la manzana F del barrio La Esperanza, donde fueron interceptados por efectivos de la Unidad Motorizada de Acci\u00f3n R\u00e1pida (UMAR). Esa mujer, quien accedi\u00f3 a una suspensi\u00f3n de juicio a prueba por este caso, es se\u00f1alada como amiga de la&nbsp;<strong>Yaqui Vargas.<\/strong><\/p>\n\n\n\n<p>El\u00a0<strong><em>Tatotito\u00a0<\/em><\/strong>qued\u00f3 a disposici\u00f3n de la Justicia Penal de Menores y Estrada fue condenado el a\u00f1o pasado por tentativa de homicidio a casi 9 a\u00f1os de encierro.<\/p>\n\n\n\n<p><strong>El asesinato del Pollo Valdivia gener\u00f3 un fuerte cimbronazo en el Campo Papa<\/strong>. Horas despu\u00e9s del hecho, las bandas volvieron a enfrentarse en diversos sectores. Las detonaciones de armas de fuego se escucharon durante la madrugada y varios testigos las registraron con sus celulares.\u00a0<em><strong>El Sol\u00a0<\/strong><\/em>accedi\u00f3 a los audios de los cruces de este jueves por la madrugada. Gritos, polic\u00edas y tensi\u00f3n eran el com\u00fan denominador por las calles de las diferentes barriadas.<\/p>\n\n\n\n<p>La teor\u00eda de una venganza entre los&nbsp;<em>\u201cpibes que responden\u201d&nbsp;<\/em>a la&nbsp;<strong><em>Yaqui&nbsp;<\/em><\/strong>y a sus familiares en la calle fue ganando la credibilidad de los pesquisas en las \u00faltimas horas.<mark>&nbsp;El Pollo Valdivia era uno de los principales testigos en la causa por la tentativa de asesinato que sufri\u00f3 su padre<\/mark>,&nbsp;<strong>Miguel \u00c1ngel&nbsp;<em>Cabez\u00f3n&nbsp;<\/em>Valdivia<\/strong>, a fines del 2018.<\/p>\n\n\n\n<p>El\u00a0<strong><em>Cabez\u00f3n\u00a0<\/em><\/strong>era cu\u00f1ado de la\u00a0<strong><em>Yaqui\u00a0<\/em><\/strong>y fue condenado por asociaci\u00f3n il\u00edcita porque fue considerado miembro de la banda. En la \u00e9poca que \u201ceran familia\u201d, estaba en pareja con\u00a0<strong>Silvana Natal\u00ed Vargas<\/strong>\u00a0(hermana de la\u00a0<em><strong>Yaqui<\/strong><\/em>, condenada por drogas en el mismo juicio federal que su hermana en mayo del 2016) y fue atacado en el Campo Papa por\u00a0<strong>Patricio\u00a0<em>Negro\u00a0<\/em>Garrido<\/strong>, el yerno de la\u00a0<em><strong>Yaqui<\/strong><\/em>. Este joven fue condenado el a\u00f1o pasado a 15 a\u00f1os de c\u00e1rcel.<\/p>\n\n\n\n<p>La v\u00edctima recibi\u00f3 cinco balazos y salv\u00f3 su vida de milagro. Por esos d\u00edas, la relaci\u00f3n entre la Yaqui y Valdivia padre se hab\u00eda quebrado. En enero del 2021, el\u00a0<strong>Cabez\u00f3n<\/strong>\u00a0muri\u00f3 en el Hospital Central.<\/p>\n\n\n\n<p><strong>Esa investigaci\u00f3n estuvo a cargo de la fiscal de Homicidios Andrea Lazo.<\/strong>&nbsp;Si bien no se pudo comprobar mediante el an\u00e1lisis de la historia cl\u00ednica, los familiares de Valdivia entendieron que muri\u00f3 m\u00e1s de dos a\u00f1os despu\u00e9s de ser baleado ra\u00edz de una serie de lesiones que nunca pudo curar.<\/p>\n\n\n\n<p>Lazo investigaba al&nbsp;<strong><em>Negro&nbsp;<\/em>Garrido<\/strong>&nbsp;por el crimen de un chico llamado<strong>&nbsp;Lucas Torres<\/strong>&nbsp;y acumul\u00f3 la causa por el ataque al Cabez\u00f3n. La calific\u00f3 como tentativa de asesinato y as\u00ed fue condenado Garrido. Mientras esa instrucci\u00f3n estaban en curso, muchos testigos fueron baleados en diferentes puntos de Godoy Cruz.<\/p>\n\n\n\n<p>El objetivo era silenciarlos. Por eso, la hip\u00f3tesis apunta a que el\u00a0<strong><em>Gordo\u00a0<\/em>Adri\u00e1n<\/strong>\u00a0y el\u00a0<strong><em>Tatotito\u00a0<\/em><\/strong>ten\u00edan como objetivo callar al\u00a0<em><strong>Pollo\u00a0<\/strong><\/em>en noviembre del 2021, debido a que era uno de los testigos m\u00e1s importantes en la causa por la balacera que sufri\u00f3 su padre.<\/p>\n\n\n\n<p><strong>Fuente: www.elsol.com.ar<\/strong><\/p>\n","protected":false},"excerpt":{"rendered":"<p>Minutos antes de morir y mientras agonizaba en la silla de ruedas donde pasaba sus d\u00edas,&nbsp;Miguel \u00c1ngel Valdivia Ortiz (24),&nbsp;el&nbsp;Pollo, alcanz\u00f3 a cruzar algunas palabras con su hermano&nbsp;Mariano&nbsp;(20). En ese momento, todo era desesperaci\u00f3n. El m\u00e1s chico de los j\u00f3venes se encontraba en la misma gomer\u00eda de sus abuelos cuando se perpetr\u00f3 el ataque sobre [&hellip;]<\/p>\n","protected":false},"author":2,"featured_media":5966,"comment_status":"open","ping_status":"open","sticky":false,"template":"","format":"standard","meta":[],"categories":[48],"tags":[],"_links":{"self":[{"href":"https:\/\/pasaenmendoza.com\/index.php?rest_route=\/wp\/v2\/posts\/5965"}],"collection":[{"href":"https:\/\/pasaenmendoza.com\/index.php?rest_route=\/wp\/v2\/posts"}],"about":[{"href":"https:\/\/pasaenmendoza.com\/index.php?rest_route=\/wp\/v2\/types\/post"}],"author":[{"embeddable":true,"href":"https:\/\/pasaenmendoza.com\/index.php?rest_route=\/wp\/v2\/users\/2"}],"replies":[{"embeddable":true,"href":"https:\/\/pasaenmendoza.com\/index.php?rest_route=%2Fwp%2Fv2%2Fcomments&post=5965"}],"version-history":[{"count":1,"href":"https:\/\/pasaenmendoza.com\/index.php?rest_route=\/wp\/v2\/posts\/5965\/revisions"}],"predecessor-version":[{"id":5967,"href":"https:\/\/pasaenmendoza.com\/index.php?rest_route=\/wp\/v2\/posts\/5965\/revisions\/5967"}],"wp:featuredmedia":[{"embeddable":true,"href":"https:\/\/pasaenmendoza.com\/index.php?rest_route=\/wp\/v2\/media\/5966"}],"wp:attachment":[{"href":"https:\/\/pasaenmendoza.com\/index.php?rest_route=%2Fwp%2Fv2%2Fmedia&parent=5965"}],"wp:term":[{"taxonomy":"category","embeddable":true,"href":"https:\/\/pasaenmendoza.com\/index.php?rest_route=%2Fwp%2Fv2%2Fcategories&post=5965"},{"taxonomy":"post_tag","embeddable":true,"href":"https:\/\/pasaenmendoza.com\/index.php?rest_route=%2Fwp%2Fv2%2Ftags&post=5965"}],"curies":[{"name":"wp","href":"https:\/\/api.w.org\/{rel}","templated":true}]}}