{"id":5969,"date":"2024-03-08T13:36:32","date_gmt":"2024-03-08T12:36:32","guid":{"rendered":"https:\/\/pasaenmendoza.com\/?p=5969"},"modified":"2024-03-08T13:36:33","modified_gmt":"2024-03-08T12:36:33","slug":"un-hombre-iba-en-bicicleta-y-lo-asesinaron-de-un-balazo-en-guaymallen","status":"publish","type":"post","link":"https:\/\/pasaenmendoza.com\/?p=5969","title":{"rendered":"Un hombre iba en bicicleta y lo asesinaron de un balazo en Guaymall\u00e9n"},"content":{"rendered":"\n<p>Un hombre que se movilizaba en una bicicleta fue asesinado de una balazo en el departamento de Guaymall\u00e9n en la madrugada de este viernes.<\/p>\n\n\n\n<p>A las 03.00,\u00a0 Flavio Guzm\u00e1n de 30 a\u00f1os iba por calle\u00a0 Domingo Faustino Sarmiento y al llegar a Granaderos de San Mart\u00edn, recibi\u00f3 un disparo mortal en la espalda.<\/p>\n\n\n\n<p>Su fallecimiento lo corrobor\u00f3 personal m\u00e9dico del Servicio de Emergencia Coordinado (SEC) quien determin\u00f3 que el hombre ten\u00eda una herida de arma de fuego con orificio de entrada por la axila derecha y orificio de salida por la espalda.<\/p>\n\n\n\n<p>Interviene la Oficina Fiscal N\u00b0 9. Desde el Ministerio de Seguridad de Mendoza informaron que Guzm\u00e1n ten\u00eda antecedentes penales de hurto simple; robo agravado en poblado en banda y por uso de arma de fuego, ambos en 2013; y robo agravado por el uso de arma de fuego en grado de tentativa en 2016.\u00a0<\/p>\n\n\n\n<p><strong>Fuente: www.mendozapost.com<\/strong><\/p>\n","protected":false},"excerpt":{"rendered":"<p>Un hombre que se movilizaba en una bicicleta fue asesinado de una balazo en el departamento de Guaymall\u00e9n en la madrugada de este viernes. A las 03.00,\u00a0 Flavio Guzm\u00e1n de 30 a\u00f1os iba por calle\u00a0 Domingo Faustino Sarmiento y al llegar a Granaderos de San Mart\u00edn, recibi\u00f3 un disparo mortal en la espalda. Su fallecimiento [&hellip;]<\/p>\n","protected":false},"author":2,"featured_media":5970,"comment_status":"open","ping_status":"open","sticky":false,"template":"","format":"standard","meta":[],"categories":[48],"tags":[],"_links":{"self":[{"href":"https:\/\/pasaenmendoza.com\/index.php?rest_route=\/wp\/v2\/posts\/5969"}],"collection":[{"href":"https:\/\/pasaenmendoza.com\/index.php?rest_route=\/wp\/v2\/posts"}],"about":[{"href":"https:\/\/pasaenmendoza.com\/index.php?rest_route=\/wp\/v2\/types\/post"}],"author":[{"embeddable":true,"href":"https:\/\/pasaenmendoza.com\/index.php?rest_route=\/wp\/v2\/users\/2"}],"replies":[{"embeddable":true,"href":"https:\/\/pasaenmendoza.com\/index.php?rest_route=%2Fwp%2Fv2%2Fcomments&post=5969"}],"version-history":[{"count":1,"href":"https:\/\/pasaenmendoza.com\/index.php?rest_route=\/wp\/v2\/posts\/5969\/revisions"}],"predecessor-version":[{"id":5971,"href":"https:\/\/pasaenmendoza.com\/index.php?rest_route=\/wp\/v2\/posts\/5969\/revisions\/5971"}],"wp:featuredmedia":[{"embeddable":true,"href":"https:\/\/pasaenmendoza.com\/index.php?rest_route=\/wp\/v2\/media\/5970"}],"wp:attachment":[{"href":"https:\/\/pasaenmendoza.com\/index.php?rest_route=%2Fwp%2Fv2%2Fmedia&parent=5969"}],"wp:term":[{"taxonomy":"category","embeddable":true,"href":"https:\/\/pasaenmendoza.com\/index.php?rest_route=%2Fwp%2Fv2%2Fcategories&post=5969"},{"taxonomy":"post_tag","embeddable":true,"href":"https:\/\/pasaenmendoza.com\/index.php?rest_route=%2Fwp%2Fv2%2Ftags&post=5969"}],"curies":[{"name":"wp","href":"https:\/\/api.w.org\/{rel}","templated":true}]}}