{"id":5975,"date":"2024-03-08T13:58:01","date_gmt":"2024-03-08T12:58:01","guid":{"rendered":"https:\/\/pasaenmendoza.com\/?p=5975"},"modified":"2024-03-08T13:58:02","modified_gmt":"2024-03-08T12:58:02","slug":"hebe-casado-viaja-a-buenos-aires-con-agenda-de-gobierno-y-partidaria","status":"publish","type":"post","link":"https:\/\/pasaenmendoza.com\/?p=5975","title":{"rendered":"Hebe Casado viaja a Buenos Aires con agenda de Gobierno y partidaria"},"content":{"rendered":"\n<p>La mandataria provincial dir\u00e1 presente en el encuentro de gobernadores y en reemplazo de Alfredo Cornejo. Pero tambi\u00e9n tiene pactada una serie de reuniones con Patricia Bullrich y Mauricio Macri de cara a las elecciones internas del PRO.<\/p>\n\n\n\n<p>Este viernes, la vicegobernadora&nbsp;<strong>Hebe Casado<\/strong>, dir\u00e1 presente en el encuentro de gobernadores convocado por el Ejecutivo nacional en&nbsp;<strong>Casa Rosada<\/strong>. La mandataria provincial ir\u00e1 a escuchar los planteamientos del Gobierno de&nbsp;<strong>Javier Milei&nbsp;<\/strong>de cara al \u201c<em><strong>Pacto de Mayo<\/strong><\/em>\u201c.<\/p>\n\n\n\n<p>La dirigente del PRO acudir\u00e1 en representaci\u00f3n de&nbsp;<strong>Alfredo Cornejo&nbsp;<\/strong>debido a que se encuentra de viaje en Canad\u00e1 en la principal feria de miner\u00eda internacional.<\/p>\n\n\n\n<p>\u201c<em>Solo ir\u00e9 a escuchar y ver qu\u00e9 quiere hacer el Gobierno nacional<\/em>\u201c, confes\u00f3 Casado a<em>\u00a0El Sol<\/em>. Adelant\u00f3 que desde el Ejecutivo provincial est\u00e1n a la espera de la llegada de Cornejo, quien arriba al pa\u00eds este s\u00e1bado para reunirse y plantear los pasos a seguir del \u201cPacto de Mayo\u201d.<\/p>\n\n\n\n<p>Casado parti\u00f3 en la noche del jueves y en la reuni\u00f3n no estar\u00e1 acompa\u00f1ada por ning\u00fan miembro del Ejecutivo provincial. El \u00fanico ministro que se encuentra en suelo bonaerense es el responsable de la cartera de Producci\u00f3n,&nbsp;<strong>Rodolfo Vargas Arizu<\/strong>&nbsp;que est\u00e1 en San Nicol\u00e1s participando de la ExpoAgro.<\/p>\n\n\n\n<p>El ministro de Hacienda,\u00a0<strong>V\u00edctor Fayad<\/strong>, volvi\u00f3 el pasado mi\u00e9rcoles a Mendoza luego de participar en la\u00a0<strong>Comisi\u00f3n Federal de Impuestos (CFI)<\/strong>\u00a0convocado por la gesti\u00f3n de Milei. En esa cumbre, le comunicaron a todos los funcionarios provinciales de dicha \u00e1rea el env\u00edo de fondos para \u201c<em>el pago de salarios y al mejoramiento de la calidad y la infraestructura educativa<\/em>\u201d.<\/p>\n\n\n\n<p>Para el encuentro de gobernadores de este viernes est\u00e1 confirmado que Milei no estar\u00e1 presente. Los que s\u00ed se sentar\u00e1n frente a los 24 mandatarios provinciales son el ministro de Econom\u00eda,\u00a0<strong>Luis Caputo<\/strong>, el responsable de la cartera del Interior,\u00a0<strong>Guillermo Francos<\/strong>, y el jefe de Gabinete,\u00a0<strong>Nicol\u00e1s Posse<\/strong>.<\/p>\n\n\n\n<p>La intenci\u00f3n del Gobierno nacional es volver a poner sobre la mesa la discusi\u00f3n por la&nbsp;<strong>Ley \u00d3mnibus<\/strong>. Pero haciendo \u00e9nfasis en el cap\u00edtulo fiscal en el que Naci\u00f3n hab\u00eda accedido a devolver la&nbsp;<strong>coparticipaci\u00f3n<\/strong>&nbsp;del&nbsp;<strong>Impuesto de las Ganancias<\/strong>&nbsp;a las provincias.<\/p>\n\n\n\n<h2 class=\"wp-block-heading\" id=\"h-sus-reuniones-partidarias\">Sus reuniones partidarias<\/h2>\n\n\n\n<p>Casado aprovechar\u00e1 su estad\u00eda en Buenos Aires para avanzar con su agenda partidaria de cara a las elecciones internas del PRO. La m\u00e9dica inmun\u00f3loga se reunir\u00e1 con la presidente a nivel nacional del partido \u201camarillo\u201d y ministra de Seguridad,&nbsp;<strong>Patricia Bullrich<\/strong>. Por separado, tambi\u00e9n se ver\u00e1 con el exjefe de Estado,&nbsp;<strong>Mauricio Macri<\/strong>.<\/p>\n\n\n\n<p>Tambi\u00e9n se encontrar\u00e1 con el interventor del PRO Mendoza,\u00a0<strong>Dar\u00edo Nieto<\/strong>. Las elecciones internas en la provincia est\u00e1n pactadas para el 6 de junio.<\/p>\n\n\n\n<p>El motivo de las reuniones por separado entre los principales referentes del PRO a nivel nacional es por la mala relaci\u00f3n que hay en la actualidad entre Bullirch y Macri. Las diferencias pr\u00e1cticamente se han producido por cuestiones partidarias y por tener miradas diferentes del Gobierno de Milei.<\/p>\n\n\n\n<p>La vicegobernadora es candidata a presidir el PRO mendocino y cuenta con los apoyos de Bullrich y Macri. Pero la m\u00e9dica inmun\u00f3loga tendr\u00e1 competencia y se trata de la diputada provincial,<strong>\u00a0Sol Salinas<\/strong>. Por el lado del sector de\u00a0<strong>Omar De Marchi<\/strong>, todav\u00eda no han oficializado a ning\u00fan candidato y analizan una posible lista de unidad.<\/p>\n\n\n\n<p>FUENTE: Elsol.com.ar <\/p>\n","protected":false},"excerpt":{"rendered":"<p>La mandataria provincial dir\u00e1 presente en el encuentro de gobernadores y en reemplazo de Alfredo Cornejo. Pero tambi\u00e9n tiene pactada una serie de reuniones con Patricia Bullrich y Mauricio Macri de cara a las elecciones internas del PRO. Este viernes, la vicegobernadora&nbsp;Hebe Casado, dir\u00e1 presente en el encuentro de gobernadores convocado por el Ejecutivo nacional [&hellip;]<\/p>\n","protected":false},"author":2,"featured_media":5976,"comment_status":"open","ping_status":"open","sticky":true,"template":"","format":"standard","meta":[],"categories":[47],"tags":[],"_links":{"self":[{"href":"https:\/\/pasaenmendoza.com\/index.php?rest_route=\/wp\/v2\/posts\/5975"}],"collection":[{"href":"https:\/\/pasaenmendoza.com\/index.php?rest_route=\/wp\/v2\/posts"}],"about":[{"href":"https:\/\/pasaenmendoza.com\/index.php?rest_route=\/wp\/v2\/types\/post"}],"author":[{"embeddable":true,"href":"https:\/\/pasaenmendoza.com\/index.php?rest_route=\/wp\/v2\/users\/2"}],"replies":[{"embeddable":true,"href":"https:\/\/pasaenmendoza.com\/index.php?rest_route=%2Fwp%2Fv2%2Fcomments&post=5975"}],"version-history":[{"count":1,"href":"https:\/\/pasaenmendoza.com\/index.php?rest_route=\/wp\/v2\/posts\/5975\/revisions"}],"predecessor-version":[{"id":5977,"href":"https:\/\/pasaenmendoza.com\/index.php?rest_route=\/wp\/v2\/posts\/5975\/revisions\/5977"}],"wp:featuredmedia":[{"embeddable":true,"href":"https:\/\/pasaenmendoza.com\/index.php?rest_route=\/wp\/v2\/media\/5976"}],"wp:attachment":[{"href":"https:\/\/pasaenmendoza.com\/index.php?rest_route=%2Fwp%2Fv2%2Fmedia&parent=5975"}],"wp:term":[{"taxonomy":"category","embeddable":true,"href":"https:\/\/pasaenmendoza.com\/index.php?rest_route=%2Fwp%2Fv2%2Fcategories&post=5975"},{"taxonomy":"post_tag","embeddable":true,"href":"https:\/\/pasaenmendoza.com\/index.php?rest_route=%2Fwp%2Fv2%2Ftags&post=5975"}],"curies":[{"name":"wp","href":"https:\/\/api.w.org\/{rel}","templated":true}]}}