{"id":5981,"date":"2024-03-08T14:14:32","date_gmt":"2024-03-08T13:14:32","guid":{"rendered":"https:\/\/pasaenmendoza.com\/?p=5981"},"modified":"2024-03-08T14:17:42","modified_gmt":"2024-03-08T13:17:42","slug":"gareca-ajusta-un-informe-con-el-detalle-finito-de-los-numeros-para-defender-a-la-vendimia","status":"publish","type":"post","link":"https:\/\/pasaenmendoza.com\/?p=5981","title":{"rendered":"Gareca ajusta un informe con el detalle finito de los n\u00fameros para &#8220;defender&#8221; a la Vendimia"},"content":{"rendered":"\n<p>En un contexto de cr\u00edticas nacionales al gasto de las provincias en festivales y fiestas, Mendoza informar\u00e1 cu\u00e1nto pag\u00f3 por hacer la Vendimia y cu\u00e1nto derrama<\/p>\n\n\n\n<p>La realizaci\u00f3n de festivales, fiestas provinciales y la contrataci\u00f3n de artistas por parte de los gobiernos locales han sido duramente cuestionadas por Javier Milei. En ese contexto, y si bien el Presidente no se ha referido concretamente a la\u00a0<strong>Vendimia<\/strong>, el Gobierno de Mendoza prepara un\u00a0<strong>detallado informe<\/strong>\u00a0para justificar la fuerte inversi\u00f3n que se realiza en la \u00e9poca vendimial.<\/p>\n\n\n\n<p><strong>Diego Gareca<\/strong>, subsecretario de Cultura de la provincia, confirm\u00f3 que espera los\u00a0<strong>n\u00fameros finos de cada sector<\/strong>\u00a0involucrado para presentar un documento a trav\u00e9s del que Mendoza informar\u00e1\u00a0<strong>cu\u00e1nto gast\u00f3 para realizar la Fiesta Nacional de la Vendimia 2024, pero a la vez cu\u00e1nto derram\u00f3\u00a0<\/strong>formalmente en la econom\u00eda el evento durante ese fin de semana.<\/p>\n\n\n\n<p>Adem\u00e1s, claro, hay que pensar en el sector informal que tambi\u00e9n se ve beneficiado, desde aquel que se dedica a la producci\u00f3n y venta de vinchas de reinas hasta el que aloja turistas por aplicaciones internacionales.<\/p>\n\n\n\n<p>&#8220;<strong>Le hemos explicado a Vicky el significado de la Fiesta de la Vendimia<\/strong>&#8220;, dijo a tono con la defensa de la celebraci\u00f3n mendocina la vicegobernadora Hebe Casado.<\/p>\n\n\n\n<h2 class=\"wp-block-heading\">Vendimia por Vendimia<\/h2>\n\n\n\n<p>&#8220;Para tener un informe m\u00e1s completo&nbsp;<strong>les hemos pedido a los municipios que tambi\u00e9n realicen su balance<\/strong>. La Vendimia derrama desde la primera fiesta departamental.&nbsp;<strong>Mucha gente trabaja gracias a las Vendimias<\/strong>: se contratan artistas, escenarios, luces, sonido, presentadores, vestuario, hay venta de accesorios y comidas; derrama en alojamiento, en gastronom\u00eda, en transporte, en los que venden los materiales para hacer los carros&#8221;, enumer\u00f3 -solo para dar un panorama- el subsecretario de Cultura.<\/p>\n\n\n\n<p>Los montos que destinan los Estados para cada evento vendimial son altos.&nbsp;<strong>Podemos hablar de $10 a $20 millones para un carro; de $200 millones para una fiesta departamental y de miles de millones para el acto central y sus repeticiones.&nbsp;<\/strong>Y es por ello que el Gobierno busca hacer la correlaci\u00f3n entre ese gasto y lo que el mismo genera para anticiparse a las cr\u00edticas con fundamentos.<\/p>\n\n\n\n<h2 class=\"wp-block-heading\">Radiograf\u00eda de la cultura 2024<\/h2>\n\n\n\n<p>Terminada la Vendimia,&nbsp;<strong>lo pr\u00f3ximo en el calendario cultural de la provincia es el Festival M\u00fasica Cl\u00e1sica por los Caminos del Vino,<\/strong>&nbsp;que se celebra cada a\u00f1o durante Semana Santa.<\/p>\n\n\n\n<p>Teniendo ese evento ya en la mira es que esta semana habr\u00e1 un&nbsp;<strong>encuentro de directores de Cultura de los municipios con Diego Gareca.<\/strong>&nbsp;La \u00e9poca de verano hace que cada uno de ellos est\u00e9 enfocado en su calendario cultural y entre cambios de gobiernos, festivales y vendimias poco tiempo han tenido para diagramar el a\u00f1o en conjunto. Tambi\u00e9n con esa intenci\u00f3n se reunir\u00e1n.<\/p>\n\n\n\n<p>Gareca tiene ya en mente la<strong>&nbsp;realizaci\u00f3n de un mapa cultural 2024,<\/strong>&nbsp;que se renueve cada a\u00f1o. Una especie de radiograf\u00eda de la cultura en toda la provincia que incluya todos los eventos, fechas y lugares involucrados.<\/p>\n\n\n\n<p>Pretende&nbsp;<strong>que no quede nada afuera<\/strong>. Que sea p\u00fablico y que tanto el mendocino como el turista puedan conocer qu\u00e9 se hace en la materia en Mendoza, d\u00f3nde puede encontrarse y cu\u00e1ndo.<\/p>\n\n\n\n<p>FUENTE: Diariouno.com.ar <\/p>\n","protected":false},"excerpt":{"rendered":"<p>En un contexto de cr\u00edticas nacionales al gasto de las provincias en festivales y fiestas, Mendoza informar\u00e1 cu\u00e1nto pag\u00f3 por hacer la Vendimia y cu\u00e1nto derrama La realizaci\u00f3n de festivales, fiestas provinciales y la contrataci\u00f3n de artistas por parte de los gobiernos locales han sido duramente cuestionadas por Javier Milei. En ese contexto, y si [&hellip;]<\/p>\n","protected":false},"author":2,"featured_media":5983,"comment_status":"open","ping_status":"open","sticky":true,"template":"","format":"standard","meta":[],"categories":[47],"tags":[],"_links":{"self":[{"href":"https:\/\/pasaenmendoza.com\/index.php?rest_route=\/wp\/v2\/posts\/5981"}],"collection":[{"href":"https:\/\/pasaenmendoza.com\/index.php?rest_route=\/wp\/v2\/posts"}],"about":[{"href":"https:\/\/pasaenmendoza.com\/index.php?rest_route=\/wp\/v2\/types\/post"}],"author":[{"embeddable":true,"href":"https:\/\/pasaenmendoza.com\/index.php?rest_route=\/wp\/v2\/users\/2"}],"replies":[{"embeddable":true,"href":"https:\/\/pasaenmendoza.com\/index.php?rest_route=%2Fwp%2Fv2%2Fcomments&post=5981"}],"version-history":[{"count":2,"href":"https:\/\/pasaenmendoza.com\/index.php?rest_route=\/wp\/v2\/posts\/5981\/revisions"}],"predecessor-version":[{"id":5985,"href":"https:\/\/pasaenmendoza.com\/index.php?rest_route=\/wp\/v2\/posts\/5981\/revisions\/5985"}],"wp:featuredmedia":[{"embeddable":true,"href":"https:\/\/pasaenmendoza.com\/index.php?rest_route=\/wp\/v2\/media\/5983"}],"wp:attachment":[{"href":"https:\/\/pasaenmendoza.com\/index.php?rest_route=%2Fwp%2Fv2%2Fmedia&parent=5981"}],"wp:term":[{"taxonomy":"category","embeddable":true,"href":"https:\/\/pasaenmendoza.com\/index.php?rest_route=%2Fwp%2Fv2%2Fcategories&post=5981"},{"taxonomy":"post_tag","embeddable":true,"href":"https:\/\/pasaenmendoza.com\/index.php?rest_route=%2Fwp%2Fv2%2Ftags&post=5981"}],"curies":[{"name":"wp","href":"https:\/\/api.w.org\/{rel}","templated":true}]}}