{"id":5988,"date":"2024-03-08T21:17:23","date_gmt":"2024-03-08T20:17:23","guid":{"rendered":"https:\/\/pasaenmendoza.com\/?p=5988"},"modified":"2024-03-08T21:17:25","modified_gmt":"2024-03-08T20:17:25","slug":"el-examen-de-tipeo-dejo-al-concurso-de-ingreso-a-la-justicia-con-menos-aprobados-que-cargos-a-cubrir","status":"publish","type":"post","link":"https:\/\/pasaenmendoza.com\/?p=5988","title":{"rendered":"El examen de tipeo dej\u00f3 al concurso de ingreso a la Justicia con menos aprobados que cargos a cubrir"},"content":{"rendered":"\n<p>Pasaron los primeros ex\u00e1menes del\u00a0<strong>concurso de ingreso al Ministerio P\u00fablico Fiscal<\/strong>\u00a0y con ello el primer filtro:\u00a0<strong>dactilograf\u00eda<\/strong>. De los casi 6.000 que se inscribieron en su momento,\u00a0<strong>solo siguen en carrera 348 aspirantes<\/strong>,\u00a0<strong>mucho menos de los 500 cargos que la Justicia penal pensaba cubrir<\/strong>\u00a0en los pr\u00f3ximos dos a\u00f1os.<\/p>\n\n\n\n<p>Apenas el&nbsp;<strong>5,83% de los inscriptos est\u00e1 en la segunda instancia<\/strong>&nbsp;y todav\u00eda restan m\u00e1s etapas. Vale decir que de aquellos 5.963 que completaron el formulario online de inscripci\u00f3n, se presentaron a rendir el examen de tipeo apenas un tercio. Pero as\u00ed y todo, el porcentaje de aprobados es pobre: de los que rindieron, solo pas\u00f3 poco m\u00e1s del 15%.<\/p>\n\n\n\n<p>Es decir que\u00a0<strong>apenas 348 personas pudieron escribir 170 palabras sin errores<\/strong>\u00a0en computadora en cuatro minutos. Nada m\u00e1s y nada menos.<\/p>\n\n\n\n<h2 class=\"wp-block-heading\">En el Sur quedaron menos de la mitad de aspirantes que cargos a cubrir<\/h2>\n\n\n\n<p>La situaci\u00f3n es m\u00e1s complicada en el&nbsp;<strong>Sur&nbsp;<\/strong>de Mendoza. En la segunda circunscripci\u00f3n,&nbsp;<strong>la Justicia penal proyect\u00f3 cubrir 150 cargos&nbsp;<\/strong>en los pr\u00f3ximos dos a\u00f1os, teniendo en cuenta la cantidad de empleados a jubilarse y los puestos a requerir en ese per\u00edodo.<\/p>\n\n\n\n<p>Sin embargo, de los 790 que se inscribieron a fines del a\u00f1o pasado,&nbsp;<strong>solo 60 personas son las que siguen en carrera<\/strong>&nbsp;para entrar al Ministerio P\u00fablico Fiscal de Malarg\u00fce, General Alvear y San Rafael.<\/p>\n\n\n\n<p>Esos 60 rindieron el examen de dactilograf\u00eda en febrero en la sede sanrafaelina y\u00a0<strong>a\u00fan no tienen fecha para seguir el proceso<\/strong>\u00a0hasta conformar el orden de m\u00e9rito por el que se llamar\u00e1 uno a uno para tomar el examen psicolaboral y continuar con el f\u00edsico, que son los \u00faltimos pasos necesarios antes de acceder a un cargo vacante.<\/p>\n\n\n\n<h2 class=\"wp-block-heading\">En la primera y la tercera circunscripci\u00f3n se vuelve a rendir la semana que viene<\/h2>\n\n\n\n<p>Los otros&nbsp;<strong>288 aspirantes que quedan son los que aprobaron el examen de dactilograf\u00eda de la primera y tercera circunscripci\u00f3n.&nbsp;<\/strong>Estos ya fueron citados en el&nbsp;<strong>Polo Judicial Penal, ubicado en Plantamura y San Felipe, en la Ciudad de Mendoza,&nbsp;<\/strong>para rendir el&nbsp;<strong>s\u00e1bado 16 de marzo<\/strong>&nbsp;las pruebas restantes: ortograf\u00eda, inform\u00e1tica y conocimientos jur\u00eddicos.<\/p>\n\n\n\n<p>El primer examen consiste en la&nbsp;<strong>correcci\u00f3n en computadora de un texto jur\u00eddico<\/strong>&nbsp;para el cual los aspirantes contar\u00e1n con diez minutos; el de&nbsp;<strong>inform\u00e1tica<\/strong>, cuya duraci\u00f3n ser\u00e1 de 20 minutos; y el&nbsp;<strong>te\u00f3rico<\/strong>, para el que contar\u00e1n con una hora. Para este \u00faltimo, el material de estudio est\u00e1 disponible desde el 6 de noviembre del a\u00f1o pasado.<\/p>\n\n\n\n<p><strong>Solo si aprueban los cuatro ex\u00e1menes, los postulantes quedar\u00e1n en condiciones de ser convocados<\/strong>&nbsp;a las pruebas psicolaborales y f\u00edsicas.<\/p>\n\n\n\n<p>En esos casos, esa convocatoria se har\u00e1 de acuerdo el&nbsp;<strong>orden de m\u00e9rito&nbsp;<\/strong>logrado, y siempre en funci\u00f3n de las vacantes que se vayan generando.<\/p>\n\n\n\n<p>El dato a resaltar es que, tal como pasa en la segunda circunscripci\u00f3n,&nbsp;<strong>en la primera y en la tercera se espera cubrir 350 cargos durante los pr\u00f3ximos dos a\u00f1os y los aspirantes que siguen en carrera (al menos en el total) ya no son suficientes para ello<\/strong>.<\/p>\n\n\n\n<p>El cupo a cubrir en este llamado era de 200 cargos en la primera, correspondiente a la Ciudad de Mendoza, Godoy Cruz, Maip\u00fa, Las Heras, Guaymall\u00e9n, Luj\u00e1n de Cuyo y Lavalle; y de 150 en la tercera, que incluye a San Mart\u00edn, Jun\u00edn, Santa Rosa, La Paz y Rivadavia.<\/p>\n\n\n\n<h2 class=\"wp-block-heading\">\u00bfSe viene un nuevo llamado a concurso?<\/h2>\n\n\n\n<p>La vigencia del concurso es de dos a\u00f1os; pero la reglamentaci\u00f3n prev\u00e9 que si el n\u00famero de aspirantes que apruebe los ex\u00e1menes no resulta suficiente para cubrir los cupos vacantes de ingreso, se realizar\u00e1 un<strong>&nbsp;nuevo llamado a concurso<\/strong>.<\/p>\n\n\n\n<p>\u00bfLas condiciones del trabajo no entusiasman? \u00bfEl salario que ofrece la Provincia es muy bajo? \u00bfTipear sin errores es complejo para los aspirantes? Todas o algunas de ellas seguramente ser\u00e1n las razones por las que la Justicia en Mendoza pena por contratar trabajadores.<\/p>\n\n\n\n<h2 class=\"wp-block-heading\">Cu\u00e1les son las funciones a concursar y cu\u00e1nto cobra un ingresante<\/h2>\n\n\n\n<p>Las funciones del cargo a concursar incluyen tareas administrativas y de apoyo t\u00e9cnico y\/o jur\u00eddico en las Oficinas Fiscales de la Primera y Tercera Circunscripci\u00f3n Judicial; o en las Unidades Fiscales Oficinas Fiscales y Dependencias Administrativas de la Segunda.<\/p>\n\n\n\n<p>En particular, la tarea consiste en la instrucci\u00f3n de expedientes penales como recepci\u00f3n de denuncias, testimonios, tramitaci\u00f3n de las medidas de investigaci\u00f3n iniciales y notificaciones a personas imputadas y\/o sospechadas.<\/p>\n\n\n\n<p>El&nbsp;<strong>sueldo neto<\/strong>&nbsp;de un ingresante (clase 13) era de &#8220;<strong>$225.522,27<\/strong>&nbsp;(PESOS DOSCIENTOS VEINTICINCO MIL QUINIENTOS VEINTID\u00d3S CON 27\/100)&#8221; al 29 de noviembre del a\u00f1o pasado. Para actualizar ese monto&nbsp;<strong>habr\u00eda que sumarle los aumentos que se pactaron en paritarias con empleados judiciales hasta febrero (15% en diciembre, 5,8% en enero, 16% en febrero).<\/strong><\/p>\n\n\n\n<p>Esa informaci\u00f3n fue brindada mediante el sistema de Tickets de acceso a la Informaci\u00f3n P\u00fablica por la coordinadora General del Ministerio P\u00fablico Fiscal, Andrea Chaves.<\/p>\n\n\n\n<p><strong>Fuente: www.diariouno.com.ar<\/strong><\/p>\n","protected":false},"excerpt":{"rendered":"<p>Pasaron los primeros ex\u00e1menes del\u00a0concurso de ingreso al Ministerio P\u00fablico Fiscal\u00a0y con ello el primer filtro:\u00a0dactilograf\u00eda. De los casi 6.000 que se inscribieron en su momento,\u00a0solo siguen en carrera 348 aspirantes,\u00a0mucho menos de los 500 cargos que la Justicia penal pensaba cubrir\u00a0en los pr\u00f3ximos dos a\u00f1os. Apenas el&nbsp;5,83% de los inscriptos est\u00e1 en la segunda [&hellip;]<\/p>\n","protected":false},"author":2,"featured_media":5989,"comment_status":"open","ping_status":"open","sticky":false,"template":"","format":"standard","meta":[],"categories":[94],"tags":[],"_links":{"self":[{"href":"https:\/\/pasaenmendoza.com\/index.php?rest_route=\/wp\/v2\/posts\/5988"}],"collection":[{"href":"https:\/\/pasaenmendoza.com\/index.php?rest_route=\/wp\/v2\/posts"}],"about":[{"href":"https:\/\/pasaenmendoza.com\/index.php?rest_route=\/wp\/v2\/types\/post"}],"author":[{"embeddable":true,"href":"https:\/\/pasaenmendoza.com\/index.php?rest_route=\/wp\/v2\/users\/2"}],"replies":[{"embeddable":true,"href":"https:\/\/pasaenmendoza.com\/index.php?rest_route=%2Fwp%2Fv2%2Fcomments&post=5988"}],"version-history":[{"count":1,"href":"https:\/\/pasaenmendoza.com\/index.php?rest_route=\/wp\/v2\/posts\/5988\/revisions"}],"predecessor-version":[{"id":5990,"href":"https:\/\/pasaenmendoza.com\/index.php?rest_route=\/wp\/v2\/posts\/5988\/revisions\/5990"}],"wp:featuredmedia":[{"embeddable":true,"href":"https:\/\/pasaenmendoza.com\/index.php?rest_route=\/wp\/v2\/media\/5989"}],"wp:attachment":[{"href":"https:\/\/pasaenmendoza.com\/index.php?rest_route=%2Fwp%2Fv2%2Fmedia&parent=5988"}],"wp:term":[{"taxonomy":"category","embeddable":true,"href":"https:\/\/pasaenmendoza.com\/index.php?rest_route=%2Fwp%2Fv2%2Fcategories&post=5988"},{"taxonomy":"post_tag","embeddable":true,"href":"https:\/\/pasaenmendoza.com\/index.php?rest_route=%2Fwp%2Fv2%2Ftags&post=5988"}],"curies":[{"name":"wp","href":"https:\/\/api.w.org\/{rel}","templated":true}]}}