{"id":5991,"date":"2024-03-08T21:33:03","date_gmt":"2024-03-08T20:33:03","guid":{"rendered":"https:\/\/pasaenmendoza.com\/?p=5991"},"modified":"2024-03-08T21:33:04","modified_gmt":"2024-03-08T20:33:04","slug":"por-el-dia-internacional-de-la-mujer-hay-marchas-conferencias-y-hasta-asueto-para-algunas-trabajadoras","status":"publish","type":"post","link":"https:\/\/pasaenmendoza.com\/?p=5991","title":{"rendered":"Por el D\u00eda Internacional de la Mujer hay marchas, conferencias y hasta asueto para algunas trabajadoras"},"content":{"rendered":"\n<p>La agenda por el\u00a0<strong>D\u00eda Internacional de la Mujer<\/strong>\u00a0cada a\u00f1o viene m\u00e1s recargada y variada. El colectivo\u00a0<strong>Ni una menos<\/strong>\u00a0convoc\u00f3 a una movilizaci\u00f3n para este\u00a0<strong>viernes a las 18.30 en el Kil\u00f3metro Cero<\/strong>, en lo que ser\u00e1 el epicentro de una serie de actividades que se har\u00e1n sentir en toda la provincia.<\/p>\n\n\n\n<p>Este a\u00f1o, por otro lado, l<strong>a marcha se produce en un contexto particular<\/strong>, frente a un gobierno nacional cuyos principales referentes -el Presidente entre ellos- se expresan\u00a0<strong>abiertamente en contra de la despenalizaci\u00f3n del aborto<\/strong>\u00a0y en el marco de una\u00a0<strong>crisis social<\/strong>\u00a0en la que m\u00e1s del 50% de los argentinos est\u00e1 por debajo de la l\u00ednea de pobreza.<\/p>\n\n\n\n<h2 class=\"wp-block-heading\">Mujeres que educan<\/h2>\n\n\n\n<p>Los gobiernos locales se han hecho eco de la jornada y prepararon diversas actividades. La Provincia lanz\u00f3 la distinci\u00f3n&nbsp;<strong>Mujeres que Educan 2024<\/strong>, Godoy Cruz convoc\u00f3 a&nbsp;<strong>Mujeres Notables 2024<\/strong>, Ciudad de Mendoza reivindica a&nbsp;<strong>mujeres de su historia<\/strong>&nbsp;y en Malarg\u00fce y otras comunas las trabajadoras municipales tienen&nbsp;<strong>asueto<\/strong>.<\/p>\n\n\n\n<p>Como se apunt\u00f3, la subsecretar\u00eda de Educaci\u00f3n de la provincia convoc\u00f3 a docentes de todos los niveles y modalidades del sistema educativo a participar del reconocimiento&nbsp;<strong>Mujeres que Educan 2024<\/strong>. La idea es que las escuelas postulen a&nbsp;<strong>docentes mujeres<\/strong>&nbsp;que se destaquen por su participaci\u00f3n dentro de la comunidad educativa y que realizan acciones equitativas e igualitarias de derechos para todas las personas. Esta iniciativa se viene desarrollando desde el 2022.<\/p>\n\n\n\n<p>En el Honorable Concejo Deliberante de Godoy Cruz se lanz\u00f3 a las 10 la convocatoria para destacar a las\u00a0<strong>Mujeres Notables 2024<\/strong>. Tambi\u00e9n se realizar\u00e1 un nuevo reconocimiento a la figura de\u00a0<strong>Olaya Pescara de Tomba<\/strong>\u00a0por su invaluable labor social en la comunidad godoycruce\u00f1a. A esto la comuna suma talleres de empleabilidad y muestras culturales durante el resto del mes, acciones que buscan\u00a0<strong>&#8220;conmemorar, reconocer y empoderar a las mujeres en sociedad&#8221;<\/strong>, afirman desde el municipio.<\/p>\n\n\n\n<p>La Ciudad de Mendoza, en tanto, ofrece la propuesta&nbsp;<strong>Mujeres Hist\u00f3ricas<\/strong>, en el marco de este Mes de la Mujer. Este a\u00f1o, el museo Casa de San Mart\u00edn es sede de una conferencia doble que abarca dos tem\u00e1ticas relacionadas al g\u00e9nero: los relatos hist\u00f3ricos y la arqueolog\u00eda. La invitaci\u00f3n es para las 20 horas y la entrada es&nbsp;<strong>gratuita&nbsp;<\/strong>con cupo limitado por la capacidad de la sala.<\/p>\n\n\n\n<p>En tanto, este a\u00f1o&nbsp;<strong>la Municipalidad de Malarg\u00fce decidi\u00f3 declarar asueto administrativo para sus empleadas<\/strong>, en conmemoraci\u00f3n del D\u00eda Internacional de la Mujer y dando as\u00ed cumplimiento a la ordenanza N\u00b0 2.120\/2021 del Concejo Deliberante malarg\u00fcino. Esta medida la han tomado otros municipios en otros a\u00f1os, como el de Las Heras, y es probable que algunos repitan la medida.<\/p>\n\n\n\n<p>Lo mismo ocurre en la\u00a0<strong>UNCuyo<\/strong>, donde se justificar\u00e1 la inasistencia de las trabajadoras. Algunas dependencias, adem\u00e1s, suspender\u00e1n las actividades acad\u00e9micas y administrativas a partir de las 13.<\/p>\n\n\n\n<h2 class=\"wp-block-heading\">M\u00fasica, danza y ferias por el D\u00eda Internacional de la Mujer<\/h2>\n\n\n\n<p>Se trasladan al fin de semana y al resto del mes diferentes propuestas art\u00edsticas y culturales pensadas para la mujer, desde&nbsp;<strong>conciertos, muestras y espect\u00e1culos<\/strong>&nbsp;de danza hasta&nbsp;<strong>ferias de emprendedoras y un juego de escala humana<\/strong>.<\/p>\n\n\n\n<p><strong>La Orquesta Filarm\u00f3nica de Mendoza presentar\u00e1 el Concierto de Mujeres<\/strong>&nbsp;en el teatro Independencia. El s\u00e1bado 9, a las 21, ser\u00e1 el recital que re\u00fane a compositoras latinoamericanas en un repertorio orquestal. La entrada es&nbsp;<strong>gratuita&nbsp;<\/strong>y se consigue a trav\u00e9s de Entrada Web.<\/p>\n\n\n\n<p>Participar\u00e1n artistas con larga trayectoria musical en Argentina y el mundo. Entre ellas se encuentra&nbsp;<strong>Yeny Delgado<\/strong>, destacada directora de orquesta con una licenciatura con t\u00edtulo de oro en direcci\u00f3n orquestal de la Universidad de las Artes de La Habana, Cuba. Su extensa carrera incluye la direcci\u00f3n de orquestas en Cuba, Argentina, Chile, M\u00e9xico, Brasil y otros pa\u00edses.<\/p>\n\n\n\n<p>En el repertorio de artistas latinoamericanas tambi\u00e9n estar\u00e1&nbsp;<strong>Amanda Guerre\u00f1o<\/strong>, gran compositora y pianista argentina que fund\u00f3 grupos como Limay y M\u00fasica Ciudadana, su contribuci\u00f3n a la m\u00fasica ha sido distinguida con premios, reconocimientos y la edici\u00f3n de varias de sus obras.<\/p>\n\n\n\n<p><strong>Adriana Figueroa Ma\u00f1as<\/strong>, compositora uruguaya-argentina de m\u00fasica original sinf\u00f3nica y de c\u00e1mara y arregladora musical, tambi\u00e9n formar\u00e1 parte de este concierto de la Filarm\u00f3nica. A estas mujeres de la m\u00fasica se sumar\u00e1 la compositora cordobesa<strong>\u00a0Noelia Escalzo<\/strong>, y las solistas mendocinas\u00a0<strong>Andrea Yurcic<\/strong>\u00a0(fagot) y\u00a0<strong>Beatriz Plana<\/strong>\u00a0(flauta).<\/p>\n\n\n\n<p>En Godoy Cruz, este s\u00e1bado y domingo se desarrollar\u00e1 la<strong>&nbsp;Feria Nupra<\/strong>&nbsp;en Espacio Arizu, una oportunidad para disfrutar de m\u00e1s de 20 emprendimientos liderados por mujeres de la provincia. Contar\u00e1 con m\u00fasica en vivo de reconocidas artistas locales y una variada oferta gastron\u00f3mica. Tambi\u00e9n el s\u00e1bado, desde las 19, los amantes de las letras podr\u00e1n disfrutar de&nbsp;<strong>Mujeres en la Literatura<\/strong>, donde destacadas escritoras y poetas compartir\u00e1n sus obras en la Mediateca B+M.<\/p>\n\n\n\n<p>El arte y la danza tambi\u00e9n tendr\u00e1n su lugar este fin de semana con el\u00a0<strong>Seminario Danzas Tierras<\/strong>, se trata de un taller coreogr\u00e1fico dirigido a quienes deseen explorar su expresi\u00f3n a trav\u00e9s del movimiento, y tendr\u00e1 lugar en Florencia Finochietto Multiespacio. Tambi\u00e9n se pondr\u00e1 en marcha una\u00a0<strong>Muestra Colectiva<\/strong>\u00a0en el Crist\u00f3foro Colombo, este s\u00e1bado 9 a las 20, donde artistas locales exhibir\u00e1n sus obras.<\/p>\n\n\n\n<p><strong>Un juego a escala humana se ubicar\u00e1 en la<\/strong>&nbsp;<strong>plaza Independencia&nbsp;<\/strong>este s\u00e1bado a las 18, para invitar a quienes participen a reflexionar y a derribar mitos, estereotipos e ideas erradas. La &#8220;Muni&#8221; de Ciudad promocionar\u00e1 de este modo los&nbsp;<strong>derechos de las mujeres<\/strong>, sensibilizando sobre los roles actuales, los derechos adquiridos en el tiempo, los tipos de violencia a los que se enfrentan y las luchas que tienen por delante. El municipio adem\u00e1s dedicar\u00e1 las dos visitas nocturnas de este mes al Cementerio de Capital a&nbsp;<strong>&#8220;Cuyanas&#8221;<\/strong>, en homenaje a&nbsp;<strong>mujeres mendocinas que trascendieron&nbsp;<\/strong>a trav\u00e9s del tiempo y marcaron camino en diferentes \u00e1mbitos, como&nbsp;<strong>Blanca Dalla Torre Vicu\u00f1a, Jes\u00fas Cruz Vera, Narciza Araujo y Fidela Peacock<\/strong>.<\/p>\n\n\n\n<p>La Municipalidad de Luj\u00e1n de Cuyo ofrecer\u00e1 productos originales y de calidad a las vecinas en una nueva edici\u00f3n de&nbsp;<strong>Luj\u00e1n Natural, una feria saludable de artesanos y emprendedores que sumar\u00e1 una muestra especial por el D\u00eda de la Mujer, clases de yoga, charlas de salud y hasta un show de malambo femenino.<\/strong>&nbsp;El encuentro se realizar\u00e1 este viernes y s\u00e1bado en la Plaza Departamental San Mart\u00edn.<\/p>\n\n\n\n<h2 class=\"wp-block-heading\">\u00bfPor qu\u00e9 se celebra el D\u00eda Internacional de la Mujer?<\/h2>\n\n\n\n<p>El D\u00eda Internacional de la Mujer es reconocido en el mundo por ser el recordatorio de&nbsp;<strong>la lucha de un grupo de 129 obreras textiles que en 1857 fallecieron en un incendio provocado en la f\u00e1brica donde trabajaban, mientras realizaban una huelga.<\/strong><\/p>\n\n\n\n<p>Por lo tanto, la organizaci\u00f3n de las Naciones Unidas instituy\u00f3, a partir de 1977, el\u00a0<strong>8 de marzo<\/strong>\u00a0como una jornada hist\u00f3rica de lucha, reflexi\u00f3n y empat\u00eda hacia la importancia del papel de la mujer en todos los \u00e1mbitos de la vida.<\/p>\n\n\n\n<p><strong>Fuente: www.diariouno.com.ar<\/strong><\/p>\n","protected":false},"excerpt":{"rendered":"<p>La agenda por el\u00a0D\u00eda Internacional de la Mujer\u00a0cada a\u00f1o viene m\u00e1s recargada y variada. El colectivo\u00a0Ni una menos\u00a0convoc\u00f3 a una movilizaci\u00f3n para este\u00a0viernes a las 18.30 en el Kil\u00f3metro Cero, en lo que ser\u00e1 el epicentro de una serie de actividades que se har\u00e1n sentir en toda la provincia. Este a\u00f1o, por otro lado, la [&hellip;]<\/p>\n","protected":false},"author":2,"featured_media":5992,"comment_status":"open","ping_status":"open","sticky":false,"template":"","format":"standard","meta":[],"categories":[50],"tags":[],"_links":{"self":[{"href":"https:\/\/pasaenmendoza.com\/index.php?rest_route=\/wp\/v2\/posts\/5991"}],"collection":[{"href":"https:\/\/pasaenmendoza.com\/index.php?rest_route=\/wp\/v2\/posts"}],"about":[{"href":"https:\/\/pasaenmendoza.com\/index.php?rest_route=\/wp\/v2\/types\/post"}],"author":[{"embeddable":true,"href":"https:\/\/pasaenmendoza.com\/index.php?rest_route=\/wp\/v2\/users\/2"}],"replies":[{"embeddable":true,"href":"https:\/\/pasaenmendoza.com\/index.php?rest_route=%2Fwp%2Fv2%2Fcomments&post=5991"}],"version-history":[{"count":1,"href":"https:\/\/pasaenmendoza.com\/index.php?rest_route=\/wp\/v2\/posts\/5991\/revisions"}],"predecessor-version":[{"id":5993,"href":"https:\/\/pasaenmendoza.com\/index.php?rest_route=\/wp\/v2\/posts\/5991\/revisions\/5993"}],"wp:featuredmedia":[{"embeddable":true,"href":"https:\/\/pasaenmendoza.com\/index.php?rest_route=\/wp\/v2\/media\/5992"}],"wp:attachment":[{"href":"https:\/\/pasaenmendoza.com\/index.php?rest_route=%2Fwp%2Fv2%2Fmedia&parent=5991"}],"wp:term":[{"taxonomy":"category","embeddable":true,"href":"https:\/\/pasaenmendoza.com\/index.php?rest_route=%2Fwp%2Fv2%2Fcategories&post=5991"},{"taxonomy":"post_tag","embeddable":true,"href":"https:\/\/pasaenmendoza.com\/index.php?rest_route=%2Fwp%2Fv2%2Ftags&post=5991"}],"curies":[{"name":"wp","href":"https:\/\/api.w.org\/{rel}","templated":true}]}}