{"id":5996,"date":"2024-03-08T22:03:36","date_gmt":"2024-03-08T21:03:36","guid":{"rendered":"https:\/\/pasaenmendoza.com\/?p=5996"},"modified":"2024-03-08T22:03:37","modified_gmt":"2024-03-08T21:03:37","slug":"el-representante-de-las-clinicas-y-sanatorios-aseguro-que-el-sistema-de-salud-privado-esta-en-riesgo","status":"publish","type":"post","link":"https:\/\/pasaenmendoza.com\/?p=5996","title":{"rendered":"El representante de las cl\u00ednicas y sanatorios asegur\u00f3 que el sistema de salud privado est\u00e1 en riesgo"},"content":{"rendered":"\n<p>Jos\u00e9 Luis S\u00e1nchez Rivas, presidente de la\u00a0<strong>Asociaci\u00f3n de Cl\u00ednicas y Sanatorios (Aclysa)<\/strong>\u00a0describi\u00f3 la cr\u00edtica situaci\u00f3n que est\u00e1 pasando el\u00a0<strong>sistema de salud privado<\/strong>\u00a0en Mendoza.<\/p>\n\n\n\n<p>Seg\u00fan asegur\u00f3, las prestadoras privadas est\u00e1n en riesgo de desfinanciamiento, ya que, adem\u00e1s de la&nbsp;<strong>disminuci\u00f3n del 30% de la concurrencia de pacientes<\/strong>, tambi\u00e9n deben&nbsp;<strong>esperar entre 60 y 120 d\u00edas que las obras sociales y prepagas cancelen las pr\u00e1cticas<\/strong>, por lo que tienen que absorber el costo de la inflaci\u00f3n.<\/p>\n\n\n\n<p>Por otra parte, hay\u00a0<strong>mucha gente que se ha retirado\u00a0<\/strong>de la medicina prepaga y\u00a0<strong>se ha volcado al sistema p\u00fablico<\/strong>\u00a0de salud.<\/p>\n\n\n\n<p>Tambi\u00e9n una gran parte de los pacientes dej\u00f3<strong>&nbsp;de asistir al m\u00e9dico si la problem\u00e1tica no es de urgencia<\/strong>, desde que estos decidieron colocar un precio de base a las consultas ambulatorias, que hoy es de $13.500. Por esto, tambi\u00e9n se realizan menos estudios y pr\u00e1cticas.<\/p>\n\n\n\n<h2 class=\"wp-block-heading\">El sistema privado de salud en riesgo<\/h2>\n\n\n\n<p>El representante de las cl\u00ednicas y sanatorios manifest\u00f3 que de seguir as\u00ed, lo que se arriesga es directamente el sistema de salud privado.<\/p>\n\n\n\n<p>Si bien a\u00fan no ocurre en Mendoza, en otras provincias&nbsp;<strong>ya hay efectores que se est\u00e1n presentando en convocatoria o bien cerrando sus puertas.<\/strong><\/p>\n\n\n\n<p>\u201cNosotros \u2013por los due\u00f1os de cl\u00ednicas y sanatorios-\u00a0<strong>prefinanciamos las pr\u00e1cticas, porque para internar a un paciente y operarlo hay que hacer una inversi\u00f3n, que vamos a cobrar reci\u00e9n dentro de 60 d\u00edas\u201d<\/strong>, manifest\u00f3; y agreg\u00f3 que mientras esto sucede, \u201cmuchos financiadores miran para otro lado\u201d.<\/p>\n\n\n\n<h2 class=\"wp-block-heading\">El sector p\u00fablico de salud cada vez con m\u00e1s pacientes<\/h2>\n\n\n\n<p>As\u00ed como la&nbsp;<strong>ca\u00edda en el sector de medicina privada es del 30%,<\/strong>&nbsp;el incremento de concurrencia en el sector p\u00fablico es del 15%.<\/p>\n\n\n\n<p>El director de Aclysa tambi\u00e9n explic\u00f3 que uno de los grandes problemas que tienen en las cl\u00ednicas y sanatorios es que las obras sociales&nbsp;<strong>pagan a 60, 90 y hasta a 120 d\u00edas.<\/strong><\/p>\n\n\n\n<p>Es decir que&nbsp;<strong>actualmente, est\u00e1n cancelando octubre, noviembre y diciembre.<\/strong>&nbsp;Esto provoca un descalce econ\u00f3mico, ya que las que tienen que absorber el costo de la inflaci\u00f3n son las&nbsp;<strong>cl\u00ednicas privadas.<\/strong><\/p>\n\n\n\n<h2 class=\"wp-block-heading\">Aumentos de hasta 2.000% en remedios e insumos<\/h2>\n\n\n\n<p>S\u00e1chez Rivas puntualiz\u00f3 que la gran mayor\u00eda de insumos y medicamentos se consiguen en d\u00f3lares, o bien, tienen una parte de su costo dolarizada.<\/p>\n\n\n\n<p><strong>Desde la devaluaci\u00f3n que realiz\u00f3 Javier Milei a los pocos d\u00edas de asumir la presidencia, algunos de estos f\u00e1rmacos aumentaron desde el 300% hasta el 2.000%.<\/strong><\/p>\n\n\n\n<p>Es decir que si se utilizaron medicamentos o insumos muy costosos en una pr\u00e1ctica m\u00e9dica que se realiz\u00f3 tres meses atr\u00e1s,\u00a0<strong>hoy no se pueden reponer<\/strong>\u00a0si no es a costa de perder dinero. \u201cEsto produce un cuello de botella muy importante\u201d, sostuvo el director de Aclysa.<\/p>\n\n\n\n<h2 class=\"wp-block-heading\">Consecuencias en la salud de la poblaci\u00f3n<\/h2>\n\n\n\n<p>Las consecuencias de que la&nbsp;<strong>cadena de prevenci\u00f3n y detecci\u00f3n temprana de las problem\u00e1ticas de salud se corte van a repercutir en un futuro pr\u00f3ximo.<\/strong><\/p>\n\n\n\n<p>S\u00e1nchez Rivas manifest\u00f3 que&nbsp;<strong>lo que se pone en riesgo es la salud de la poblaci\u00f3n<\/strong>, ya que el sistema de salud p\u00fablica saturado no puede responder a la demanda.<\/p>\n\n\n\n<p><strong>La gente asiste por urgencias. Las pr\u00e1cticas programadas han bajado porque al haber menos consulta, tambi\u00e9n se programan menos cirug\u00edas<\/strong><\/p>\n\n\n\n<p>El m\u00e9dico se\u00f1al\u00f3 que dos de las especialidades que m\u00e1s se han visto afectadas son las de\u00a0<strong>traumatolog\u00eda\u00a0<\/strong>y\u00a0<strong>cardiovascular<\/strong>. En este \u00faltimo caso, tiene que ver con que en los \u00faltimos d\u00edas del 2023, no se consegu\u00edan muchos de los insumos necesarios.<\/p>\n\n\n\n<p><strong>Fuente: www.diariouno.com.ar<\/strong><\/p>\n","protected":false},"excerpt":{"rendered":"<p>Jos\u00e9 Luis S\u00e1nchez Rivas, presidente de la\u00a0Asociaci\u00f3n de Cl\u00ednicas y Sanatorios (Aclysa)\u00a0describi\u00f3 la cr\u00edtica situaci\u00f3n que est\u00e1 pasando el\u00a0sistema de salud privado\u00a0en Mendoza. Seg\u00fan asegur\u00f3, las prestadoras privadas est\u00e1n en riesgo de desfinanciamiento, ya que, adem\u00e1s de la&nbsp;disminuci\u00f3n del 30% de la concurrencia de pacientes, tambi\u00e9n deben&nbsp;esperar entre 60 y 120 d\u00edas que las obras [&hellip;]<\/p>\n","protected":false},"author":2,"featured_media":5997,"comment_status":"open","ping_status":"open","sticky":false,"template":"","format":"standard","meta":[],"categories":[58],"tags":[],"_links":{"self":[{"href":"https:\/\/pasaenmendoza.com\/index.php?rest_route=\/wp\/v2\/posts\/5996"}],"collection":[{"href":"https:\/\/pasaenmendoza.com\/index.php?rest_route=\/wp\/v2\/posts"}],"about":[{"href":"https:\/\/pasaenmendoza.com\/index.php?rest_route=\/wp\/v2\/types\/post"}],"author":[{"embeddable":true,"href":"https:\/\/pasaenmendoza.com\/index.php?rest_route=\/wp\/v2\/users\/2"}],"replies":[{"embeddable":true,"href":"https:\/\/pasaenmendoza.com\/index.php?rest_route=%2Fwp%2Fv2%2Fcomments&post=5996"}],"version-history":[{"count":1,"href":"https:\/\/pasaenmendoza.com\/index.php?rest_route=\/wp\/v2\/posts\/5996\/revisions"}],"predecessor-version":[{"id":5998,"href":"https:\/\/pasaenmendoza.com\/index.php?rest_route=\/wp\/v2\/posts\/5996\/revisions\/5998"}],"wp:featuredmedia":[{"embeddable":true,"href":"https:\/\/pasaenmendoza.com\/index.php?rest_route=\/wp\/v2\/media\/5997"}],"wp:attachment":[{"href":"https:\/\/pasaenmendoza.com\/index.php?rest_route=%2Fwp%2Fv2%2Fmedia&parent=5996"}],"wp:term":[{"taxonomy":"category","embeddable":true,"href":"https:\/\/pasaenmendoza.com\/index.php?rest_route=%2Fwp%2Fv2%2Fcategories&post=5996"},{"taxonomy":"post_tag","embeddable":true,"href":"https:\/\/pasaenmendoza.com\/index.php?rest_route=%2Fwp%2Fv2%2Ftags&post=5996"}],"curies":[{"name":"wp","href":"https:\/\/api.w.org\/{rel}","templated":true}]}}