{"id":6008,"date":"2024-03-11T13:17:10","date_gmt":"2024-03-11T12:17:10","guid":{"rendered":"https:\/\/pasaenmendoza.com\/?p=6008"},"modified":"2024-03-11T13:17:12","modified_gmt":"2024-03-11T12:17:12","slug":"pases-de-factura-el-ministro-que-metio-la-pata-y-la-interna-del-pro","status":"publish","type":"post","link":"https:\/\/pasaenmendoza.com\/?p=6008","title":{"rendered":"Pases de factura, el ministro que meti\u00f3 la pata y la interna del PRO"},"content":{"rendered":"\n<p>Antes de ir a la cancha a ver al Tomba, uno de los amigos pregunt\u00f3 en el grupo si no pintaba juntada a la salida, en un barcito de la Quinta Secci\u00f3n, esos que quedan al paso a medida que uno se va alejando del Malvinas Argentinas. Con poca se\u00f1al y sin certezas sobre si la invitaci\u00f3n hab\u00eda prendido, de lejos ya divis\u00f3 al Ruso, el economista y calculador, en una mesa sobre la vereda, aprovechando los 59 grados de t\u00e9rmica que a\u00fan hay en Mendoza. &#8220;Mil ochocientos sesenta y cinco metros, multiplicado 5, o mejor por 5, me da m\u00e1s de 50.000 mil, comparado con un par de cuadras&#8230;&#8221;.<\/p>\n\n\n\n<p>-\u00bfQu\u00e9 est\u00e1s haciendo Ruso?<\/p>\n\n\n\n<p><strong>-Estoy sacando cuentas.<\/strong><\/p>\n\n\n\n<p>-S\u00ed, lo not\u00e9. \u00bfPero de qu\u00e9?<\/p>\n\n\n\n<p>-M\u00e1s temprano anduve por el<strong>&nbsp;Lago del Parque&nbsp;<\/strong>viendo el vuelo rasante de los&nbsp;<strong>aviones<\/strong>&nbsp;Pampa y los&nbsp;<strong>helic\u00f3pteros<\/strong>, el evento que organizaba Regatas, me invit\u00f3 un amigo de la Fuerza A\u00e9rea.<\/p>\n\n\n\n<p>-Hermoso todo, \u00bfy la cuenta?<\/p>\n\n\n\n<p>-Ah, s\u00ed. Estaba lleno de gente. Alrededor del lago no cab\u00eda nadie m\u00e1s. Impresionante. Entonces, estaba sacando la cuenta de la cantidad de personas que habr\u00eda. El lago tiene un per\u00edmetro de un poco menos de dos kil\u00f3metros, y hab\u00eda hasta cinco o m\u00e1s personas en fila, o m\u00e1s. Entonces, calcul\u00e9 60.000 personas o m\u00e1s, lo mismo que me dijeron de la Fuerza A\u00e9rea.<\/p>\n\n\n\n<p>-M\u00e1s que hermoso, una belleza todo. \u00a1\u00bfPero por qu\u00e9 te enrosc\u00e1s tanto con la gente que fue?<\/p>\n\n\n\n<p>-Porque con dos pesos con cincuenta,&nbsp;<strong>un club de Mendoza te junt\u00f3 m\u00e1s gente que el Carrusel de la Vendimia<\/strong>. Para m\u00ed es toda una se\u00f1al:&nbsp;<strong>la gente est\u00e1 re podrida<\/strong>&nbsp;de ver pasar un carrito atr\u00e1s del otro, caballos que van &#8220;echando guano&#8221; en la calle, reinas tirando uvas o melones&#8230; y cuando le ofrec\u00e9s algo distinto, qu\u00e9 dicho sea de paso est\u00e1 buen\u00edsimo, se prende.<\/p>\n\n\n\n<p>&#8211;<strong>Yo estoy re podrido<\/strong>&nbsp;de ir a la cancha y que se pudra en el ingreso.<\/p>\n\n\n\n<p>-\u00bfPero vos no vas a la platea?<\/p>\n\n\n\n<p>-S\u00ed, platea descubierta. Ten\u00e9s que entrar por el mismo lugar que se ingresa a la Popular Sur. Uno entiende que hagan cosas novedosas para evitar que se cuelen los que no tienen entradas, pero al final terminamos pas\u00e1ndola mal todos.<\/p>\n\n\n\n<p>El pataleo de Kicillof, la risa c\u00f3mplice de Casado y el 2&#215;1 de Cornejo en Buenos Aires<\/p>\n\n\n\n<p>Ya con los cuatro amigos en la mesa, y unas pintas de cerveza en mano, el Omar, el radical del grupete, quer\u00eda saber qu\u00e9 hab\u00eda hecho la gobernadora interina el viernes pasado en Buenos Aires, adonde fue para representar a Mendoza en la reuni\u00f3n de gobernadores con el Gobierno nacional. Nadie mejor que Ludovico, el del PRO, para contar algunos detalles de su madrina pol\u00edtica.<\/p>\n\n\n\n<p>-\u00bfQu\u00e9 sab\u00e9s de la reuni\u00f3n? \u00bfC\u00f3mo estuvo la Hebe Casado reemplazando el Alfredo? -pregunt\u00f3 el Omar-.<\/p>\n\n\n\n<p>-Excelente.<\/p>\n\n\n\n<p>-Jajaja. Vos porque sos amarillo, como ella.<\/p>\n\n\n\n<p>-Hablando en serio. Fue una reuni\u00f3n de cuatro horas que no se interrumpi\u00f3 ni para salir a fumar.\u00a0<strong>La Hebe se sent\u00f3 entre el Rolando Figueroa de Neuqu\u00e9n y el Carlos Sadir de Jujuy<\/strong>, y no fue la \u00fanica mujer porque Pullaro, que tiene algunos quilombitos en Santa Fe, mand\u00f3 a la vice, y lo mismo hizo Quintela, que se debe haber quedado en La Rioja imprimiendo &#8220;Chachos&#8221;.<\/p>\n\n\n\n<p>-\u00bfY fue todo paz y armon\u00eda?<\/p>\n\n\n\n<p>-En t\u00e9rminos generales s\u00ed, pero algunas provincias se mantuvieron firmes en sus reclamos. Por ejemplo,&nbsp;<strong>las patag\u00f3nicas no est\u00e1n de acuerdo con lo del Impuesto a las Ganancias, y se les sumaron C\u00f3rdoba y Buenos Aires.<\/strong><\/p>\n\n\n\n<p>-Hablando de Buenos Aires,<strong>&nbsp;\u00bfqu\u00e9 onda Axel?<\/strong><\/p>\n\n\n\n<p><strong>-Pas\u00f3 algo gracioso<\/strong>. En un momento,&nbsp;<strong>Kicillof<\/strong>&nbsp;reclam\u00f3 que Naci\u00f3n le diera guita para terminar&nbsp;<strong>1.000 obras con fondos nacionales<\/strong>. Ah\u00ed se miraron la&nbsp;<strong>Hebe, Figueroa y el juje\u00f1o<\/strong>, que estaban sentados juntos, y&nbsp;<strong>empezaron a re\u00edrse<\/strong>&nbsp;y hablar por lo bajo, diciendo que&nbsp;<strong>eso nunca les pas\u00f3.<\/strong><\/p>\n\n\n\n<p>-No entend\u00ed.<\/p>\n\n\n\n<p>-\u00bf\u00bf\u00bfQu\u00e9 otra provincia tuvo en los \u00faltimos cuatro a\u00f1os 1.000 obras con fondos nacionales??? En Mendoza con suerte deben ser 10, con mucha suerte.<\/p>\n\n\n\n<p>-Ahhhhhh. Ahora entend\u00ed&#8230; Jajaja&#8230;&nbsp;<strong>\u00bfY la Hebe habl\u00f3? \u00bfQu\u00e9 dijo?<\/strong><\/p>\n\n\n\n<p>&#8211;<strong>Habl\u00f3<\/strong>, porque tiene esa<strong>\u00a0hermosa cualidad<\/strong>&#8230; Palabras m\u00e1s, palabras menos,\u00a0<strong>fue una versi\u00f3n resumida del discurso que dio Cornejo en el Desayuno de la Coviar<\/strong>. Dijo que Mendoza estaba para acompa\u00f1ar, que quer\u00eda que Argentina funcione mejor y que no pod\u00edan perderse otros cuatro a\u00f1os.<\/p>\n\n\n\n<p>-Bien. Ahora va\u00a0<strong>el Alfredo para Buenos Aires<\/strong>\u00a0y hace dos por uno -aport\u00f3 el Omar-. Tiene que hablar en la\u00a0<strong>Amcham<\/strong>, el evento anual de la C\u00e1mara de Comercio de Estados Unidos, y\u00a0<strong>se re\u00fane con Posse y Francos<\/strong>, y los otros gobernadores de Cuyo, por lo mismo del viernes: paquete fiscal, Ley Bases, Pacto de Mayo, etc\u00e9tera. Y m\u00e1s all\u00e1 de la mesa con ministros de Hacienda, tambi\u00e9n incluir\u00e1n a los legisladores nacionales. No quieren que les pase lo mismo que la otra vez:\u00a0<strong>quieren presentar una Ley \u00d3mnibus que ya est\u00e9 pulida y consensuada con la mayor\u00eda, sin necesidad de cambios<\/strong>.<\/p>\n\n\n\n<p>-Exacto -asinti\u00f3 Ludovico-. Una cosita m\u00e1s de la reuni\u00f3n del viernes:&nbsp;<strong>estuvo el sanjuanino Orrego<\/strong>, que tambi\u00e9n hab\u00eda ido a la feria minera de Toronto. \u00bfQu\u00e9 le habr\u00e1 pasado a Cornejo que no lleg\u00f3?<\/p>\n\n\n\n<p>&#8211;<strong>Para Orrego es palo y a la bolsa. El Alfredo ten\u00eda que remarla en dulce de leche<\/strong>, tuvo mucha m\u00e1s actividad en Canad\u00e1, lo que le demand\u00f3 m\u00e1s tiempo.<\/p>\n\n\n\n<p>(&#8230;)<\/p>\n\n\n\n<p>Pases de factura por el turismo<\/p>\n\n\n\n<p>El Flaco Dani, el peronista del grupo, pas\u00f3 a ser en el \u00faltimo tiempo m\u00e1s espectador que protagonista. Adem\u00e1s de suspenderse las reuniones en el quincho de su propiedad, poco tiene para aportar de un partido que parece estar en stand\u00a0 by, sin precisiones sobre cu\u00e1ndo se reactivar\u00e1. De hecho, prefiere eludir -y que nadie le recuerde- que\u00a0la principal propuesta que hizo el peronismo en el \u00faltimo mes fue pedir la presencia de Gendarmer\u00eda en el Gran Mendoza,\u00a0replicando aquella medida de Cobos. S\u00ed, reclamando algo que aplic\u00f3 un radical y que poco tiene de progresista. Entonces, aprovecha la reuni\u00f3n para cosas personales.<\/p>\n\n\n\n<p>-Ruso, vos que te manej\u00e1s con el tel\u00e9fono, \u00bfno te fij\u00e1s si pod\u00e9s sacarme un pasaje en Aerol\u00edneas a Buenos Aires? Tengo que solucionar unas cosas en el sindicato y tengo un &#8220;pierna&#8221; en la Capital.<\/p>\n\n\n\n<p>-S\u00ed, ah\u00ed me fijo. Seguro hay, cada vez ten\u00e9s m\u00e1s vuelos y conexiones con Mendoza. Dentro de poco vamos a ser el Frankfurt de Am\u00e9rica Latina. \u00bfO no? -pregunt\u00f3 el Ruso, mirando al Omar, el radical de la mesa-.<\/p>\n\n\n\n<p>-S\u00ed, no hay dudas&#8230; El otro d\u00eda se habilit\u00f3 otra ruta directa a Santiago de Chile. Cada vez m\u00e1s extranjeros. Seguimos con los vuelos a Buenos Aires a pleno. Una maravilla.<\/p>\n\n\n\n<p>-Che, un amigo de la gesti\u00f3n anterior, le puso un asterisco a eso que cont\u00e1s -se meti\u00f3 Ludovico-.<\/p>\n\n\n\n<p>-\u00bfPor?<\/p>\n\n\n\n<p>-Por la&nbsp;<strong>ca\u00edda de vuelos diarios de Aerol\u00edneas Argentinas entre Mendoza y Buenos Aires<\/strong>. Creo que llegaron a tener 14 el a\u00f1o pasado, y ahora son 8 por d\u00eda. Supuestamente son vuelos que siempre vienen llenos y no pod\u00e9s perder frecuencias. Qu\u00e9 s\u00e9 yo. Es lo que dicen los anteriores&#8230;<\/p>\n\n\n\n<p>-Y&#8230; surgen algunos celos entre correligionarios -admiti\u00f3 el Omar-. A lo mejor los anteriores ten\u00edan mejor llegada con la gente de Aerol\u00edneas, no s\u00e9. Igual es un asterisquito, me parece.&nbsp;<strong>Hay cosas que me preocupan m\u00e1s.<\/strong><\/p>\n\n\n\n<p>El ministro que meti\u00f3 la pata<\/p>\n\n\n\n<p>-\u00bfAh s\u00ed? \u00bfComo qu\u00e9?<\/p>\n\n\n\n<p>-Cosas que son menores, pero que no tendr\u00edan que pasar&#8230; El otro d\u00eda, cuando vino\u00a0Victoria Villarruel, la vicepresidenta, a Mendoza, pas\u00f3 a ver el Memorial de la Bandera y tuvo una reuni\u00f3n en Casa de Gobierno con la vicegobernadora y un grupo de funcionarios.<\/p>\n\n\n\n<p>-\u00bfY qu\u00e9 pas\u00f3?<\/p>\n\n\n\n<p>-En un momento,&nbsp;<strong>el ministro Vargas Arizu le dijo a Villarruel que en Mendoza no est\u00e1bamos satisfechos con la elecci\u00f3n del embajador en Chile<\/strong>, \u00a1que es ni m\u00e1s ni menos que&nbsp;<strong>Jorge Faurie<\/strong>!&nbsp;<\/p>\n\n\n\n<p>-\u00bfEn serio?<\/p>\n\n\n\n<p>-S\u00ed.&nbsp;<strong>Tir\u00f3 que el embajador en Chile tiene que ser mendocino<\/strong>, la t\u00edpica. Despu\u00e9s, no s\u00e9 si se dio cuenta de que estaba metiendo la pata, pero quiso arreglarla elogiando a Faurie. Pero decirle a una vicepresidenta que Mendoza est\u00e1 en contra de una designaci\u00f3n que incumbe al presidente Milei y a ella como jefa del Senado, que es donde se aprueban los pliegos de embajadores, me parece totalmente innecesario. Sobre todo porque ya est\u00e1 elegido y tenemos que llevarnos recontra bien con Faurie y gestionar junto a \u00e9l, entre otras cosas, la inserci\u00f3n de la producci\u00f3n mendocina en Chile. Justo apareci\u00f3 el ministro de la Producci\u00f3n y dijo lo que dijo&#8230;<\/p>\n\n\n\n<p>(&#8230;)<\/p>\n\n\n\n<p>La interna del PRO en Mendoza<\/p>\n\n\n\n<p>-\u00bfCu\u00e1ndo van a tener presidente? -le preguntaron a Ludovico, el del PRO-.<\/p>\n\n\n\n<p>-Como dir\u00eda Cristina en el acto del Luna Park:&nbsp;<strong>PresidentA.&nbsp;<\/strong><\/p>\n\n\n\n<p>-\u00bfTanta fe le ten\u00e9s a tu vicegobernadora?<\/p>\n\n\n\n<p>-Es que, como les vengo diciendo, la otra candidata va a ser la&nbsp;<strong>Sol Salinas<\/strong>, con el respaldo a las sombras del Tintura, que de un d\u00eda para otro sali\u00f3 a hablar por todos lados y se reactiv\u00f3 en las redes sociales, otra vez apuntando contra el Gobierno de Mendoza. Si algo hay que reconocerle, es la enorme capacidad para reinventarse y hacerse el boludo de los Orozcos de la vida que lo acompa\u00f1aron.<\/p>\n\n\n\n<p>-Imagino que si hay interna, gana la Hebe caminando.<\/p>\n\n\n\n<p>-Deber\u00eda, pero es muy arriesgado lo que hizo. Es cierto que de una vez por todas tiene que ganar una interna y legitimarse como la l\u00edder del PRO, pero tambi\u00e9n es real que asume un riesgo siendo vicegobernadora. Por ah\u00ed podr\u00eda haber postulado a alguien m\u00e1s&#8230; No s\u00e9. Sobre todo porque en frente ten\u00e9s a los que se saben absolutamente todas las ma\u00f1as. Te cuento una: hay un grupo sure\u00f1o que se llama Libertador, que est\u00e1 lleno de gansos y algunos \u00f1oquis hist\u00f3ricamente vinculados al Tintura, que salieron a meter fichas a lo loco en el PRO&#8230; Igual pueden perder, como les pas\u00f3 en el 2011 con el PD, cuando les gan\u00f3 \u00a1el Roberto Pradines!<\/p>\n\n\n\n<p>-Nosotros que la vamos a ver de afuera, chochos. Va a estar entretenida la internita de ustedes&#8230;<\/p>\n\n\n\n<p>(&#8230;)<\/p>\n\n\n\n<p>Y ni bien se fue el Sol, los amigos partieron cada uno por su lado, algunos m\u00e1s apresurados que otros, con la idea de volver a juntarse en la semana, con varios temas que quedaron pendientes.<\/p>\n\n\n\n<p>FUENTE: Mendozapost.<\/p>\n","protected":false},"excerpt":{"rendered":"<p>Antes de ir a la cancha a ver al Tomba, uno de los amigos pregunt\u00f3 en el grupo si no pintaba juntada a la salida, en un barcito de la Quinta Secci\u00f3n, esos que quedan al paso a medida que uno se va alejando del Malvinas Argentinas. Con poca se\u00f1al y sin certezas sobre si [&hellip;]<\/p>\n","protected":false},"author":2,"featured_media":6009,"comment_status":"open","ping_status":"open","sticky":true,"template":"","format":"standard","meta":[],"categories":[47],"tags":[],"_links":{"self":[{"href":"https:\/\/pasaenmendoza.com\/index.php?rest_route=\/wp\/v2\/posts\/6008"}],"collection":[{"href":"https:\/\/pasaenmendoza.com\/index.php?rest_route=\/wp\/v2\/posts"}],"about":[{"href":"https:\/\/pasaenmendoza.com\/index.php?rest_route=\/wp\/v2\/types\/post"}],"author":[{"embeddable":true,"href":"https:\/\/pasaenmendoza.com\/index.php?rest_route=\/wp\/v2\/users\/2"}],"replies":[{"embeddable":true,"href":"https:\/\/pasaenmendoza.com\/index.php?rest_route=%2Fwp%2Fv2%2Fcomments&post=6008"}],"version-history":[{"count":1,"href":"https:\/\/pasaenmendoza.com\/index.php?rest_route=\/wp\/v2\/posts\/6008\/revisions"}],"predecessor-version":[{"id":6010,"href":"https:\/\/pasaenmendoza.com\/index.php?rest_route=\/wp\/v2\/posts\/6008\/revisions\/6010"}],"wp:featuredmedia":[{"embeddable":true,"href":"https:\/\/pasaenmendoza.com\/index.php?rest_route=\/wp\/v2\/media\/6009"}],"wp:attachment":[{"href":"https:\/\/pasaenmendoza.com\/index.php?rest_route=%2Fwp%2Fv2%2Fmedia&parent=6008"}],"wp:term":[{"taxonomy":"category","embeddable":true,"href":"https:\/\/pasaenmendoza.com\/index.php?rest_route=%2Fwp%2Fv2%2Fcategories&post=6008"},{"taxonomy":"post_tag","embeddable":true,"href":"https:\/\/pasaenmendoza.com\/index.php?rest_route=%2Fwp%2Fv2%2Ftags&post=6008"}],"curies":[{"name":"wp","href":"https:\/\/api.w.org\/{rel}","templated":true}]}}