{"id":6011,"date":"2024-03-11T13:24:24","date_gmt":"2024-03-11T12:24:24","guid":{"rendered":"https:\/\/pasaenmendoza.com\/?p=6011"},"modified":"2024-03-11T13:24:26","modified_gmt":"2024-03-11T12:24:26","slug":"cornejo-avalo-a-milei-pero-peleara-ganancias-polemicos-dietazos-y-la-voz-aislada-de-un-ministro","status":"publish","type":"post","link":"https:\/\/pasaenmendoza.com\/?p=6011","title":{"rendered":"Cornejo aval\u00f3 a Milei pero pelear\u00e1 Ganancias, pol\u00e9micos dietazos y la voz aislada de un ministro"},"content":{"rendered":"\n<p><strong>Tender\u00a0puentes con los gobernadores para construir mayor\u00edas parlamentarias<\/strong><a href=\"https:\/\/www.diariouno.com.ar\/politica\/la-discusion-los-gobernadores-se-trabo-ganancias-pero-se-acordo-avanzar-ley-omnibus-n1303118\">.<\/a>\u00a0Esa pol\u00edtica tradicional, que el presidente\u00a0<strong>Javier Milei\u00a0<\/strong>descalifica y niega cada vez que puede, es lo que ahora parece darle una luz al final de camino. Y\u00a0<strong>Alfredo Cornejo celebr\u00f3 que haya elegido acordar antes que volver a confrontar<\/strong>\u00a0y son de los primeros en avalar el gesto pol\u00edtico, aunque claro, ahora habr\u00e1 que ver qu\u00e9 dice la letra chica del acuerdo que propone Naci\u00f3n.<\/p>\n\n\n\n<p>En eso coincidieron este viernes a la noche Cornejo y Hebe Casado en la breve comunicaci\u00f3n que tuvieron cuando la vicegobernadora sali\u00f3 de la reuni\u00f3n de gobernadores a la que hab\u00eda convocado la Naci\u00f3n. Ella le confirm\u00f3 que\u00a0<strong>volv\u00eda a Mendoza con la propuesta de una nueva Ley \u00d3mnibus recortada, que ahora tiene 190 art\u00edculos, y otro paquete fiscal\u00a0<\/strong>modificado para desmenuzar. Firmar ambos ser\u00eda la condici\u00f3n para avanzar en el ya famoso Pacto de Mayo.<\/p>\n\n\n\n<p>&#8220;La sensaci\u00f3n fue que ahora en la Naci\u00f3n est\u00e1n abiertos al di\u00e1logo y que la mayor\u00eda de los gobernadores tiene voluntad de acordar&#8221;, habr\u00eda sintetizado Casado al describir el clima de la reuni\u00f3n que se extendi\u00f3 por m\u00e1s de 4 horas y le hizo perder el vuelo de regreso a Mendoza.<\/p>\n\n\n\n<p>Es que a todo intento de reconciliaci\u00f3n hay que dedicarle tiempo, y en esta tensa relaci\u00f3n de Naci\u00f3n y las provincias hab\u00eda que digerir reclamos de ambas partes. Y al parecer hay dolidos que a\u00fan no olvidan.<\/p>\n\n\n\n<p>En este barajar y dar de nuevo,<strong>&nbsp;los gobernadores aliados y dialoguistas -entre ellos Mendoza- volvieron a ocupar ese lugar<\/strong>, luego de la incomodidad que les gener\u00f3 haber quedado en medio de los insultos y amenazas que propin\u00f3 el presidente; y&nbsp;<strong>los opositores marcaron fuertes diferencias.<\/strong>&nbsp;En tanto que los&nbsp;<strong>mandatario de partidos provinciales y el peronista tucumano cercano a Milei, Osvaldo Jaldo, fueron los que inclinaron la balanza en pos de llegar a un consenso<\/strong>.<\/p>\n\n\n\n<p>Por su lado\u00a0<strong>Cornejo\u00a0<\/strong>desde Canad\u00e1 (de donde regres\u00f3 este domingo tras dedicar una semana a buscar inversores en miner\u00eda) activ\u00f3 a su equipo para que comenzara a\u00a0<strong>analizar c\u00f3mo le impactaba a Mendoza la nueva jugada de Milei<\/strong>. Sabe que no tendr\u00e1 mucho tiempo para el an\u00e1lisis pormenorizado porque entre\u00a0<strong>martes o mi\u00e9rcoles deber\u00e1 acudir a un nuevo llamado del ministro del Interior, Guillermo Francos<\/strong>, que est\u00e1 apurado a reunir a los gobernadores por regi\u00f3n, para ir juntando avales.<\/p>\n\n\n\n<p>Para esa reuni\u00f3n el mendocino ya deber\u00eda tener claro qu\u00e9 respalda y qu\u00e9 objeta de la nueva oferta de Naci\u00f3n.<\/p>\n\n\n\n<p>A primera vista<strong>&nbsp;la nueva versi\u00f3n de la Ley \u00d3mnibus no tendr\u00eda mayores objeciones de los mendocinos<\/strong>, porque similar -aunque acotada- a lo que efectivamente se acord\u00f3 y logr\u00f3 el dictamen de las comisiones en las que trabajaron dos diputados cornejistas, Lisandro Nieri y Pamela Verasay.<\/p>\n\n\n\n<p>El art\u00edculo primero, por ejemplo, que es el que define las emergencias en materia econ\u00f3mica, financiera, de seguridad, tarifaria, energ\u00e9tica y administrativa, y delega facultades al presidente Milei s\u00f3lo por un a\u00f1o y no por cuatro como pretend\u00eda el libertario en el texto original, ya tendr\u00eda el aval de los mendocinos.<\/p>\n\n\n\n<h2 class=\"wp-block-heading\">Con la lupa puesta en el paquete fiscal y la vuelta de Ganancias<\/h2>\n\n\n\n<p>M\u00e1s all\u00e1 de la Ley \u00d3mnibus, a los mendocinos les preocupa definir el paquete fiscal, sobre todo porque leen que en esta nueva versi\u00f3n la Naci\u00f3n ha quitado algunos puntos en los que hab\u00eda coincidencias.<\/p>\n\n\n\n<p>Est\u00e1n entre los que\u00a0<strong>avalan que se restituya el impuesto a las Ganancias que se coparticipa<\/strong>\u00a0y recuerdan que con la modificaci\u00f3n que implement\u00f3 Sergio Massa y que est\u00e1 vigente\u00a0<strong>Mendoza perdi\u00f3 hacia fines del 2023 el equivalente al pago de dos masas salariales<\/strong>\u00a0de empleados p\u00fablicos, suma que rond\u00f3 los $60.000 millones, y el c\u00e1lculo oficial era que de mantenerse as\u00ed,\u00a0<strong>en el 2024 las p\u00e9rdidas ser\u00edan de $170.000 millones.<\/strong><\/p>\n\n\n\n<p>Sin embargo, esa restituci\u00f3n est\u00e1 en discusi\u00f3n porque es justamente lo que divide aguas entre los gobernadores. Los del Sur del pa\u00eds y los del centro no quieren que regrese y la lista es variopinta. All\u00ed se inscriben los patag\u00f3nicos y los pares de Buenos Aires, La Pampa, Santa Fe y C\u00f3rdoba.<\/p>\n\n\n\n<p>Si bien\u00a0el equipo de Milei insiste en restituir Ganancias, esos gobernadores plantean otros mecanismos de compensaci\u00f3n como puede ser la coparticipaci\u00f3n del Impuesto Pa\u00eds o del Impuesto al Cheque.<\/p>\n\n\n\n<p>&#8220;El Impuesto Pa\u00eds no debe existir y deber\u00eda tener una vida corta, sobre todo si se piensa en sacar el cepo al d\u00f3lar. Pero el<strong>&nbsp;Impuesto a las Ganancias, progresivo claro, tiene que existir porque incide claramente en las arcas provinciales.<\/strong>&nbsp;Sabemos que es antip\u00e1tico tener Ganancias, pero los que se oponen lo hacen por puro populismo, porque es claro que si se restituye se benefician todas las provincias&#8221;, dispararon desde Mendoza y apuntaron a los gobernadores que se oponen.<\/p>\n\n\n\n<p>En el coraz\u00f3n del gobierno libertario tienen claro que es un tema sensible para las cuentas provinciales, pero que a la vez saben que sin acuerdo previo, cualquier proyecto de ley enviado desde el Poder Ejecutivo no podr\u00eda pasar el filtro de la C\u00e1mara de Diputados y eso es lo que pretenden consensuar.<\/p>\n\n\n\n<p>Para eso, esta misma semana&nbsp;<strong>Guillermo Francos pretende tambi\u00e9n reunir una especie de comisi\u00f3n de ministros de Hacienda provinciales para puntear la nueva propuesta<\/strong>. La pretensi\u00f3n es que este nuevo acuerdo llegue con consenso a la C\u00e1mara baja para que no se vuelva a empantanar como ocurri\u00f3 con la versi\u00f3n anterior.<\/p>\n\n\n\n<p>&#8220;Cuando llamen veremos qu\u00e9 plantean y qu\u00e9 proponemos nosotros&#8221;, contestaron con cautela desde Hacienda. Es que los referentes mendocinos viajaron a la reuni\u00f3n anterior con una alta expectativa y regresaron a Mendoza desanimados porque no hab\u00edan escuchado nada nuevo.<\/p>\n\n\n\n<h2 class=\"wp-block-heading\">En el Congreso nos rasgamos las vestiduras \u00bfy por casa?<\/h2>\n\n\n\n<p>La noticia que m\u00e1s bronca generalizada despert\u00f3 esta semana fue que los&nbsp;<strong>legisladores nacionales recibieran un aumento del 28% en sus dietas y que con ese dietazo terminaran cobrando m\u00e1s de $2 millones de bolsillo.<\/strong><\/p>\n\n\n\n<p>Con un agravante que sonaba a fuerte contradicci\u00f3n: los que\u00a0<strong>autorizaron esos aumentos eran los libertarios Mart\u00edn Menem, presidente de la C\u00e1mara de Diputados, y la vicepresidenta Victoria Villarruel<\/strong>, m\u00e1xima autoridad de la C\u00e1mara de Senadores, que parecieron fingir demencia y olvidarse repentinamente del slogan de Javier Milei de aplicar el recorte de motosierra contra la casta pol\u00edtica.<\/p>\n\n\n\n<p>Lejos de eso, Menem y Villarruel certificaron con sus firmas esos aumentos de los cuales ellos mismos se beneficiaban.<\/p>\n\n\n\n<p>Al menos fue as\u00ed hasta que el mismo Milei anunci\u00f3 que le hab\u00eda pedido a Menem que retrotrajera el aumento, quitando la cla\u00fasula por la cual los senadores y diputados quedaban enganchados a los aumentos que los empleados del Congreso consegu\u00edan en paritarias.<\/p>\n\n\n\n<p>&#8220;Que los pol\u00edticos voten a ver qu\u00e9 quieren hacer con las dietas y que queden expuestos ante la sociedad.&nbsp;<strong>Que no me vengan con que la est\u00e1n pasando mal&nbsp;<\/strong>porque hay much\u00edsima gente que la est\u00e1 pasando peor.&nbsp;<strong>El 60 % de la Argentina es pobre\u201d, argument\u00f3 el presidente, corri\u00e9ndose del lugar de pol\u00edtico.<\/strong><\/p>\n\n\n\n<p>Sin embargo, a s\u00f3lo 1.100 kil\u00f3metros del Congreso, en la Legislatura mendocina se repet\u00eda una situaci\u00f3n muy similar que pas\u00f3 desapercibida, o al menos no gener\u00f3 el mismo revuelo: los<strong>\u00a038 senadores y los 48 diputados ya recibieron un aumento del 20,8% y esperan otro 15% m\u00e1s en marzo.<\/strong>\u00a0Por tanto, el \u00faltimo bono de sueldo de los legisladores provinciales rond\u00f3 los $1.460.500 y a esa nada despreciable suma habr\u00e1 que adosarle el pr\u00f3ximo incremento de marzo.<\/p>\n\n\n\n<p>La explicaci\u00f3n que repitieron en la Casa de las Leyes es que por ley&nbsp;<strong>la dieta de los legisladores est\u00e1 enganchada con los salarios de los empleados legislativos, cuyos sueldos se definen en la paritaria de la administraci\u00f3n central que comanda ATE<\/strong>. A eso se suma que sus dietas se definen tomando como referencia que representan el 95% del salario del gobernador.<\/p>\n\n\n\n<p>Ahora bien, si eso manda la normativa, ellos ser\u00edan los indicados para modificarla, sobretodo teniendo en cuenta que la frase predilecta de estos d\u00edas, es que hay que recortar gastos y ajustar partidas. Sin embargo, no parecen demasiados inc\u00f3modos con esta situaci\u00f3n que los beneficia.<\/p>\n\n\n\n<p>Ante el freno que le puso el presidente, y como para no quedar off side, los senadores dem\u00f3cratas, socios de los libertarios en Mendoza delinean un proyecto para congelar las dietas de los legisladores, aunque a\u00fan estudian c\u00f3mo hacerlo &#8220;sin afectar los sueldos de las clases no pol\u00edticas&#8221;, aclararon. De igual manera, ese gesto a\u00fan est\u00e1 en estado embrionario y hasta este domingo no hab\u00eda ingresado a mesa de entradas.<\/p>\n\n\n\n<h2 class=\"wp-block-heading\">Montero y su rechazo a la desregulaci\u00f3n de las obras sociales<\/h2>\n\n\n\n<p>El ministro de Salud y Deportes,<strong>\u00a0Rodolfo Montero, dio la nota esta semana cuando se opuso a la desregulaci\u00f3n de las obras sociales<\/strong>, como lo dispone el Decreto de Necesidad y Urgencia (DNU) del presidente Javier Milei.<\/p>\n\n\n\n<p>El proyecto le permite a un afiliado de una obra social sindical<strong>\u00a0retirar todos los aportes y cambiar de cobertura,\u00a0<\/strong>pero el funcionario de Cornejo fue categ\u00f3rico y declar\u00f3<strong>: &#8220;Desfinancia el sistema&#8221;<\/strong>.<\/p>\n\n\n\n<p>De acuerdo a esas normas, cualquier beneficiario podr\u00e1 elegir libremente a qu\u00e9 obra social o prepaga destinar sus aportes, sin la obligatoriedad que reg\u00eda hasta ahora de permanecer un a\u00f1o en la obra social de la actividad al comenzar un nuevo empleo.<\/p>\n\n\n\n<p>Ante esa declaraci\u00f3n que pol\u00edticamente se ley\u00f3 como un inesperado desplante de un soldado de Cornejo a la propuesta de Naci\u00f3n, desde el mismo ministerio de Salud salieron a explicar que la queja de Montero se deb\u00eda a la mirada personal que tiene sobre ese sistema, pero que en nada afectaba al sistema sanitario mendocino, ni si quiera al a OSEP, la obra social de los empleados p\u00fablicos, que no entrar\u00eda en esta nueva regulaci\u00f3n.<\/p>\n\n\n\n<p>&#8220;Es su postura. \u00c9l sostiene que para las obras sociales nacionales el hecho de que los afiliados se lleven los aportes los de ingresos m\u00e1s altos hace que esa obra social quede desfinanciada. Pero igual eso ya pasaba, solo que hasta ahora ten\u00edan que dejar un 3% en la obra social. Ahora no deben dejar nada&#8221;, explicaron.<\/p>\n\n\n\n<p>FUENTE: Diariouno.com.ar <\/p>\n","protected":false},"excerpt":{"rendered":"<p>Tender\u00a0puentes con los gobernadores para construir mayor\u00edas parlamentarias.\u00a0Esa pol\u00edtica tradicional, que el presidente\u00a0Javier Milei\u00a0descalifica y niega cada vez que puede, es lo que ahora parece darle una luz al final de camino. Y\u00a0Alfredo Cornejo celebr\u00f3 que haya elegido acordar antes que volver a confrontar\u00a0y son de los primeros en avalar el gesto pol\u00edtico, aunque claro, [&hellip;]<\/p>\n","protected":false},"author":2,"featured_media":6012,"comment_status":"open","ping_status":"open","sticky":true,"template":"","format":"standard","meta":[],"categories":[47],"tags":[],"_links":{"self":[{"href":"https:\/\/pasaenmendoza.com\/index.php?rest_route=\/wp\/v2\/posts\/6011"}],"collection":[{"href":"https:\/\/pasaenmendoza.com\/index.php?rest_route=\/wp\/v2\/posts"}],"about":[{"href":"https:\/\/pasaenmendoza.com\/index.php?rest_route=\/wp\/v2\/types\/post"}],"author":[{"embeddable":true,"href":"https:\/\/pasaenmendoza.com\/index.php?rest_route=\/wp\/v2\/users\/2"}],"replies":[{"embeddable":true,"href":"https:\/\/pasaenmendoza.com\/index.php?rest_route=%2Fwp%2Fv2%2Fcomments&post=6011"}],"version-history":[{"count":1,"href":"https:\/\/pasaenmendoza.com\/index.php?rest_route=\/wp\/v2\/posts\/6011\/revisions"}],"predecessor-version":[{"id":6013,"href":"https:\/\/pasaenmendoza.com\/index.php?rest_route=\/wp\/v2\/posts\/6011\/revisions\/6013"}],"wp:featuredmedia":[{"embeddable":true,"href":"https:\/\/pasaenmendoza.com\/index.php?rest_route=\/wp\/v2\/media\/6012"}],"wp:attachment":[{"href":"https:\/\/pasaenmendoza.com\/index.php?rest_route=%2Fwp%2Fv2%2Fmedia&parent=6011"}],"wp:term":[{"taxonomy":"category","embeddable":true,"href":"https:\/\/pasaenmendoza.com\/index.php?rest_route=%2Fwp%2Fv2%2Fcategories&post=6011"},{"taxonomy":"post_tag","embeddable":true,"href":"https:\/\/pasaenmendoza.com\/index.php?rest_route=%2Fwp%2Fv2%2Ftags&post=6011"}],"curies":[{"name":"wp","href":"https:\/\/api.w.org\/{rel}","templated":true}]}}