{"id":6014,"date":"2024-03-11T20:38:22","date_gmt":"2024-03-11T19:38:22","guid":{"rendered":"https:\/\/pasaenmendoza.com\/?p=6014"},"modified":"2024-03-11T20:38:24","modified_gmt":"2024-03-11T19:38:24","slug":"aumentaron-los-casos-de-dengue-autoctono-en-el-gran-mendoza","status":"publish","type":"post","link":"https:\/\/pasaenmendoza.com\/?p=6014","title":{"rendered":"Aumentaron los casos de dengue aut\u00f3ctono en el Gran Mendoza"},"content":{"rendered":"\n<p>Mendoza no escapa al alerta epidemiol\u00f3gico por\u00a0<strong>dengue\u00a0<\/strong>del resto del pa\u00eds. M\u00e1s a\u00fan tras el marcado aumento de casos aut\u00f3ctonos que se dio en los \u00faltimos dos meses. Hasta este lunes, la situaci\u00f3n en la semana epidemiol\u00f3gica 10 arroja\u00a0<strong>31 casos de dengue aut\u00f3ctonos<\/strong>, o sea personas que se contagiaron sin haber viajado a zonas de circulaci\u00f3n viral.<\/p>\n\n\n\n<p>Esto de acuerdo al informe epidemiol\u00f3gico que dio a conocer el Ministerio de Salud de la Provincia, y que indica que del total de casos confirmados de dengue hasta el viernes pasado,&nbsp;<strong>48 casos fueron clasificados como importados<\/strong>&nbsp;(adquieren la infecci\u00f3n en otra provincia o pa\u00eds) y 27 casos no poseen antecedente de viaje (casos aut\u00f3ctonos). El foco de infecci\u00f3n est\u00e1 puesto sobre todo en el Gran Mendoza. Este lunes se sumaron cuatro casos aut\u00f3ctonos en el Sur provincial: tres en San Rafael y uno en General Alvear.<\/p>\n\n\n\n<p>Seg\u00fan el relevamiento, adem\u00e1s de las zonas sure\u00f1as de Mendoza las personas que contrajeron la enfermedad sin moverse de la provincia viven en los departamentos de\u00a0<strong>Guaymall\u00e9n, Godoy Cruz, Capital, Maip\u00fa, Las Heras y Luj\u00e1n de Cuyo<\/strong>. Y precisaron que los serotipos circulantes identificados corresponden a DEN-1 y DEN-2.<\/p>\n\n\n\n<p>En concreto, el reporte oficial suma que &#8220;se encuentra en proceso de investigaci\u00f3n&nbsp;<strong>un brote de dengue confirmado en algunas localidades de Guaymall\u00e9n y Godoy Cruz<\/strong>&nbsp;y se han reportado casos aut\u00f3ctonos en Capital, Maip\u00fa, Las Heras y Luj\u00e1n de Cuyo&#8221;.<\/p>\n\n\n\n<figure class=\"wp-block-image\"><img decoding=\"async\" src=\"https:\/\/media.diariouno.com.ar\/p\/4b21a8bb694cd7b6ad7e00bd1b0ea6bd\/adjuntos\/298\/imagenes\/009\/305\/0009305662\/1200x0\/smart\/dengue-cuadrojpg.jpg\" alt=\"Este cuadro comparativo se public\u00f3 el viernes pasado en la web del Ministerio de Salud de la Provincia.\" title=\"Este cuadro comparativo se public\u00f3 el viernes pasado en la web del Ministerio de Salud de la Provincia.\"\/><\/figure>\n\n\n\n<p>Este cuadro comparativo se public\u00f3 el viernes pasado en la web del Ministerio de Salud de la Provincia.<\/p>\n\n\n\n<p>Ante el incremento del n\u00famero de casos, la presencia de casos aut\u00f3ctonos de dengue (circulaci\u00f3n local del virus) y el desarrollo de brotes en el Gran Mendoza, desde el Ministerio de Salud &#8220;se insta a los equipos de salud a&nbsp;<strong>aumentar la sospecha cl\u00ednica, la identificaci\u00f3n de signos de alarma y el seguimiento adecuado de los casos<\/strong>&nbsp;para minimizar la ocurrencia de formas graves de la enfermedad&#8221;.<\/p>\n\n\n\n<p>A su vez, solicitan &#8220;verificar la preparaci\u00f3n de los servicios de salud para la atenci\u00f3n adecuada de los casos, implementar las acciones de aislamiento entomol\u00f3gico de los casos sospechosos y confirmados, realizar las acciones de control vectorial y difundir las medidas de prevenci\u00f3n en la comunidad&#8221;.<\/p>\n\n\n\n<p><strong>Fuente: www.diariouno.com.ar<\/strong><\/p>\n","protected":false},"excerpt":{"rendered":"<p>Mendoza no escapa al alerta epidemiol\u00f3gico por\u00a0dengue\u00a0del resto del pa\u00eds. M\u00e1s a\u00fan tras el marcado aumento de casos aut\u00f3ctonos que se dio en los \u00faltimos dos meses. Hasta este lunes, la situaci\u00f3n en la semana epidemiol\u00f3gica 10 arroja\u00a031 casos de dengue aut\u00f3ctonos, o sea personas que se contagiaron sin haber viajado a zonas de circulaci\u00f3n [&hellip;]<\/p>\n","protected":false},"author":2,"featured_media":6015,"comment_status":"open","ping_status":"open","sticky":false,"template":"","format":"standard","meta":[],"categories":[58],"tags":[],"_links":{"self":[{"href":"https:\/\/pasaenmendoza.com\/index.php?rest_route=\/wp\/v2\/posts\/6014"}],"collection":[{"href":"https:\/\/pasaenmendoza.com\/index.php?rest_route=\/wp\/v2\/posts"}],"about":[{"href":"https:\/\/pasaenmendoza.com\/index.php?rest_route=\/wp\/v2\/types\/post"}],"author":[{"embeddable":true,"href":"https:\/\/pasaenmendoza.com\/index.php?rest_route=\/wp\/v2\/users\/2"}],"replies":[{"embeddable":true,"href":"https:\/\/pasaenmendoza.com\/index.php?rest_route=%2Fwp%2Fv2%2Fcomments&post=6014"}],"version-history":[{"count":1,"href":"https:\/\/pasaenmendoza.com\/index.php?rest_route=\/wp\/v2\/posts\/6014\/revisions"}],"predecessor-version":[{"id":6016,"href":"https:\/\/pasaenmendoza.com\/index.php?rest_route=\/wp\/v2\/posts\/6014\/revisions\/6016"}],"wp:featuredmedia":[{"embeddable":true,"href":"https:\/\/pasaenmendoza.com\/index.php?rest_route=\/wp\/v2\/media\/6015"}],"wp:attachment":[{"href":"https:\/\/pasaenmendoza.com\/index.php?rest_route=%2Fwp%2Fv2%2Fmedia&parent=6014"}],"wp:term":[{"taxonomy":"category","embeddable":true,"href":"https:\/\/pasaenmendoza.com\/index.php?rest_route=%2Fwp%2Fv2%2Fcategories&post=6014"},{"taxonomy":"post_tag","embeddable":true,"href":"https:\/\/pasaenmendoza.com\/index.php?rest_route=%2Fwp%2Fv2%2Ftags&post=6014"}],"curies":[{"name":"wp","href":"https:\/\/api.w.org\/{rel}","templated":true}]}}