{"id":6027,"date":"2024-03-12T13:16:47","date_gmt":"2024-03-12T12:16:47","guid":{"rendered":"https:\/\/pasaenmendoza.com\/?p=6027"},"modified":"2024-03-12T13:16:48","modified_gmt":"2024-03-12T12:16:48","slug":"un-intendente-oficialista-cedio-autos-municipales-para-moviles-policiales","status":"publish","type":"post","link":"https:\/\/pasaenmendoza.com\/?p=6027","title":{"rendered":"Un intendente oficialista cedi\u00f3 autos municipales para m\u00f3viles policiales"},"content":{"rendered":"\n<p>Ante la crisis que golpea a todo el pa\u00eds, los hechos delictivos aumentan y muchos departamentos decidieron involucrarse. Un intendente de Cambia Mendoza opt\u00f3 por ceder autos para m\u00f3viles policiales.<\/p>\n\n\n\n<p>Los hechos delictivos crecen a la par de la crisis econ\u00f3mica y social que vive nuestro pa\u00eds y algunos\u00a0<strong>intendentes\u00a0<\/strong>mendocinos se involucran en materia de\u00a0<strong>seguridad<\/strong>. En ese sentido, el\u00a0<strong>intendente\u00a0<\/strong>de General Alvear,<strong>\u00a0Alejandro Molero<\/strong>, quien pertenece al frente oficialista\u00a0<strong>Cambia Mendoza,<\/strong>\u00a0decidi\u00f3 ceder autos municipales para se usen como m\u00f3viles policiales en su departamento. Esta medida\u00a0se da\u00a0en el marco de una pol\u00edtica\u00a0del jefe comunal para\u00a0transformar a la polic\u00eda vial en preventores y formar una dupla con la polic\u00eda en los\u00a0<strong>m\u00f3viles<\/strong>\u00a0cedidos por el municipio. Este jueves la ministra de<strong>\u00a0Seguridad\u00a0<\/strong>y Justicia, Mercedes Rus, ir\u00e1 al departamento a formalizar el programa.<\/p>\n\n\n\n<p>\u00a0&#8220;Estamos desde el municipio invirtiendo recursos econ\u00f3micos en brindar\u00a0<strong>seguridad\u00a0<\/strong>a nuestros vecinos implementando c\u00e1maras de seguridad o poniendo veh\u00edculos del Ejecutivo al servicio de la<strong>\u00a0polic\u00eda<\/strong>\u00a0de Mendoza&#8221;, sostuvo Molero el viernes 8 de marzo,\u00a0en su discurso de apertura de sesiones ordinarias\u00a0frente a quienes integran el\u00a0Concejo Deliberante, autoridades municipales y parte de la poblaci\u00f3n que asisti\u00f3 al cine\u00a0teatro Antonio Lafalla. &#8220;Sabemos de los altos \u00edndices de delitos&#8221;, agreg\u00f3.\u00a0Adem\u00e1s, en ese discurso, el intendente de Cambia Mendoza lanz\u00f3: &#8220;Pero hoy este intendente viene a decirles la verdad y aunque sea inc\u00f3moda es la mejor forma de mirar a nuestro pueblo y hacerles saber la situaci\u00f3n que enfrentamos. Nuestro pa\u00eds atraviesa quiz\u00e1s la crisis econ\u00f3mica y financiera m\u00e1s grave de su historia\u201d.<\/p>\n\n\n\n<p>Ante la consulta<strong>,<\/strong>\u00a0desde el municipio aseguraron que el uso de autos del Ejecutivo municipal al servicio de la polic\u00eda no consiste s\u00f3lo en eso sino que es parte de un programa. &#8220;La polic\u00eda vial municipal se transform\u00f3 en preventores y esos preventores formar\u00e1n dupla con polic\u00edas de Mendoza en\u00a0<strong>m\u00f3viles<\/strong>\u00a0policiales ampliando as\u00ed la capacidad de\u00a0<strong>m\u00f3viles policiales<\/strong>&#8220;, aseguraron fuentes oficiales. Pero adem\u00e1s, agregaron que este jueves 14 de marzo esperan en esta comuna del sur mendocino el arribo de la ministra de Seguridad para formalizar el programa. Por ahora hay dos<strong>\u00a0m\u00f3viles<\/strong>\u00a0para la ciudad pero se sumar\u00e1n m\u00e1s.\u00a0<\/p>\n\n\n\n<p>El ministerio est\u00e1 impulsando que los municipios se involucren en la<strong>\u00a0inseguridad.<\/strong>\u00a0Por eso la ministra y su equipo est\u00e1 visitando a los\u00a0<strong>intendentes<\/strong>\u00a0de todos los colores pol\u00edticos para avanzar en este asunto.\u00a0<strong>Molero\u00a0<\/strong>decidi\u00f3 transformar a la polic\u00eda vial que ten\u00eda su antecesor, del mismo color pol\u00edtico, Walter Marcolini,\u00a0en preventores pero como no pueden usar armas pero s\u00ed<strong>\u00a0autos,<\/strong>\u00a0van a trabajar en conjunto con la polic\u00eda.\u00a0<\/p>\n\n\n\n<p>Adem\u00e1s, el intendente<strong>\u00a0Molero\u00a0<\/strong>y sus funcionarios no usan autos oficiales ni tienen choferes para reducir gastos. Por eso hay veh\u00edculos municipales que se usan como\u00a0<strong>m\u00f3viles policiales<\/strong>.<\/p>\n\n\n\n<p>El tema de los&nbsp;<strong>m\u00f3viles policiales&nbsp;<\/strong>no es ajeno al resto de los departamentos, incluso por fuera del \u00e1rea metropolitana. Desde La Paz, la senadora justicialista Cristina G\u00f3mez, cuestion\u00f3 en el recinto legislativo y a trav\u00e9s de un pedido de informe la situaci\u00f3n de los&nbsp;<strong>m\u00f3viles policiales<\/strong>&nbsp;en la Zona Este. En su proyecto, la legisladora sostiene que &#8220;la realidad nos muestra que en el departamento de La Paz, est\u00e1 la comisar\u00eda 22, que tiene asignados m\u00f3viles, de los cuales uno se encuentra roto; y la Comisar\u00eda 51 en Desaguadero, que tiene dos motos y dos m\u00f3viles.En Santa Rosa est\u00e1 la comisar\u00eda 21, tiene dos m\u00f3viles, sub&nbsp;comisar\u00eda Las Catitas dos m\u00f3viles; Rivadavia tiene la comisar\u00eda 13, con dos m\u00f3viles, 3 subcomisar\u00edas con dos m\u00f3viles cada una, y la UEP (Unidad Especial de Patrullaje) con seis o siete m\u00f3viles. San Mart\u00edn, es el departamento que m\u00e1s efectivos policiales tiene, como as\u00ed tambi\u00e9n m\u00f3viles&#8221;, describi\u00f3.<\/p>\n\n\n\n<p>En el proyecto aclara que la informaci\u00f3n para este informe legislativo fue suministrada &#8220;por el mismo personal de las dependencias policiales, y la distribuci\u00f3n pareciera que tiene base en la cantidad de comisar\u00edas o subcomisar\u00edas que abarque cada departamento, como la densidad demogr\u00e1fica.La diferencia entre Santa Rosa y La Paz con los otros departamentos que integran la Distrital 3, radica en que en los dem\u00e1s, m\u00e1s all\u00e1 de tener mayor poblaci\u00f3n y m\u00e1s subcomisar\u00edas y por ende m\u00e1s m\u00f3viles, tienen unidades especiales, como lo son cuerpos especiales, donde abarca infanter\u00eda, canes, montada y las unidades especiales<br>de patrullaje que est\u00e1n en todos los departamentos menos en Santa Rosa y La Paz&#8221;, critic\u00f3.&nbsp;<\/p>\n\n\n\n<p>Por su parte el senador peronista Germ\u00e1n G\u00f3mez, un alfil del intendente Omar F\u00e9lix, pidi\u00f3 mediante un proyecto &#8220;que el ministerio de Seguridad y Justicia dote de recursos humanos, material necesario, y<strong>\u00a0m\u00f3viles policiales<\/strong>\u00a0para el pleno funcionamiento del destacamento de Goudge del departamento de San Rafael&#8221;, a su vez que describi\u00f3 al situaci\u00f3n de inseguridad de la zona que se ha dejado de ser &#8220;un distrito tranquilo&#8221;, sostiene en la iniciativa legislativa.\u00a0<\/p>\n\n\n\n<p>FUENTE: MDZonline.<\/p>\n","protected":false},"excerpt":{"rendered":"<p>Ante la crisis que golpea a todo el pa\u00eds, los hechos delictivos aumentan y muchos departamentos decidieron involucrarse. Un intendente de Cambia Mendoza opt\u00f3 por ceder autos para m\u00f3viles policiales. Los hechos delictivos crecen a la par de la crisis econ\u00f3mica y social que vive nuestro pa\u00eds y algunos\u00a0intendentes\u00a0mendocinos se involucran en materia de\u00a0seguridad. En [&hellip;]<\/p>\n","protected":false},"author":2,"featured_media":6031,"comment_status":"open","ping_status":"open","sticky":true,"template":"","format":"standard","meta":[],"categories":[47],"tags":[],"_links":{"self":[{"href":"https:\/\/pasaenmendoza.com\/index.php?rest_route=\/wp\/v2\/posts\/6027"}],"collection":[{"href":"https:\/\/pasaenmendoza.com\/index.php?rest_route=\/wp\/v2\/posts"}],"about":[{"href":"https:\/\/pasaenmendoza.com\/index.php?rest_route=\/wp\/v2\/types\/post"}],"author":[{"embeddable":true,"href":"https:\/\/pasaenmendoza.com\/index.php?rest_route=\/wp\/v2\/users\/2"}],"replies":[{"embeddable":true,"href":"https:\/\/pasaenmendoza.com\/index.php?rest_route=%2Fwp%2Fv2%2Fcomments&post=6027"}],"version-history":[{"count":1,"href":"https:\/\/pasaenmendoza.com\/index.php?rest_route=\/wp\/v2\/posts\/6027\/revisions"}],"predecessor-version":[{"id":6033,"href":"https:\/\/pasaenmendoza.com\/index.php?rest_route=\/wp\/v2\/posts\/6027\/revisions\/6033"}],"wp:featuredmedia":[{"embeddable":true,"href":"https:\/\/pasaenmendoza.com\/index.php?rest_route=\/wp\/v2\/media\/6031"}],"wp:attachment":[{"href":"https:\/\/pasaenmendoza.com\/index.php?rest_route=%2Fwp%2Fv2%2Fmedia&parent=6027"}],"wp:term":[{"taxonomy":"category","embeddable":true,"href":"https:\/\/pasaenmendoza.com\/index.php?rest_route=%2Fwp%2Fv2%2Fcategories&post=6027"},{"taxonomy":"post_tag","embeddable":true,"href":"https:\/\/pasaenmendoza.com\/index.php?rest_route=%2Fwp%2Fv2%2Ftags&post=6027"}],"curies":[{"name":"wp","href":"https:\/\/api.w.org\/{rel}","templated":true}]}}