{"id":6032,"date":"2024-03-12T13:20:05","date_gmt":"2024-03-12T12:20:05","guid":{"rendered":"https:\/\/pasaenmendoza.com\/?p=6032"},"modified":"2024-03-12T13:20:07","modified_gmt":"2024-03-12T12:20:07","slug":"sitiaron-los-barrios-del-oeste-de-godoy-cruz-en-busqueda-de-narcos-armas-y-drogas","status":"publish","type":"post","link":"https:\/\/pasaenmendoza.com\/?p=6032","title":{"rendered":"Sitiaron los barrios del oeste de Godoy Cruz en b\u00fasqueda de narcos, armas y drogas"},"content":{"rendered":"\n<p><strong>M\u00e1s de 800 polic\u00edas<\/strong>. Uniformados y de Investigaciones, con sus diferentes divisiones y la Polic\u00eda contra el Narcotr\u00e1fico (<strong>PCN<\/strong>). El objetivo planificado desde hace semanas era clave: entrar a la zona de conflicto, detener a los principales sospechosos de protagonizar la guerra narco del oeste de Godoy Cruz y secuestrar armas de fuego, municiones y estupefacientes.<\/p>\n\n\n\n<p>En un trabajo en conjunto liderado por la\u00a0<strong>Polic\u00eda Mendoza<\/strong>, la Justicia provincial y la federal,\u00a0<mark>la madrugada de este martes se desarrollaron m\u00e1s de 40 allanamientos en el asentamiento Campo Papa y otros complejos aleda\u00f1os<\/mark>\u00a0marcados como potencialmente peligrosos.\u00a0<strong>El barrio fue pr\u00e1cticamente sitiado<\/strong>\u00a0por Infanter\u00eda y el GES. Nadie pudo entrar ni salir durante horas, debido a que deb\u00edan requisar decenas de propiedades donde pernoctaban los malvivientes e identificar a otros moradores.<\/p>\n\n\n\n<p>De acuerdo con informaci\u00f3n policial y judicial,&nbsp;<strong>hasta pasadas las 8 hab\u00eda una docena de detenidos, secuestro de armas y hallazgo de drogas<\/strong>, tanto plantas de marihuana como dosis fraccionadas para la comercializaci\u00f3n. Tambi\u00e9n identificaron a m\u00e1s 200 personas con el sistema biom\u00e9trico.<\/p>\n\n\n\n<p><strong>Todo este movimiento policial y judicial se dio en el contexto de la crisis narco que viene golpeado a Rosario<\/strong>\u00a0desde hace d\u00edas, donde las organizaciones vienen sembrando terror con asesinatos perpetrados en diferentes puntos de las zonas rojas de esa ciudad santafesina.<\/p>\n\n\n\n<p><strong>En Mendoza la situaci\u00f3n es diferente<\/strong>. Si bien se vienen registrando tiroteos casi a diario en -al menos- cinco barriadas del pedemonte, la pesquisa llevaba un par de meses de trabajos y se impuls\u00f3 luego del crimen el jueves de la semana pasada de uno de los j\u00f3venes m\u00e1s destacados del narcomenudeo en el Campo Papa,&nbsp;<strong>Miguel \u00c1ngel Valdivia (24), el&nbsp;<em>Pollo<\/em>.<\/strong><\/p>\n\n\n\n<p>Los trabajos policiales comenzaron a fines de diciembre, luego de un trabajo de la Direcci\u00f3n de Investigaciones y la PCN, con el an\u00e1lisis de varios personajes vinculados a la venta de drogas. Se desarrollaron medidas durante enero que permitieron secuestrar material para analizar y as\u00ed poder identificando a la mayor\u00eda de los integrantes de las bandas.<\/p>\n\n\n\n<p>Hubo di\u00e1logo con la Procuraci\u00f3n de la provincia (jefatura de fiscales) para definir la forma de trabajo y&nbsp;<mark>se resolvi\u00f3 hace un mes que un fiscal se haga cargo de la mayor\u00eda de las causas que se iniciaron en ese sector por abusos de armas y asesinatos<\/mark>&nbsp;vinculados con la comercializaci\u00f3n de drogas y la b\u00fasqueda constante de ganar territorio.<\/p>\n\n\n\n<p><strong>Gustavo Pirrello<\/strong>, uno de los cuatro fiscales de Homicidios de Mendoza, acumul\u00f3 una veintena de expedientes por diferentes delitos y solicit\u00f3 capturas de diversos personajes. La jueza Natacha Cabeza confirm\u00f3 los pedidos. Este martes Pirrello estuvo acompa\u00f1ado en el lugar por el jefe de la Unidad Fiscal de Homicidios,\u00a0<strong>Fernando Guzzo<\/strong>, y sus pares\u00a0<strong>Andrea Lazo<\/strong>\u00a0y\u00a0<strong>Carlos Torres<\/strong>.<\/p>\n\n\n\n<p>La Justicia federal tambi\u00e9n entr\u00f3 en escena con la fiscal federal\u00a0<strong>Alejandra Obreg\u00f3n<\/strong>\u00a0y el juez\u00a0<strong>Marcelo Garnica<\/strong>. Todos los magistrados estuvieron este martes coordinado con los jefes policiales los allanamientos en diferentes puntos estrat\u00e9gicos del sector.<\/p>\n\n\n\n<p>Por informaci\u00f3n que viene publicando este diario desde hace meses, la guerra de bandas en las barriadas del oeste recrudeci\u00f3 el a\u00f1o pasado, cuando grupos juveniles buscaron posicionar y ganar territorio para el narcomenudeo. Se detectaron -al menos- tres grupos delictivos. Los tiroteos eran constantes por las noches y hubo varios hechos de sangre.<\/p>\n\n\n\n<p>Los integrantes de esas organizaciones utilizaban armas de largas de grueso calibre -FAL y PA3- y pistolas calibre 9mm, entre otras.\u00a0<mark>Hubo v\u00edctimas fatales inocentes y heridos que nada ten\u00edan que ver con los conflictos. Tambi\u00e9n sujetos que eran actores principales de los cruces<\/mark>. Muchos fueron capturados durante las medidas de este martes y deber\u00e1n responder con imputaciones.<\/p>\n\n\n\n<p>La madrugada del s\u00e1bado 2 de este mes,\u00a0<strong>una mujer de 63 a\u00f1os recibi\u00f3 un balazo en la cabeza en el barrio Covitedyc y muri\u00f3 en el acto<\/strong>. En ese momento, dos grupos se estaban enfrentando a tiros e<strong>\u00a0Isabel Morales<\/strong>, la v\u00edctima, se dirig\u00eda a comprar a un quiosco de la barriada.<\/p>\n\n\n\n<p>Un d\u00eda antes, en esa misma zona, las bandas hab\u00edan disparado contra la casa de un polic\u00eda federal. El efectivo recibi\u00f3 una bala perdida y radic\u00f3 la denuncia. Esa misma jornada, los miembros de una de las bandas se enteraron de que all\u00ed habitaba en un efectivo y dispararon cinco veces contra la propiedad.<\/p>\n\n\n\n<p>El jueves pasado, el&nbsp;<strong><em>Pollo Valdivia<\/em><\/strong>, se\u00f1alado como uno de los referentes en la venta de drogas en el Papa y enfrentado desde hace a\u00f1os con j\u00f3venes que respond\u00edan a gente de la jefa narco condenada&nbsp;<strong>Sandra Jaquelina Vargas<\/strong>, la&nbsp;<em>Yaqui<\/em>, fue ejecutado por un sicario en la gomer\u00eda de sus abuelos, ubicada sobre calle Salvador Civit, tal como revel\u00f3 este dario.<\/p>\n\n\n\n<p>Dos sujetos que llegaron en moto y uno de ellos baj\u00f3 para abordarlo. El\u00a0<em><strong>Pollo<\/strong><\/em>, quien ten\u00eda 24 a\u00f1os y se encontraba en silla de ruedas luego de ser baleado en noviembre del 2021, recibi\u00f3 nueve balazos en diferentes partes del cuerpo. Lo trasladaron en un auto particular hasta el Hospital del Carmen pero en la guardia nada pudieron hacer.<\/p>\n\n\n\n<p>Estos casos citados, como otros hechos de sangre y tiroteos ocurridos entre noviembre y principios de este mes, generaron las investigaciones provinciales y federales, con el objetivo de intentar frenar los constantes enfrentamientos.<\/p>\n\n\n\n<p><strong>Fuente: www.elsol.com.ar<\/strong><\/p>\n","protected":false},"excerpt":{"rendered":"<p>M\u00e1s de 800 polic\u00edas. Uniformados y de Investigaciones, con sus diferentes divisiones y la Polic\u00eda contra el Narcotr\u00e1fico (PCN). El objetivo planificado desde hace semanas era clave: entrar a la zona de conflicto, detener a los principales sospechosos de protagonizar la guerra narco del oeste de Godoy Cruz y secuestrar armas de fuego, municiones y [&hellip;]<\/p>\n","protected":false},"author":2,"featured_media":6038,"comment_status":"open","ping_status":"open","sticky":false,"template":"","format":"standard","meta":[],"categories":[48],"tags":[],"_links":{"self":[{"href":"https:\/\/pasaenmendoza.com\/index.php?rest_route=\/wp\/v2\/posts\/6032"}],"collection":[{"href":"https:\/\/pasaenmendoza.com\/index.php?rest_route=\/wp\/v2\/posts"}],"about":[{"href":"https:\/\/pasaenmendoza.com\/index.php?rest_route=\/wp\/v2\/types\/post"}],"author":[{"embeddable":true,"href":"https:\/\/pasaenmendoza.com\/index.php?rest_route=\/wp\/v2\/users\/2"}],"replies":[{"embeddable":true,"href":"https:\/\/pasaenmendoza.com\/index.php?rest_route=%2Fwp%2Fv2%2Fcomments&post=6032"}],"version-history":[{"count":1,"href":"https:\/\/pasaenmendoza.com\/index.php?rest_route=\/wp\/v2\/posts\/6032\/revisions"}],"predecessor-version":[{"id":6039,"href":"https:\/\/pasaenmendoza.com\/index.php?rest_route=\/wp\/v2\/posts\/6032\/revisions\/6039"}],"wp:featuredmedia":[{"embeddable":true,"href":"https:\/\/pasaenmendoza.com\/index.php?rest_route=\/wp\/v2\/media\/6038"}],"wp:attachment":[{"href":"https:\/\/pasaenmendoza.com\/index.php?rest_route=%2Fwp%2Fv2%2Fmedia&parent=6032"}],"wp:term":[{"taxonomy":"category","embeddable":true,"href":"https:\/\/pasaenmendoza.com\/index.php?rest_route=%2Fwp%2Fv2%2Fcategories&post=6032"},{"taxonomy":"post_tag","embeddable":true,"href":"https:\/\/pasaenmendoza.com\/index.php?rest_route=%2Fwp%2Fv2%2Ftags&post=6032"}],"curies":[{"name":"wp","href":"https:\/\/api.w.org\/{rel}","templated":true}]}}