{"id":6037,"date":"2024-03-12T13:25:51","date_gmt":"2024-03-12T12:25:51","guid":{"rendered":"https:\/\/pasaenmendoza.com\/?p=6037"},"modified":"2024-03-12T13:25:52","modified_gmt":"2024-03-12T12:25:52","slug":"mendoza-tomo-posesion-plena-del-predio-de-pata-mora","status":"publish","type":"post","link":"https:\/\/pasaenmendoza.com\/?p=6037","title":{"rendered":"Mendoza tom\u00f3 posesi\u00f3n plena del predio de Pata Mora"},"content":{"rendered":"\n<p>&nbsp;Mendoza obtuvo la posesi\u00f3n plena de los terrenos de&nbsp;<strong>Pata Mora<\/strong>, donde se asentar\u00e1 el&nbsp;<strong>polo de servicios<\/strong>&nbsp;m\u00e1s importante de Cuyo. Fue luego de un largo camino, que incluy\u00f3 la aprobaci\u00f3n legislativa y la presentaci\u00f3n de Fiscal\u00eda de Estado a la Justicia para la expropiaci\u00f3n de las 3.500 hect\u00e1reas del predio. Durante el acto, estuvieron presentes autoridades del Gobierno provincial y del Municipio de Malarg\u00fce.<\/p>\n\n\n\n<p>Localizado a 300 kil\u00f3metros al Sur de la ciudad cabecera de Malarg\u00fce, Pata Mora es un enclave estrat\u00e9gico para la industria, la actividad petrolera y la miner\u00eda de Mendoza. El proyecto se trabaja desde hace m\u00e1s de cinco a\u00f1os, en los que se realizaron estudios ambientales, topogr\u00e1ficos, hidrol\u00f3gicos, econ\u00f3micos, de infraestructura, sociales y legales.<\/p>\n\n\n\n<p>La Legislatura aprob\u00f3 en 2023 el proyecto del Ejecutivo para que adem\u00e1s se transfirieran los bienes al Fideicomiso para el Desarrollo de Malarg\u00fce y del Polo Log\u00edstico y de Servicios Pata Mora, en un acuerdo suscrito con Mendoza Fiduciaria SA, de modo que los recursos para su ejecuci\u00f3n queden garantizados.<\/p>\n\n\n\n<p>El objetivo de este polo de servicios es el desarrollo econ\u00f3mico del Sur y de toda la provincia, ya que hasta ahora, para abastecerse, las empresas ligadas a hidrocarburos y miner\u00eda deb\u00edan recurrir a la localidad neuquina de Rinc\u00f3n de los Sauces.<\/p>\n\n\n\n<p>Con las perspectivas en materia de petr\u00f3leo, la reactivaci\u00f3n de Potasio R\u00edo Colorado, el desarrollo de Malarg\u00fce Distrito Minero Occidental y los proyectos como Hierro Indio y Cerro Amarillo, era imprescindible contar con un centro de log\u00edstica y servicios al que recurran todos los operadores de la zona Sur.<\/p>\n\n\n\n<p>C\u00f3mo es Pata Mora<\/p>\n\n\n\n<p>El predio est\u00e1 en una zona estrat\u00e9gica, en el l\u00edmite entre Mendoza y Neuqu\u00e9n, donde se encuentran la mayor\u00eda de las exploraciones y explotaciones mineras y petroleras de la provincia, y donde se prev\u00e9 mayor crecimiento en la materia.<\/p>\n\n\n\n<p>Con un presupuesto de U$S200 millones, el proyecto incluye la reparaci\u00f3n de la Ruta Provincial 189, que une Pata Mora con El Zampal, la culminaci\u00f3n de un tramo de la Ruta Nacional 40, y una red de energ\u00eda el\u00e9ctrica mendocina que llegar\u00e1 al parque industrial y a localidades vecinas como El Cortaderal.<\/p>\n\n\n\n<p>Este paraje estuvo durante a\u00f1os en estado de aislamiento y abandono y, con esta obra, consensuada con la Agencia Provincial de Ordenamiento Territorial, la Municipalidad de Malarg\u00fce, los ministerios nacionales de Producci\u00f3n y del Interior y el Instituto Nacional de Tecnolog\u00eda Industrial (INTI), se crea un nuevo n\u00facleo econ\u00f3mico con desarrollo a largo plazo.<\/p>\n\n\n\n<p>Adem\u00e1s de potenciar los hidrocarburos y la miner\u00eda en el marco de las leyes vigentes, se dar\u00e1n servicios a decenas de operadoras, porque se beneficiar\u00e1 el &#8220;compre mendocino&#8221;, con oportunidades para pymes y prestadoras de servicios.<\/p>\n\n\n\n<p>FUENTE: Mendozapost.<\/p>\n","protected":false},"excerpt":{"rendered":"<p>&nbsp;Mendoza obtuvo la posesi\u00f3n plena de los terrenos de&nbsp;Pata Mora, donde se asentar\u00e1 el&nbsp;polo de servicios&nbsp;m\u00e1s importante de Cuyo. Fue luego de un largo camino, que incluy\u00f3 la aprobaci\u00f3n legislativa y la presentaci\u00f3n de Fiscal\u00eda de Estado a la Justicia para la expropiaci\u00f3n de las 3.500 hect\u00e1reas del predio. Durante el acto, estuvieron presentes autoridades [&hellip;]<\/p>\n","protected":false},"author":2,"featured_media":6043,"comment_status":"open","ping_status":"open","sticky":true,"template":"","format":"standard","meta":[],"categories":[47],"tags":[],"_links":{"self":[{"href":"https:\/\/pasaenmendoza.com\/index.php?rest_route=\/wp\/v2\/posts\/6037"}],"collection":[{"href":"https:\/\/pasaenmendoza.com\/index.php?rest_route=\/wp\/v2\/posts"}],"about":[{"href":"https:\/\/pasaenmendoza.com\/index.php?rest_route=\/wp\/v2\/types\/post"}],"author":[{"embeddable":true,"href":"https:\/\/pasaenmendoza.com\/index.php?rest_route=\/wp\/v2\/users\/2"}],"replies":[{"embeddable":true,"href":"https:\/\/pasaenmendoza.com\/index.php?rest_route=%2Fwp%2Fv2%2Fcomments&post=6037"}],"version-history":[{"count":1,"href":"https:\/\/pasaenmendoza.com\/index.php?rest_route=\/wp\/v2\/posts\/6037\/revisions"}],"predecessor-version":[{"id":6045,"href":"https:\/\/pasaenmendoza.com\/index.php?rest_route=\/wp\/v2\/posts\/6037\/revisions\/6045"}],"wp:featuredmedia":[{"embeddable":true,"href":"https:\/\/pasaenmendoza.com\/index.php?rest_route=\/wp\/v2\/media\/6043"}],"wp:attachment":[{"href":"https:\/\/pasaenmendoza.com\/index.php?rest_route=%2Fwp%2Fv2%2Fmedia&parent=6037"}],"wp:term":[{"taxonomy":"category","embeddable":true,"href":"https:\/\/pasaenmendoza.com\/index.php?rest_route=%2Fwp%2Fv2%2Fcategories&post=6037"},{"taxonomy":"post_tag","embeddable":true,"href":"https:\/\/pasaenmendoza.com\/index.php?rest_route=%2Fwp%2Fv2%2Ftags&post=6037"}],"curies":[{"name":"wp","href":"https:\/\/api.w.org\/{rel}","templated":true}]}}