{"id":604,"date":"2023-08-10T15:42:02","date_gmt":"2023-08-10T13:42:02","guid":{"rendered":"https:\/\/pasaenmendoza.com\/?p=604"},"modified":"2023-08-10T15:42:03","modified_gmt":"2023-08-10T13:42:03","slug":"paso-2023-cual-es-el-pronostico-del-tiempo-en-mendoza-para-el-domingo","status":"publish","type":"post","link":"https:\/\/pasaenmendoza.com\/?p=604","title":{"rendered":"PASO 2023: cu\u00e1l es el pron\u00f3stico del tiempo en Mendoza para el domingo"},"content":{"rendered":"\n<p>El domingo 13 de agosto se celebrar\u00e1 en todo el territorio argentino las\u00a0<strong>PASO 2023<\/strong>\u00a0donde quedar\u00e1n definidos los\u00a0<strong>candidatos a Presidente<\/strong>\u00a0para las elecciones generales de octubre. Y como es habitual en esta jornada democr\u00e1tica, muchos ciudadanos quieren saber\u00a0<strong>cu\u00e1l es pron\u00f3stico del tiempo en Mendoza<\/strong>.<\/p>\n\n\n\n<p>Tal como indica el pron\u00f3stico meteorol\u00f3gico, a trav\u00e9s de la p\u00e1gina oficial de&nbsp;<em>Contingencias Clim\u00e1ticas<\/em>&nbsp;de la provincia, para este&nbsp;<strong>domingo 13 de agosto<\/strong>&nbsp;se espera un d\u00eda con &#8220;algo nublado y&nbsp;<strong>ventoso con ascenso de la temperatura<\/strong>, vientos moderados del sector norte. Heladas parciales&#8221;. La&nbsp;<strong>m\u00e1xima<\/strong>&nbsp;ser\u00eda de&nbsp;<strong>20\u00b0C<\/strong>&nbsp;y la&nbsp;<strong>m\u00ednima<\/strong>&nbsp;rondar\u00eda los&nbsp;<strong>2\u00b0C<\/strong>.<\/p>\n\n\n\n<p>Por otro lado, el meteor\u00f3logo\u00a0<strong>Federico Norte<\/strong>, en\u00a0<em>radio Nihuil<\/em>, dijo &#8220;se espera una\u00a0<strong>m\u00ednima de 5 grados por 18 grados de m\u00e1xima<\/strong>\u00a0y tambi\u00e9n se anuncia en algunos lugares una m\u00ednima menor&#8221;.<\/p>\n\n\n\n<p>&#8220;Pero, este viernes vamos a tener un informe m\u00e1s detallado de lo que ocurrir\u00e1 el domingo sabiendo que es un d\u00eda de gran movilizaci\u00f3n popular por las elecciones&#8221;, cerr\u00f3.<\/p>\n\n\n\n<p>Mientras que el\u00a0<em>Servicio Meteorol\u00f3gico Nacional<\/em>\u00a0(SMN) prev\u00e9 para el domingo una jornada\u00a0<strong>&#8220;parcialmente nublada&#8221;<\/strong>\u00a0con una m\u00e1xima de 18 grados y una m\u00ednima de 5 grados con vientos predominantes del sur.<\/p>\n\n\n\n<p>Con este panorama, el fuego, la parrilla y el asado est\u00e1 asegurado.<\/p>\n\n\n\n<h2 class=\"wp-block-heading\">Pron\u00f3stico del tiempo en Mendoza extendido<\/h2>\n\n\n\n<ul>\n<li><strong>Viernes&nbsp;<\/strong><strong>11 de agosto:&nbsp;<\/strong>Parcialmente nublado y ventoso con descenso de la temperatura, vientos moderados del sudeste. M\u00e1xima: 15\u00baC M\u00ednima: 9\u00baC.<\/li>\n\n\n\n<li><strong>S\u00e1bado&nbsp;<\/strong><strong>12 de agosto:&nbsp;<\/strong>Poca nubosidad y fr\u00ed\u00ado, vientos leves del noreste. Heladas parciales. M\u00e1xima: 14\u00baC M\u00ednima: 2\u00baC.<\/li>\n\n\n\n<li><strong>Domingo&nbsp;<\/strong><strong>13 de agosto:&nbsp;<\/strong>Algo nublado y ventoso con ascenso de la temperatura, vientos moderados del sector norte. Heladas parciales. M\u00e1xima: 20\u00baC M\u00ednima: 2\u00baC.<\/li>\n\n\n\n<li><strong>Lunes\u00a014 de agosto:\u00a0<\/strong>Algo nublado y ventoso con ascenso de la temperatura, vientos moderados del sector norte. M\u00e1xima: 27\u00baC M\u00ednima: 6\u00baC.<\/li>\n\n\n\n<li><\/li>\n\n\n\n<li><strong>Fuente: www.diariouno.com.ar<\/strong><\/li>\n<\/ul>\n","protected":false},"excerpt":{"rendered":"<p>El domingo 13 de agosto se celebrar\u00e1 en todo el territorio argentino las\u00a0PASO 2023\u00a0donde quedar\u00e1n definidos los\u00a0candidatos a Presidente\u00a0para las elecciones generales de octubre. Y como es habitual en esta jornada democr\u00e1tica, muchos ciudadanos quieren saber\u00a0cu\u00e1l es pron\u00f3stico del tiempo en Mendoza. Tal como indica el pron\u00f3stico meteorol\u00f3gico, a trav\u00e9s de la p\u00e1gina oficial de&nbsp;Contingencias [&hellip;]<\/p>\n","protected":false},"author":2,"featured_media":606,"comment_status":"open","ping_status":"open","sticky":false,"template":"","format":"standard","meta":[],"categories":[50],"tags":[],"_links":{"self":[{"href":"https:\/\/pasaenmendoza.com\/index.php?rest_route=\/wp\/v2\/posts\/604"}],"collection":[{"href":"https:\/\/pasaenmendoza.com\/index.php?rest_route=\/wp\/v2\/posts"}],"about":[{"href":"https:\/\/pasaenmendoza.com\/index.php?rest_route=\/wp\/v2\/types\/post"}],"author":[{"embeddable":true,"href":"https:\/\/pasaenmendoza.com\/index.php?rest_route=\/wp\/v2\/users\/2"}],"replies":[{"embeddable":true,"href":"https:\/\/pasaenmendoza.com\/index.php?rest_route=%2Fwp%2Fv2%2Fcomments&post=604"}],"version-history":[{"count":1,"href":"https:\/\/pasaenmendoza.com\/index.php?rest_route=\/wp\/v2\/posts\/604\/revisions"}],"predecessor-version":[{"id":607,"href":"https:\/\/pasaenmendoza.com\/index.php?rest_route=\/wp\/v2\/posts\/604\/revisions\/607"}],"wp:featuredmedia":[{"embeddable":true,"href":"https:\/\/pasaenmendoza.com\/index.php?rest_route=\/wp\/v2\/media\/606"}],"wp:attachment":[{"href":"https:\/\/pasaenmendoza.com\/index.php?rest_route=%2Fwp%2Fv2%2Fmedia&parent=604"}],"wp:term":[{"taxonomy":"category","embeddable":true,"href":"https:\/\/pasaenmendoza.com\/index.php?rest_route=%2Fwp%2Fv2%2Fcategories&post=604"},{"taxonomy":"post_tag","embeddable":true,"href":"https:\/\/pasaenmendoza.com\/index.php?rest_route=%2Fwp%2Fv2%2Ftags&post=604"}],"curies":[{"name":"wp","href":"https:\/\/api.w.org\/{rel}","templated":true}]}}