{"id":6046,"date":"2024-03-12T13:30:16","date_gmt":"2024-03-12T12:30:16","guid":{"rendered":"https:\/\/pasaenmendoza.com\/?p=6046"},"modified":"2024-03-12T13:30:17","modified_gmt":"2024-03-12T12:30:17","slug":"alfredo-cornejo-viaja-a-buenos-aires-para-exponer-en-la-cumbre-empresaria-de-la-camara-de-comercio-de-eeuu","status":"publish","type":"post","link":"https:\/\/pasaenmendoza.com\/?p=6046","title":{"rendered":"Alfredo Cornejo viaja a Buenos Aires para exponer en la cumbre empresaria de la C\u00e1mara de Comercio de EEUU"},"content":{"rendered":"\n<p>Este martes Alfredo Cornejo va a participar del panel de &#8220;La agenda federal&#8221; de la AmCham Summit 2024 y le tocar\u00e1 contar qu\u00e9 relaci\u00f3n espera tener con la Naci\u00f3n.<\/p>\n\n\n\n<p>Este martes\u00a0<strong>Alfredo Cornejo viajar\u00e1 a Buenos Aires<\/strong>\u00a0porque es uno de los tres gobernadores invitados a disertar en el\u00a0<strong>panel de &#8220;La Agenda Federal&#8221; de la AmCham Summit 2024, que es la C\u00e1mara de Comercio de Estados Unidos.<\/strong><\/p>\n\n\n\n<p>Es el segundo a\u00f1o consecutivo que el gobernador llega a ese evento que convoca a los dirigentes m\u00e1s influyentes del sector p\u00fablico y privado, el a\u00f1o pasado fue como senador nacional y candidato a la gobernaci\u00f3n.<\/p>\n\n\n\n<p>Ante empresarios y pol\u00edticos nacionales y for\u00e1neos, y en medio de un momento de tregua en la tensa relaci\u00f3n que hubo entre la Naci\u00f3n y las provincias, el mendocino deber\u00e1 mostrar su postura respecto a qu\u00e9 espacios de acuerdos y negociaciones vislumbra tener con la gesti\u00f3n de Javier Milei, y en qu\u00e9 \u00e1reas cree que podr\u00e1 cooperar como gobernador y en cu\u00e1les no.<\/p>\n\n\n\n<p>Un d\u00eda antes de\u00a0<strong>reunirse con el ministro del Interior, Guillermo Francos -de quien seguramente recibir\u00e1 el pedido expl\u00edcito de respaldar la recortada versi\u00f3n de la Ley \u00d3mnibus-<\/strong>\u00a0Cornejo participar\u00e1 del panel de la AmCham junto con su par de C\u00f3rdoba,\u00a0<strong>Mart\u00edn Llaryora<\/strong>\u00a0y el de Chubut,\u00a0<strong>Ignacio Torres<\/strong>, bajo la moderaci\u00f3n del periodista Alejandro Fantino.<\/p>\n\n\n\n<p>En esa tr\u00edada de gobernadores,&nbsp;<strong>Cornejo es de los considerados socios dialoguistas de los libertarios<\/strong>, por lo que se espera que se muestre conciliador, sobre todo con los \u00faltimos gestos de Milei que convoc\u00f3 a los mandatarios provinciales a acordar y consensuar aquella ley que le quita el sue\u00f1o.<\/p>\n\n\n\n<p>Por su lado el gobernador cordob\u00e9s, si bien baj\u00f3 un tanto su disputa para con el presidente, no deja de dar\u00a0<strong>pelea por la Caja de Jubilaciones<\/strong>, mientras que el chubutense Ignacio Torres seguro saldr\u00e1 a recordar aquel\u00a0<strong>recorte de coparticipaci\u00f3n<\/strong>\u00a0que sufri\u00f3 de Naci\u00f3n y que reclam\u00f3 en la Justicia.<\/p>\n\n\n\n<h2 class=\"wp-block-heading\">La AmCham se centrar\u00e1 en el eje de &#8220;Una Argentina viable&#8221;<\/h2>\n\n\n\n<p>En esta versi\u00f3n 2024 la&nbsp;<strong>AmCham Summit<\/strong>&nbsp;pondr\u00e1 la lupa en un eje transversal: &#8220;Una Argentina viable&#8221; y sobre eso girar\u00e1n el resto de las disertaciones y debates que se har\u00e1n en el Centro de Convenciones de la Ciudad de Buenos Aires.&nbsp;<strong>Hay 1.500 invitados y destacados oradores<\/strong>.<\/p>\n\n\n\n<p>Entre las distintas tem\u00e1ticas que se abordar\u00e1n a lo largo de la jornada, se destacan:<\/p>\n\n\n\n<ul>\n<li>La situaci\u00f3n y aspectos relevantes de la relaci\u00f3n bilateral entre Argentina y Estados Unidos.<\/li>\n\n\n\n<li>El panorama econ\u00f3mico y social de Argentina.<\/li>\n\n\n\n<li>Las visiones de los integrantes del Congreso Nacional.<\/li>\n\n\n\n<li>Avances, desaf\u00edos y tendencias en el sector de salud.<\/li>\n\n\n\n<li>La agenda federal y la visi\u00f3n de los Gobernadores.<\/li>\n\n\n\n<li>La miner\u00eda como una nueva frontera del desarrollo para Argentina.<\/li>\n\n\n\n<li>La perspectiva de los l\u00edderes globales sobre el pa\u00eds.<\/li>\n\n\n\n<li>Reflexiones sobre una justicia transparente.<\/li>\n\n\n\n<li>La competitividad para una Argentina viable.<\/li>\n\n\n\n<li>La innovaci\u00f3n como factor de la competitividad y desarrollo.<\/li>\n\n\n\n<li>La bioeconom\u00eda como una estrategia pa\u00eds y su camino hacia el futuro. sostenible.<\/li>\n\n\n\n<li>Perspectiva sindical y laboral.<\/li>\n\n\n\n<li>La educaci\u00f3n al servicio del progreso.<\/li>\n\n\n\n<li>El capital humano como agente de transformaci\u00f3n.<\/li>\n\n\n\n<li>Argentina como un jugador global para la seguridad energ\u00e9tica.<\/li>\n\n\n\n<li><\/li>\n\n\n\n<li>FUENTE: Diariouno.com.ar <\/li>\n<\/ul>\n","protected":false},"excerpt":{"rendered":"<p>Este martes Alfredo Cornejo va a participar del panel de &#8220;La agenda federal&#8221; de la AmCham Summit 2024 y le tocar\u00e1 contar qu\u00e9 relaci\u00f3n espera tener con la Naci\u00f3n. Este martes\u00a0Alfredo Cornejo viajar\u00e1 a Buenos Aires\u00a0porque es uno de los tres gobernadores invitados a disertar en el\u00a0panel de &#8220;La Agenda Federal&#8221; de la AmCham Summit [&hellip;]<\/p>\n","protected":false},"author":2,"featured_media":6050,"comment_status":"open","ping_status":"open","sticky":true,"template":"","format":"standard","meta":[],"categories":[47],"tags":[],"_links":{"self":[{"href":"https:\/\/pasaenmendoza.com\/index.php?rest_route=\/wp\/v2\/posts\/6046"}],"collection":[{"href":"https:\/\/pasaenmendoza.com\/index.php?rest_route=\/wp\/v2\/posts"}],"about":[{"href":"https:\/\/pasaenmendoza.com\/index.php?rest_route=\/wp\/v2\/types\/post"}],"author":[{"embeddable":true,"href":"https:\/\/pasaenmendoza.com\/index.php?rest_route=\/wp\/v2\/users\/2"}],"replies":[{"embeddable":true,"href":"https:\/\/pasaenmendoza.com\/index.php?rest_route=%2Fwp%2Fv2%2Fcomments&post=6046"}],"version-history":[{"count":1,"href":"https:\/\/pasaenmendoza.com\/index.php?rest_route=\/wp\/v2\/posts\/6046\/revisions"}],"predecessor-version":[{"id":6051,"href":"https:\/\/pasaenmendoza.com\/index.php?rest_route=\/wp\/v2\/posts\/6046\/revisions\/6051"}],"wp:featuredmedia":[{"embeddable":true,"href":"https:\/\/pasaenmendoza.com\/index.php?rest_route=\/wp\/v2\/media\/6050"}],"wp:attachment":[{"href":"https:\/\/pasaenmendoza.com\/index.php?rest_route=%2Fwp%2Fv2%2Fmedia&parent=6046"}],"wp:term":[{"taxonomy":"category","embeddable":true,"href":"https:\/\/pasaenmendoza.com\/index.php?rest_route=%2Fwp%2Fv2%2Fcategories&post=6046"},{"taxonomy":"post_tag","embeddable":true,"href":"https:\/\/pasaenmendoza.com\/index.php?rest_route=%2Fwp%2Fv2%2Ftags&post=6046"}],"curies":[{"name":"wp","href":"https:\/\/api.w.org\/{rel}","templated":true}]}}