{"id":605,"date":"2023-08-10T15:45:00","date_gmt":"2023-08-10T13:45:00","guid":{"rendered":"https:\/\/pasaenmendoza.com\/?p=605"},"modified":"2023-08-10T15:45:02","modified_gmt":"2023-08-10T13:45:02","slug":"el-dia-despues-de-las-paso-que-pasara-con-la-economia-segun-los-analistas","status":"publish","type":"post","link":"https:\/\/pasaenmendoza.com\/?p=605","title":{"rendered":"El d\u00eda despu\u00e9s de las PASO: qu\u00e9 pasar\u00e1 con la econom\u00eda, seg\u00fan los analistas"},"content":{"rendered":"\n<p>La delicada situaci\u00f3n de la\u00a0<strong>econom\u00eda\u00a0<\/strong>nacional, las escasas reservas del<strong>\u00a0Banco Central<\/strong>, la\u00a0<strong>inflaci\u00f3n<\/strong>\u00a0y el recuerdo fresco de la\u00a0<strong>corrida cambiaria<\/strong>\u00a0\u201cpost PASO\u201d que ocurri\u00f3 tras la derrota de Mauricio Macri a manos de Alberto Fern\u00e1ndez en 2019, hace que uno de los interrogantes m\u00e1s importantes de cara al domingo, m\u00e1s all\u00e1 de quien sea el candidato m\u00e1s votado, es lo que pueda ocurrir al lunes 14 de agosto.<\/p>\n\n\n\n<p>En 2019, el\u00a0<mark>d\u00f3lar costaba 46,55 pesos<\/mark>\u00a0el viernes anterior a las elecciones Primarias Abiertas Simult\u00e1neas y Obligatorias (PASO) nacionales.<mark>\u00a0Pero el lunes siguiente cerr\u00f3 a 57.30 pesos. Es decir, el peso argentino sufri\u00f3 una devaluaci\u00f3n del 23% entre un d\u00eda y otro<\/mark>.<\/p>\n\n\n\n<p>Ahora bien, \u00bfQu\u00e9 puede pasar en esta elecci\u00f3n? \u00bfQu\u00e9 dicen los analistas sobre los posibles resultados?<\/p>\n\n\n\n<p><strong>La previsibilidad da calma<\/strong><\/p>\n\n\n\n<p>Los analistas consultados coincidieron en que\u00a0<mark>el mejor panorama ser\u00eda el m\u00e1s cercano a las principales encuestas<\/mark>, mientras que el crecimiento inesperado de alguno de los candidatos podr\u00eda complicar la situaci\u00f3n.<\/p>\n\n\n\n<p>\u201c<em>Una performance que se asemeje a las encuestas ser\u00eda positivo. Porque el mercado ya se ha venido preparando y cubriendo para este panoram<\/em>a\u201d,\u00a0<mark>indic\u00f3 el economista Nicol\u00e1s Aroma,<\/mark>\u00a0quien agreg\u00f3 que \u201c<em>ninguno de los favoritos propone cosas muy diferentes ni disruptivas, como por ejemplo no pagar el acuerdo con el Fondo<\/em>\u201c.<\/p>\n\n\n\n<p>En el mismo sentido opin\u00f3 Sebasti\u00e1n Laza,\u00a0<mark>quien asegur\u00f3 que el \u201cescenario ideal\u201d ser\u00eda una victoria de\u00a0<strong>Juntos por el Cambio<\/strong>\u00a0como frente, pero con\u00a0<strong>Uni\u00f3n por la Patria<\/strong>\u00a0siendo competitivo de cara a las generales.<\/mark><\/p>\n\n\n\n<p>\u201c<em>Una victoria amplia de Uni\u00f3n por la Patria pondr\u00eda en alerta al mercado porque significar\u00eda la continuidad del modelo actual, m\u00e1s all\u00e1 de la buena relaci\u00f3n que tiene el mundo empresarial con Massa. En tanto que una derrota contundente tendr\u00eda el mismo efecto, ya que se dar\u00eda por descontada una presi\u00f3n extra del kirchnerismo en asistencia social que podr\u00eda complicar las metas fiscales que se acord\u00f3 con el Fondo Monetario Internacional. Lo ideal, en t\u00e9rminos de mercado, ser\u00eda un escenario intermedio<\/em>\u201c, explic\u00f3 Laza.<\/p>\n\n\n\n<p><strong>La figura de Milei<\/strong><\/p>\n\n\n\n<p>Otra coincidencia por parte de los especialistas se dio en torno a la figura de\u00a0<strong>Javier Milei.\u00a0<\/strong>El candidato liberal se posicion\u00f3 muy fuerte en la pol\u00edtica con\u00a0<mark>un mensaje de enojo con la clase dirigente -la famosa casta-, la dolarizaci\u00f3n de la econom\u00eda y la eliminaci\u00f3n del Banco Central.<\/mark><\/p>\n\n\n\n<p>Seg\u00fan los especialistas, sin analizar la factibilidad de llevar adelante estas propuestas,\u00a0<mark>una eventual buena elecci\u00f3n del libertario le pondr\u00eda much\u00edsima presi\u00f3n al tipo de cambio.<\/mark><\/p>\n\n\n\n<p><em>\u201cSi bien el mercado adquiere d\u00f3lares siempre de cara a una elecci\u00f3n por la incertidumbre, una victoria de Milei o un resultado mejor de lo esperado de su espacio, har\u00eda que la sociedad busque conseguir d\u00f3lares por miedo por una posible dolarizaci\u00f3n. Sin dudas presionar\u00eda mucho el tipo de cambio\u201d<\/em>, se\u00f1al\u00f3 Aroma.<\/p>\n\n\n\n<p>Laza por su parte observ\u00f3 un id\u00e9ntico panorama en el caso de una sorpresa de Milei. \u201c<em>Insiste en dolarizar en un pa\u00eds que no tiene reservas, eso sin dudas que va a hacer ruido<\/em>\u201c.<\/p>\n\n\n\n<p><strong>El rol del FMI<\/strong><\/p>\n\n\n\n<p>El acuerdo con el organismo de cr\u00e9dito internacional ser\u00e1 un problema de peso que tendr\u00e1 que resolver qui\u00e9n sea electo en las pr\u00f3ximas elecciones<mark>. Para Gustavo Reyes, de Fundaci\u00f3n Mediterr\u00e1nea, las medidas tomadas en pos de conseguir desembolsos del organismo producen inflaci\u00f3n en el corto plazo<\/mark>\u00a0y que presionan el tipo de cambio.<\/p>\n\n\n\n<p><em>\u201cEste paquete de medidas que impuls\u00f3 Sergio Massa como parte del acuerdo con el FMI producen incrementos de precios que se van a ver reflejado en la inflaci\u00f3n de este mes independientemente de quien gane. El d\u00f3lar blue adem\u00e1s, sube por un efecto inflacionario. Si se proyecta lo que val\u00eda el d\u00f3lar en enero del 2022 y se lo ajusta por la inflaci\u00f3n acumulada queda a 580 pesos, similar a los valores actuales\u201d<\/em>, asegur\u00f3 Reyes.<\/p>\n\n\n\n<p>Adem\u00e1s, agreg\u00f3 que el problema de\u00a0<strong>inflaci\u00f3n\u00a0<\/strong>es el que impulsa la suba del\u00a0<strong>d\u00f3lar<\/strong>. \u201c<em>Hay que resolver el incremento de precios para mejorar el sector cambiario. Para esto se requiere en principio indicar el norte, y ser coherentes con ello<\/em>\u201c.<\/p>\n\n\n\n<p>Por su parte, Aroma tambi\u00e9n hizo referencia a este punto, y le asign\u00f3 un rol clave al FMI, se\u00f1alando que su papel en el corto plazo ser\u00e1 determinante.\u00a0<em>\u201cEl desembolso de 7.500 millones de d\u00f3lares est\u00e1 supeditado al resultado electoral, pero no se sabe a qu\u00e9 resultado. Esto causa ansiedad en la gente, que busca perder lo menos posible. Adem\u00e1s, una eventual ca\u00edda del acuerdo y la no llegada del dinero prometido ser\u00eda verdaderamente catastr\u00f3fica\u201d<\/em><\/p>\n\n\n\n<p><strong>Fuente: www.elsol.com.ar<\/strong><\/p>\n","protected":false},"excerpt":{"rendered":"<p>La delicada situaci\u00f3n de la\u00a0econom\u00eda\u00a0nacional, las escasas reservas del\u00a0Banco Central, la\u00a0inflaci\u00f3n\u00a0y el recuerdo fresco de la\u00a0corrida cambiaria\u00a0\u201cpost PASO\u201d que ocurri\u00f3 tras la derrota de Mauricio Macri a manos de Alberto Fern\u00e1ndez en 2019, hace que uno de los interrogantes m\u00e1s importantes de cara al domingo, m\u00e1s all\u00e1 de quien sea el candidato m\u00e1s votado, es [&hellip;]<\/p>\n","protected":false},"author":2,"featured_media":608,"comment_status":"open","ping_status":"open","sticky":false,"template":"","format":"standard","meta":[],"categories":[49],"tags":[],"_links":{"self":[{"href":"https:\/\/pasaenmendoza.com\/index.php?rest_route=\/wp\/v2\/posts\/605"}],"collection":[{"href":"https:\/\/pasaenmendoza.com\/index.php?rest_route=\/wp\/v2\/posts"}],"about":[{"href":"https:\/\/pasaenmendoza.com\/index.php?rest_route=\/wp\/v2\/types\/post"}],"author":[{"embeddable":true,"href":"https:\/\/pasaenmendoza.com\/index.php?rest_route=\/wp\/v2\/users\/2"}],"replies":[{"embeddable":true,"href":"https:\/\/pasaenmendoza.com\/index.php?rest_route=%2Fwp%2Fv2%2Fcomments&post=605"}],"version-history":[{"count":1,"href":"https:\/\/pasaenmendoza.com\/index.php?rest_route=\/wp\/v2\/posts\/605\/revisions"}],"predecessor-version":[{"id":609,"href":"https:\/\/pasaenmendoza.com\/index.php?rest_route=\/wp\/v2\/posts\/605\/revisions\/609"}],"wp:featuredmedia":[{"embeddable":true,"href":"https:\/\/pasaenmendoza.com\/index.php?rest_route=\/wp\/v2\/media\/608"}],"wp:attachment":[{"href":"https:\/\/pasaenmendoza.com\/index.php?rest_route=%2Fwp%2Fv2%2Fmedia&parent=605"}],"wp:term":[{"taxonomy":"category","embeddable":true,"href":"https:\/\/pasaenmendoza.com\/index.php?rest_route=%2Fwp%2Fv2%2Fcategories&post=605"},{"taxonomy":"post_tag","embeddable":true,"href":"https:\/\/pasaenmendoza.com\/index.php?rest_route=%2Fwp%2Fv2%2Ftags&post=605"}],"curies":[{"name":"wp","href":"https:\/\/api.w.org\/{rel}","templated":true}]}}