{"id":6054,"date":"2024-03-12T22:00:54","date_gmt":"2024-03-12T21:00:54","guid":{"rendered":"https:\/\/pasaenmendoza.com\/?p=6054"},"modified":"2024-03-12T22:01:56","modified_gmt":"2024-03-12T21:01:56","slug":"los-reyes-de-la-vendimia-para-todos-tuvieron-su-primer-desayuno-de-la-realeza","status":"publish","type":"post","link":"https:\/\/pasaenmendoza.com\/?p=6054","title":{"rendered":"Los Reyes de la Vendimia para Todos tuvieron su primer Desayuno de la Realeza"},"content":{"rendered":"\n<p>Los&nbsp;<strong>Reyes de la Vendimia para Todos<\/strong>&nbsp;junto a la&nbsp;<strong>Reina y Virreina Nacional de la Vendimia 2024<\/strong>&nbsp;compartieron el primer&nbsp;<strong>Desayuno de la Realeza<\/strong>&nbsp;este martes. El agasajo fue una iniciativa del embajadro del Park Hyatt Mendoza, Mauricio Serra.&nbsp;<strong>Gabriel Canci<\/strong>, creador de la Vendimia para Todos, agradeci\u00f3 la idea y la gentileza.<\/p>\n\n\n\n<p>En el evento estuvo la Reina Nacional de la Vendimia para todos,&nbsp;<strong>Abigail Visedo<\/strong>, Reina Drag Queen Nacional,&nbsp;<strong>Diva Kaluba<\/strong>, el Rey Nacional de la Vendimia para Todos,&nbsp;<strong>Omar Arr\u00edgo<\/strong>,&nbsp;<strong>Agostina Jazm\u00edn Saua<\/strong>, Reina Nacional de la Vendimia, y&nbsp;<strong>Roc\u00edo Neila<\/strong>, Virreina acompa\u00f1adas por el subscretario de Cultura,&nbsp;<strong>Diego Gareca. Tambi\u00e9n estuvo en el evento&nbsp;<\/strong>la Directora de Promoci\u00f3n Tur\u00edstica<strong>, Cristina Mangarelli&nbsp;<\/strong>y<strong>&nbsp;Carolina Meli, Reina de Vendimia para Todos 2022.<\/strong><\/p>\n\n\n\n<p>Esta iniciativa forma parte de una serie de acciones que aporten a la inclusi\u00f3n, entre los Reyes de Vendimia para Todos, autoridades y la prensa.<\/p>\n\n\n\n<p>\u201cEste desayuno que tradicionalmente tambi\u00e9n se hace con las Reinas Nacionales, ahora lo hacemos por primera vez con los Reyes de Vendimia para Todos, junto con la presencia de las flamantes soberanas. Una invitaci\u00f3n a la prensa, para que todos compartamos un momento en una mesa imperial, como un s\u00edmbolo de inclusi\u00f3n y eso lo que vivimos esta ma\u00f1ana. Y contento que sigamos avanzando y cambiando<em>\u201d,<\/em>&nbsp;coment\u00f3 Gabriel Canci.<\/p>\n\n\n\n<p>Con una mesa preparada para la ocasi\u00f3n, con exquisitos y sofisticados postres, que incluyeron los cl\u00e1sicos macarron, bombas de chocolate en forma de uva, entre otros platos, se disfrut\u00f3 de una charla distendida con los reyes, para conocerlos de cerca y continuar con la agenda de Vendimia.<\/p>\n\n\n\n<p>Vendimia Para Todos cuenta con la declaraci\u00f3n de Inter\u00e9s Tur\u00edstico y Cultural de Mendoza, como as\u00ed tambi\u00e9n con un reconocimiento nacional. El Ministerio de Turismo de la Naci\u00f3n la reconoci\u00f3 con el premio mayor a la labor de inclusi\u00f3n social otorgado por la C\u00e1mara de Turismo LGBT+ de Argentina y el INPROTUR. Adem\u00e1s, es parte de la agenda de Vendimia de Mendoza, poniendo en valor la inclusi\u00f3n y d\u00e1ndole voz a las disidencias, en el evento cultural m\u00e1s destacado de la provincia.<\/p>\n\n\n\n<p>Este a\u00f1o, por primera vez,&nbsp;<strong>Gabriel Canci<\/strong>&nbsp;logr\u00f3 llevar la elecci\u00f3n de Reyes de la Vendimia para Todos al Frank Romero Day. Durante la segunda repetici\u00f3n y \u00faltima noche de Vendimia, present\u00f3 en sobre el escenarios a los candidatos y candidatas de la 28\u00ba edici\u00f3n.<\/p>\n\n\n\n<p>Gabriel Canci admiti\u00f3 que su objetivo principal para este a\u00f1o ser\u00e1\u00a0<strong>competir en el concurso p\u00fablico para hacer la Fiesta Nacional de la Vendimia 2025<\/strong>. Y para ello piensa en rodearse de los hacedores de la vendimia.<\/p>\n\n\n\n<p><strong>Fuente: www.diariouno.com.ar<\/strong><\/p>\n","protected":false},"excerpt":{"rendered":"<p>Los&nbsp;Reyes de la Vendimia para Todos&nbsp;junto a la&nbsp;Reina y Virreina Nacional de la Vendimia 2024&nbsp;compartieron el primer&nbsp;Desayuno de la Realeza&nbsp;este martes. El agasajo fue una iniciativa del embajadro del Park Hyatt Mendoza, Mauricio Serra.&nbsp;Gabriel Canci, creador de la Vendimia para Todos, agradeci\u00f3 la idea y la gentileza. En el evento estuvo la Reina Nacional de [&hellip;]<\/p>\n","protected":false},"author":2,"featured_media":6055,"comment_status":"open","ping_status":"open","sticky":false,"template":"","format":"standard","meta":[],"categories":[74],"tags":[],"_links":{"self":[{"href":"https:\/\/pasaenmendoza.com\/index.php?rest_route=\/wp\/v2\/posts\/6054"}],"collection":[{"href":"https:\/\/pasaenmendoza.com\/index.php?rest_route=\/wp\/v2\/posts"}],"about":[{"href":"https:\/\/pasaenmendoza.com\/index.php?rest_route=\/wp\/v2\/types\/post"}],"author":[{"embeddable":true,"href":"https:\/\/pasaenmendoza.com\/index.php?rest_route=\/wp\/v2\/users\/2"}],"replies":[{"embeddable":true,"href":"https:\/\/pasaenmendoza.com\/index.php?rest_route=%2Fwp%2Fv2%2Fcomments&post=6054"}],"version-history":[{"count":2,"href":"https:\/\/pasaenmendoza.com\/index.php?rest_route=\/wp\/v2\/posts\/6054\/revisions"}],"predecessor-version":[{"id":6057,"href":"https:\/\/pasaenmendoza.com\/index.php?rest_route=\/wp\/v2\/posts\/6054\/revisions\/6057"}],"wp:featuredmedia":[{"embeddable":true,"href":"https:\/\/pasaenmendoza.com\/index.php?rest_route=\/wp\/v2\/media\/6055"}],"wp:attachment":[{"href":"https:\/\/pasaenmendoza.com\/index.php?rest_route=%2Fwp%2Fv2%2Fmedia&parent=6054"}],"wp:term":[{"taxonomy":"category","embeddable":true,"href":"https:\/\/pasaenmendoza.com\/index.php?rest_route=%2Fwp%2Fv2%2Fcategories&post=6054"},{"taxonomy":"post_tag","embeddable":true,"href":"https:\/\/pasaenmendoza.com\/index.php?rest_route=%2Fwp%2Fv2%2Ftags&post=6054"}],"curies":[{"name":"wp","href":"https:\/\/api.w.org\/{rel}","templated":true}]}}