{"id":6061,"date":"2024-03-12T22:23:00","date_gmt":"2024-03-12T21:23:00","guid":{"rendered":"https:\/\/pasaenmendoza.com\/?p=6061"},"modified":"2024-03-12T22:23:02","modified_gmt":"2024-03-12T21:23:02","slug":"emilio-agu-es-el-nuevo-jefe-regional-de-anses-en-mendoza","status":"publish","type":"post","link":"https:\/\/pasaenmendoza.com\/?p=6061","title":{"rendered":"Emilio Agu es el nuevo jefe regional de Anses en Mendoza"},"content":{"rendered":"\n<p>La sede regional de&nbsp;<strong>Anses<\/strong>&nbsp;tiene un nuevo director. Se trata de<strong>&nbsp;Jos\u00e9 Emilio Agu<\/strong>&nbsp;y form\u00f3 parte hasta hace unos d\u00edas del&nbsp;<strong>Ministerio de Defensa<\/strong>&nbsp;que encabeza&nbsp;<strong>Luis Petri<\/strong>.<\/p>\n\n\n\n<p>El flamante funcionario a cargo del organismo previsional<mark>&nbsp;es oriundo de Godoy Cruz, tiene 50 a\u00f1os y tambi\u00e9n trabaj\u00f3 como auditor en el&nbsp;<strong>Banco Naci\u00f3n<\/strong>.<\/mark><\/p>\n\n\n\n<p>Su designaci\u00f3n caus\u00f3 sorpresa porque es un ignoto en la pol\u00edtica. A priori, se interpreta que viene del ri\u00f1\u00f3n de Petri.<\/p>\n\n\n\n<p>Ocupar\u00e1 el lugar que dej\u00f3 vacante Carlos Gallo, quien estuvo a cargo del organismo en la provincia durante el periodo 2020-2023 bajo la gesti\u00f3n de Alberto Fern\u00e1ndez.<\/p>\n\n\n\n<p>De esta manera, en la \u00faltima semana se confirmaron dos de los nombres m\u00e1s importantes que restaba definir de organismos nacionales en oficinas de la provincia.<\/p>\n\n\n\n<p>La semana pasada se conoci\u00f3 que<strong>\u00a0Carlos Soloa Vacas<\/strong>, ser\u00eda el nuevo titular del<strong>\u00a0PAMI<\/strong>. En ese caso, lo hizo de la mano de la diputada de\u00a0<strong>La Libertad Avanza<\/strong>,\u00a0<strong>Lourdes Arrieta<\/strong>.<\/p>\n\n\n\n<p><strong>Fuente: www.elsol.com.ar<\/strong><\/p>\n","protected":false},"excerpt":{"rendered":"<p>La sede regional de&nbsp;Anses&nbsp;tiene un nuevo director. Se trata de&nbsp;Jos\u00e9 Emilio Agu&nbsp;y form\u00f3 parte hasta hace unos d\u00edas del&nbsp;Ministerio de Defensa&nbsp;que encabeza&nbsp;Luis Petri. El flamante funcionario a cargo del organismo previsional&nbsp;es oriundo de Godoy Cruz, tiene 50 a\u00f1os y tambi\u00e9n trabaj\u00f3 como auditor en el&nbsp;Banco Naci\u00f3n. Su designaci\u00f3n caus\u00f3 sorpresa porque es un ignoto en [&hellip;]<\/p>\n","protected":false},"author":2,"featured_media":6062,"comment_status":"open","ping_status":"open","sticky":false,"template":"","format":"standard","meta":[],"categories":[57],"tags":[],"_links":{"self":[{"href":"https:\/\/pasaenmendoza.com\/index.php?rest_route=\/wp\/v2\/posts\/6061"}],"collection":[{"href":"https:\/\/pasaenmendoza.com\/index.php?rest_route=\/wp\/v2\/posts"}],"about":[{"href":"https:\/\/pasaenmendoza.com\/index.php?rest_route=\/wp\/v2\/types\/post"}],"author":[{"embeddable":true,"href":"https:\/\/pasaenmendoza.com\/index.php?rest_route=\/wp\/v2\/users\/2"}],"replies":[{"embeddable":true,"href":"https:\/\/pasaenmendoza.com\/index.php?rest_route=%2Fwp%2Fv2%2Fcomments&post=6061"}],"version-history":[{"count":1,"href":"https:\/\/pasaenmendoza.com\/index.php?rest_route=\/wp\/v2\/posts\/6061\/revisions"}],"predecessor-version":[{"id":6063,"href":"https:\/\/pasaenmendoza.com\/index.php?rest_route=\/wp\/v2\/posts\/6061\/revisions\/6063"}],"wp:featuredmedia":[{"embeddable":true,"href":"https:\/\/pasaenmendoza.com\/index.php?rest_route=\/wp\/v2\/media\/6062"}],"wp:attachment":[{"href":"https:\/\/pasaenmendoza.com\/index.php?rest_route=%2Fwp%2Fv2%2Fmedia&parent=6061"}],"wp:term":[{"taxonomy":"category","embeddable":true,"href":"https:\/\/pasaenmendoza.com\/index.php?rest_route=%2Fwp%2Fv2%2Fcategories&post=6061"},{"taxonomy":"post_tag","embeddable":true,"href":"https:\/\/pasaenmendoza.com\/index.php?rest_route=%2Fwp%2Fv2%2Ftags&post=6061"}],"curies":[{"name":"wp","href":"https:\/\/api.w.org\/{rel}","templated":true}]}}