{"id":6065,"date":"2024-03-13T12:01:53","date_gmt":"2024-03-13T11:01:53","guid":{"rendered":"https:\/\/pasaenmendoza.com\/?p=6065"},"modified":"2024-03-13T12:01:54","modified_gmt":"2024-03-13T11:01:54","slug":"alfredo-cornejo-se-reune-con-el-ministro-francos-para-pedirle-detalles-sobre-el-pacto-de-mayo","status":"publish","type":"post","link":"https:\/\/pasaenmendoza.com\/?p=6065","title":{"rendered":"Alfredo Cornejo se re\u00fane con el ministro Francos para pedirle detalles sobre el Pacto de Mayo"},"content":{"rendered":"\n<p>El gobernador mendocino dijo estar dispuesto a colaborar con sus legisladores con los cambios de la Ley \u00d3mnibus, pero reclam\u00f3 que se coparticipen m\u00e1s impuestos<\/p>\n\n\n\n<p>El gobernador<strong>\u00a0Alfredo Cornejo se qued\u00f3 en Buenos Aires tras su disertaci\u00f3n en la AmCham Summit 2024\u00a0<\/strong>porque este mi\u00e9rcoles\u00a0<strong>tendr\u00e1 una reuni\u00f3n a solas con el ministro del Interior, Guillermo Francos<\/strong>. La intenci\u00f3n del mendocino es que el funcionario libertario\u00a0<strong>le d\u00e9 detalles de la letra chica del Pacto de Mayo<\/strong>\u00a0que el presidente pretende firmar con los gobernadores.<\/p>\n\n\n\n<p>Si bien\u00a0Cornejo envi\u00f3 a la vicegobernadora Hebe Casado a la reuni\u00f3n de gobernadores\u00a0de la semana pasada, porque justamente \u00e9l estaba en la feria minera de Canad\u00e1,\u00a0<strong>ahora pretende que Francos le blanquee todo lo que supone firmar aquel dec\u00e1logo<\/strong>\u00a0de pol\u00edticas que Javier Milei pretende rubricar el 25 de mayo en C\u00f3rdoba.<\/p>\n\n\n\n<p>Ser\u00e1 en la reuni\u00f3n que mantendr\u00e1n ambos\u00a0<strong>este mi\u00e9rcoles por la ma\u00f1ana en Casa Rosada.<\/strong>\u00a0En principio se pens\u00f3 que de esa cumbre participar\u00edan los mandatarios de Cuyo, pero luego se confirm\u00f3 que s\u00f3lo asistir\u00eda Cornejo.<\/p>\n\n\n\n<p>De antemano adelant\u00f3 que&nbsp;<strong>apoya el cambio de rumbo que propone Milei<\/strong>, &#8220;porque es pro inversi\u00f3n, pro empresa, pro crecimiento liderado por el sector privado, no liderado por el Estado que nos ha dejado un 40% de pobreza&#8221;, dijo ante la prensa a la salida de su disertaci\u00f3n en la&nbsp;<strong>AmCham Summit 2024<\/strong>.<\/p>\n\n\n\n<p><strong>S\u00ed se distanci\u00f3 de la gesti\u00f3n nacional respecto del impacto del ajuste<\/strong>. &#8220;<strong>Ocurren un mont\u00f3n de inequidades, el ajuste<\/strong>&nbsp;fiscal o el ajuste de la econom\u00eda&nbsp;<strong>no es un objetivo en s\u00ed mismo<\/strong>.&nbsp;<strong>Tiene que servir para que crezca la econom\u00eda<\/strong>, no es s\u00f3lo equilibrar las cuentas, sino hacer reformas estructurales en materia impositiva y laboral para que den sostenibilidad en el tiempo&#8221;, desliz\u00f3.<\/p>\n\n\n\n<p>En su exposici\u00f3n, Cornejo pidi\u00f3\u00a0<strong>sincerar la relaci\u00f3n fiscal entre la Naci\u00f3n y las provincias<\/strong>\u00a0que no es otra cosa que exigirle al Estado nacional que coparticipe una mayor cantidad de impuestos.<\/p>\n\n\n\n<h2 class=\"wp-block-heading\">&#8220;Se deben coparticipar todos los impuestos nacionales&#8221;<\/h2>\n\n\n\n<p>A diferencia de lo que piensan varios de sus pares gobernadores,&nbsp;<strong>Alfredo Cornejo se anota entre quienes apoyan que se restituya el impuesto a las Ganancias<\/strong>, que se coparticipa, y que fue modificado en septiembre pasado por lo que Mendoza perdi\u00f3 en el 2023 m\u00e1s de $60.000 millones, que es&nbsp;<strong>el equivalente a dos masas salariales de los empleados p\u00fablicos mendocinos<\/strong>.<\/p>\n\n\n\n<p>Pero su pataleo no termina ah\u00ed. Tambi\u00e9n insistir\u00e1 en&nbsp;<strong>que se coparticipen todos los impuestos nacionales<\/strong>, algo que -record\u00f3- est\u00e1 previsto en la reforma de la Constituci\u00f3n de 1994.<\/p>\n\n\n\n<p>&#8220;Hay una cl\u00e1usula constitucional que dice que&nbsp;<strong>todos los impuestos que crea el Estado nacional son coparticipables<\/strong>&nbsp;salvo partidas espec\u00edficas. Lo que ha pasado en todo este tiempo que se han creado todos con partidas espec\u00edficas.&nbsp;<strong>Es coparticipable el impuesto al cheque<\/strong>&nbsp;y las provincias no reciben nada, debiera ser coparticipable&nbsp;<strong>el Impuesto Pa\u00eds<\/strong>&nbsp;y est\u00e1 todo afectado al Estado nacional;&nbsp;<strong>las retenciones deber\u00edan ser coparticipables<\/strong>&#8220;, enumer\u00f3.<\/p>\n\n\n\n<p>Y ratific\u00f3 que es partidario de apoyar la iniciativa que la gesti\u00f3n de Milei ya mand\u00f3 al Congreso para restituir el impuesto a las Ganancias. En la vereda de enfrente se ubican los gobernadores patag\u00f3nicos, y los de Buenos Aires, C\u00f3rdoba y Santa Fe.<\/p>\n\n\n\n<p>&#8220;Concuerdo en la distribuci\u00f3n equitativa y el federalismo para acompa\u00f1ar las reformas.\u00a0<strong>Hay que distribuir los impuestos que son coparticipables, pero hay que estar predispuestos a acompa\u00f1ar al Gobierno nacional en esas reformas<\/strong>&#8220;.<\/p>\n\n\n\n<p>FUENTE: Diariouno.com.ar <\/p>\n","protected":false},"excerpt":{"rendered":"<p>El gobernador mendocino dijo estar dispuesto a colaborar con sus legisladores con los cambios de la Ley \u00d3mnibus, pero reclam\u00f3 que se coparticipen m\u00e1s impuestos El gobernador\u00a0Alfredo Cornejo se qued\u00f3 en Buenos Aires tras su disertaci\u00f3n en la AmCham Summit 2024\u00a0porque este mi\u00e9rcoles\u00a0tendr\u00e1 una reuni\u00f3n a solas con el ministro del Interior, Guillermo Francos. La [&hellip;]<\/p>\n","protected":false},"author":2,"featured_media":6066,"comment_status":"open","ping_status":"open","sticky":true,"template":"","format":"standard","meta":[],"categories":[47],"tags":[],"_links":{"self":[{"href":"https:\/\/pasaenmendoza.com\/index.php?rest_route=\/wp\/v2\/posts\/6065"}],"collection":[{"href":"https:\/\/pasaenmendoza.com\/index.php?rest_route=\/wp\/v2\/posts"}],"about":[{"href":"https:\/\/pasaenmendoza.com\/index.php?rest_route=\/wp\/v2\/types\/post"}],"author":[{"embeddable":true,"href":"https:\/\/pasaenmendoza.com\/index.php?rest_route=\/wp\/v2\/users\/2"}],"replies":[{"embeddable":true,"href":"https:\/\/pasaenmendoza.com\/index.php?rest_route=%2Fwp%2Fv2%2Fcomments&post=6065"}],"version-history":[{"count":1,"href":"https:\/\/pasaenmendoza.com\/index.php?rest_route=\/wp\/v2\/posts\/6065\/revisions"}],"predecessor-version":[{"id":6067,"href":"https:\/\/pasaenmendoza.com\/index.php?rest_route=\/wp\/v2\/posts\/6065\/revisions\/6067"}],"wp:featuredmedia":[{"embeddable":true,"href":"https:\/\/pasaenmendoza.com\/index.php?rest_route=\/wp\/v2\/media\/6066"}],"wp:attachment":[{"href":"https:\/\/pasaenmendoza.com\/index.php?rest_route=%2Fwp%2Fv2%2Fmedia&parent=6065"}],"wp:term":[{"taxonomy":"category","embeddable":true,"href":"https:\/\/pasaenmendoza.com\/index.php?rest_route=%2Fwp%2Fv2%2Fcategories&post=6065"},{"taxonomy":"post_tag","embeddable":true,"href":"https:\/\/pasaenmendoza.com\/index.php?rest_route=%2Fwp%2Fv2%2Ftags&post=6065"}],"curies":[{"name":"wp","href":"https:\/\/api.w.org\/{rel}","templated":true}]}}