{"id":6071,"date":"2024-03-13T12:06:58","date_gmt":"2024-03-13T11:06:58","guid":{"rendered":"https:\/\/pasaenmendoza.com\/?p=6071"},"modified":"2024-03-13T12:06:59","modified_gmt":"2024-03-13T11:06:59","slug":"el-gobierno-le-otorgo-una-cifra-millonaria-a-un-fideicomiso","status":"publish","type":"post","link":"https:\/\/pasaenmendoza.com\/?p=6071","title":{"rendered":"El Gobierno le otorg\u00f3 una cifra millonaria a un fideicomiso"},"content":{"rendered":"\n<p>El Gobierno provincial le otorg\u00f3 m\u00e1s de $683 millones al&nbsp;<strong>Fideicomiso de Fomento y Sostenimiento de Empleo<\/strong>, seg\u00fan se inform\u00f3 a trav\u00e9s del decreto 426, publicado este mi\u00e9rcoles en el&nbsp;<strong>Bolet\u00edn Oficial.<\/strong><\/p>\n\n\n\n<p>En la normativa se explica adem\u00e1s que el aporte solicitado ser\u00e1 destinado a la ejecuci\u00f3n de los programas \u201c<em>Enlace<\/em>\u201c, \u201c<em>Enlazados<\/em>\u201d y \u201c<em>Enlazados +50<\/em>\u201c, los cuales se desarrollan bajo la \u00f3rbita del ministerio de Producci\u00f3n.<\/p>\n\n\n\n<p>Este es el segundo desembolso millonario que hace la provincia a este fideicomiso en veinte d\u00edas, ya que el pasado 22 de febrero se le hab\u00eda otorgado 782 millones de pesos.<\/p>\n\n\n\n<p>El Fideicomiso de Fomento y Sostenimiento de Empleo fue creado por el exgobernador Rodolfo Suarez en septiembre del 2020, en plena pandemia del Covid-19, con el objetivo de crear una herramienta para sostener la actividad econ\u00f3mica en aquel entonces.<\/p>\n\n\n\n<p>Su misi\u00f3n es la de \u201c<em>implementar un instrumento de pol\u00edtica econ\u00f3mica tendiente a lograr la sostenibilidad del empleo registrado existente y mejorar las competencias y habilidades de los trabajadores\/as desocupados\/as para promover su inserci\u00f3n laboral\u201d.<\/em><\/p>\n\n\n\n<p>FUENTE: Elsol.com.ar <\/p>\n","protected":false},"excerpt":{"rendered":"<p>El Gobierno provincial le otorg\u00f3 m\u00e1s de $683 millones al&nbsp;Fideicomiso de Fomento y Sostenimiento de Empleo, seg\u00fan se inform\u00f3 a trav\u00e9s del decreto 426, publicado este mi\u00e9rcoles en el&nbsp;Bolet\u00edn Oficial. En la normativa se explica adem\u00e1s que el aporte solicitado ser\u00e1 destinado a la ejecuci\u00f3n de los programas \u201cEnlace\u201c, \u201cEnlazados\u201d y \u201cEnlazados +50\u201c, los cuales [&hellip;]<\/p>\n","protected":false},"author":2,"featured_media":6072,"comment_status":"open","ping_status":"open","sticky":true,"template":"","format":"standard","meta":[],"categories":[47],"tags":[],"_links":{"self":[{"href":"https:\/\/pasaenmendoza.com\/index.php?rest_route=\/wp\/v2\/posts\/6071"}],"collection":[{"href":"https:\/\/pasaenmendoza.com\/index.php?rest_route=\/wp\/v2\/posts"}],"about":[{"href":"https:\/\/pasaenmendoza.com\/index.php?rest_route=\/wp\/v2\/types\/post"}],"author":[{"embeddable":true,"href":"https:\/\/pasaenmendoza.com\/index.php?rest_route=\/wp\/v2\/users\/2"}],"replies":[{"embeddable":true,"href":"https:\/\/pasaenmendoza.com\/index.php?rest_route=%2Fwp%2Fv2%2Fcomments&post=6071"}],"version-history":[{"count":1,"href":"https:\/\/pasaenmendoza.com\/index.php?rest_route=\/wp\/v2\/posts\/6071\/revisions"}],"predecessor-version":[{"id":6073,"href":"https:\/\/pasaenmendoza.com\/index.php?rest_route=\/wp\/v2\/posts\/6071\/revisions\/6073"}],"wp:featuredmedia":[{"embeddable":true,"href":"https:\/\/pasaenmendoza.com\/index.php?rest_route=\/wp\/v2\/media\/6072"}],"wp:attachment":[{"href":"https:\/\/pasaenmendoza.com\/index.php?rest_route=%2Fwp%2Fv2%2Fmedia&parent=6071"}],"wp:term":[{"taxonomy":"category","embeddable":true,"href":"https:\/\/pasaenmendoza.com\/index.php?rest_route=%2Fwp%2Fv2%2Fcategories&post=6071"},{"taxonomy":"post_tag","embeddable":true,"href":"https:\/\/pasaenmendoza.com\/index.php?rest_route=%2Fwp%2Fv2%2Ftags&post=6071"}],"curies":[{"name":"wp","href":"https:\/\/api.w.org\/{rel}","templated":true}]}}