{"id":6074,"date":"2024-03-13T12:10:02","date_gmt":"2024-03-13T11:10:02","guid":{"rendered":"https:\/\/pasaenmendoza.com\/?p=6074"},"modified":"2024-03-13T12:10:03","modified_gmt":"2024-03-13T11:10:03","slug":"el-massismo-mendocino-resiste-el-ingreso-de-alimentos-extranjeros","status":"publish","type":"post","link":"https:\/\/pasaenmendoza.com\/?p=6074","title":{"rendered":"El massismo mendocino resiste el ingreso de alimentos extranjeros"},"content":{"rendered":"\n<p>Este martes, el Gobierno nacional anunci\u00f3 la\u00a0<strong>apertura de la importaci\u00f3n de alimentos de la canasta b\u00e1sica<\/strong>, con el objetivo de frenar la disparada inflacionaria de los productos locales y hacer los precios m\u00e1s competitivos.<\/p>\n\n\n\n<p>Lo anunci\u00f3 el vocero presidencial,\u00a0<strong>Manuel Adorni<\/strong>, quien dijo que esa decisi\u00f3n se cristaliz\u00f3 tras las reuniones que el ministro de Econom\u00eda,\u00a0<strong>Luis Caputo<\/strong>, mantuvo con empresarios: &#8220;En la reuni\u00f3n, los empresarios reconocieron suba de precios por encima de la expectativa de inflaci\u00f3n y por supuesto que el escenario que hab\u00edan evaluado los empresarios era catastr\u00f3fico, algo que no ha ocurrido&#8221;.<\/p>\n\n\n\n<p>Sin embargo, desde la oposici\u00f3n no vieron esta medida como positiva e inmediatamente fue\u00a0<strong>Gabriela Lizana<\/strong>, principal referente de Sergio Massa en Mendoza y parte del bloque peronista, quien repudi\u00f3 la decisi\u00f3n:<strong>\u00a0&#8220;Esta situaci\u00f3n llevar\u00e1 sin dudas a la p\u00e9rdida de empleos en el sector y al cierre de numerosas empresas dedicadas a la producci\u00f3n de alimentos en el pa\u00eds&#8221;<\/strong>.<\/p>\n\n\n\n<p>&#8220;Solicitar al presidente de la Naci\u00f3n,\u00a0<strong>Javier Milei<\/strong>, anule la decisi\u00f3n de Apertura de Importaciones de Alimentos en Argentina, porque va a generar un detrimento significativo para la industria alimentaria nacional, que ser\u00e1 perjudicada por la<strong>\u00a0competencia desleal de productos importados a precios m\u00e1s bajos<\/strong>. Esta situaci\u00f3n llevara sin dudas a la\u00a0<strong>p\u00e9rdida de empleos<\/strong>\u00a0en el sector y al cierre de numerosas empresas dedicadas a la producci\u00f3n de alimentos en el pa\u00eds&#8221;, detall\u00f3 Lizana en el pedido presentado en la Honorable C\u00e1mara de Diputados.\u00a0<\/p>\n\n\n\n<p>En cuanto a la medida nacional, se especific\u00f3 que el Banco Central reducir\u00e1 el plazo de pago de&nbsp;<strong>importaciones de alimentos, bebidas y productos de limpieza, cuidado e higiene personal<\/strong>: pasar\u00e1n de un esquema de pago en cuatro cuotas a los 30, 60, 90 y 120 d\u00edas, a un plazo de pago en una sola cuota a los 30 d\u00edas.<\/p>\n\n\n\n<p>Asimismo, se determin\u00f3 suspender, por el plazo de 120 d\u00edas, el cobro de la percepci\u00f3n de IVA adicional e impuesto a las Ganancias a las importaciones de estos productos y de los medicamentos.<\/p>\n\n\n\n<p><strong>Entre los productos beneficiados se encuentran: bananas, papas, carne de cerdo, caf\u00e9, at\u00fan, productos de cacao, insecticidas, shampoos y pa\u00f1ales<\/strong>.<\/p>\n\n\n\n<p>&#8220;Esta medida alentar\u00e1 la importaci\u00f3n de productos de la canasta b\u00e1sica cuyo precio en el mercado local sea superior al precio internacional, lo que contribuir\u00e1 a una mayor competencia y, en consecuencia, a una ca\u00edda en la inflaci\u00f3n y en el nivel de precio de estos productos&#8221;, resalt\u00f3 el Palacio de Hacienda.<\/p>\n\n\n\n<p>FUENTE: Mendozapost.<\/p>\n","protected":false},"excerpt":{"rendered":"<p>Este martes, el Gobierno nacional anunci\u00f3 la\u00a0apertura de la importaci\u00f3n de alimentos de la canasta b\u00e1sica, con el objetivo de frenar la disparada inflacionaria de los productos locales y hacer los precios m\u00e1s competitivos. Lo anunci\u00f3 el vocero presidencial,\u00a0Manuel Adorni, quien dijo que esa decisi\u00f3n se cristaliz\u00f3 tras las reuniones que el ministro de Econom\u00eda,\u00a0Luis [&hellip;]<\/p>\n","protected":false},"author":2,"featured_media":6075,"comment_status":"open","ping_status":"open","sticky":true,"template":"","format":"standard","meta":[],"categories":[47],"tags":[],"_links":{"self":[{"href":"https:\/\/pasaenmendoza.com\/index.php?rest_route=\/wp\/v2\/posts\/6074"}],"collection":[{"href":"https:\/\/pasaenmendoza.com\/index.php?rest_route=\/wp\/v2\/posts"}],"about":[{"href":"https:\/\/pasaenmendoza.com\/index.php?rest_route=\/wp\/v2\/types\/post"}],"author":[{"embeddable":true,"href":"https:\/\/pasaenmendoza.com\/index.php?rest_route=\/wp\/v2\/users\/2"}],"replies":[{"embeddable":true,"href":"https:\/\/pasaenmendoza.com\/index.php?rest_route=%2Fwp%2Fv2%2Fcomments&post=6074"}],"version-history":[{"count":1,"href":"https:\/\/pasaenmendoza.com\/index.php?rest_route=\/wp\/v2\/posts\/6074\/revisions"}],"predecessor-version":[{"id":6076,"href":"https:\/\/pasaenmendoza.com\/index.php?rest_route=\/wp\/v2\/posts\/6074\/revisions\/6076"}],"wp:featuredmedia":[{"embeddable":true,"href":"https:\/\/pasaenmendoza.com\/index.php?rest_route=\/wp\/v2\/media\/6075"}],"wp:attachment":[{"href":"https:\/\/pasaenmendoza.com\/index.php?rest_route=%2Fwp%2Fv2%2Fmedia&parent=6074"}],"wp:term":[{"taxonomy":"category","embeddable":true,"href":"https:\/\/pasaenmendoza.com\/index.php?rest_route=%2Fwp%2Fv2%2Fcategories&post=6074"},{"taxonomy":"post_tag","embeddable":true,"href":"https:\/\/pasaenmendoza.com\/index.php?rest_route=%2Fwp%2Fv2%2Ftags&post=6074"}],"curies":[{"name":"wp","href":"https:\/\/api.w.org\/{rel}","templated":true}]}}