{"id":6089,"date":"2024-03-13T23:09:36","date_gmt":"2024-03-13T22:09:36","guid":{"rendered":"https:\/\/pasaenmendoza.com\/?p=6089"},"modified":"2024-03-13T23:09:37","modified_gmt":"2024-03-13T22:09:37","slug":"jose-de-mendiguren-critico-la-apertura-de-la-importacion-de-alimentos-destruye-el-empleo","status":"publish","type":"post","link":"https:\/\/pasaenmendoza.com\/?p=6089","title":{"rendered":"Jos\u00e9 de Mendiguren critic\u00f3 la apertura de la importaci\u00f3n de alimentos: &#8220;Destruye el empleo&#8221;"},"content":{"rendered":"\n<p>El anuncio del\u00a0<strong>gobierno de Javier Milei de\u00a0abrir las importaciones de alimentos<\/strong>, ya gener\u00f3 la reacci\u00f3n negativa de algunos sectores de la producci\u00f3n, entre los que se ubica<strong>\u00a0el ex presidente de la Uni\u00f3n Industrial Argentina (UIA), Jos\u00e9 de Mendiguren.<\/strong><\/p>\n\n\n\n<p>Mendiguren se mostr\u00f3 en contra de esta medida, de la cual no hay precisiones por el momento de parte de la cartera de Econom\u00eda de Nicol\u00e1s Caputo y dispar\u00f3:<strong>\u00a0&#8220;<\/strong>Tengo una mirada objetiva de este tema y\u00a0<strong>cuando se hace una apertura unilateral, s\u00f3lo de importaci\u00f3n y no de exportaci\u00f3n lo que estamos haciendo es destruir el empleo y no van a bajar los precios&#8221;.<\/strong><\/p>\n\n\n\n<p>El ex ministro de la Producci\u00f3n de la gesti\u00f3n anterior advirti\u00f3 que &#8220;lo \u00fanico que har\u00e1 el importador es subir los precios y estar en una mesa con dos tel\u00e9fonos. Mientras que<strong>\u00a0vamos a destruir el empleo local\u00a0<\/strong>y le van a dar lugar a lo que produce un chino, en lugar de uno local&#8221;.<\/p>\n\n\n\n<p><strong>&#8220;Yo soy productor, soy industrial y a un pa\u00eds lo saca adelante el crecimiento econ\u00f3mico<\/strong>. Por eso, nosotros en la terrible sequ\u00eda del a\u00f1o pasado, en pleno momento de falta de recursos financieros<strong>, quitamos las retenciones porque apost\u00e1bamos al crecimiento<\/strong>.&nbsp;<strong>Le dec\u00edamos a los productores mendocinos te voy a bajar las retenciones para que vos con menos impuestos puedas producir y exportar. Son dos conceptos totalmente distintos<\/strong>&#8220;, cuestion\u00f3.<\/p>\n\n\n\n<p>Para el ex secretario de Industria del gobierno de Alberto Fern\u00e1ndez, lo que propone el presidente Milei no es un cambio para resolver los problemas. &#8220;<strong>El ajuste econ\u00f3mico es lo peor. Porque si usted hace caer el nivel de actividad, caer\u00e1 el nivel de empleo y por ende cae la recaudaci\u00f3n. Esto es m\u00e1s viejo que el agujero del mate&#8221;<\/strong>, sintetiz\u00f3.<\/p>\n\n\n\n<p>El referente del Frente Renovador puso de ejemplo momentos hist\u00f3ricos en los que se aplicaron recetas econ\u00f3micas similares y lo compar\u00f3 con los finales del gobierno de Fernando de la R\u00faa, o las consecuencias de las pol\u00edticas del ex ministro de Econom\u00eda Jos\u00e9 de Mart\u00ednez de Hoz. &#8220;<strong>Como termin\u00f3 Macri (Mauricio) defolteando el pa\u00eds en pesos<\/strong>&#8220;, solt\u00f3.<\/p>\n\n\n\n<p><strong>Fuente: www.diariouno.com.ar<\/strong><\/p>\n","protected":false},"excerpt":{"rendered":"<p>El anuncio del\u00a0gobierno de Javier Milei de\u00a0abrir las importaciones de alimentos, ya gener\u00f3 la reacci\u00f3n negativa de algunos sectores de la producci\u00f3n, entre los que se ubica\u00a0el ex presidente de la Uni\u00f3n Industrial Argentina (UIA), Jos\u00e9 de Mendiguren. Mendiguren se mostr\u00f3 en contra de esta medida, de la cual no hay precisiones por el momento [&hellip;]<\/p>\n","protected":false},"author":2,"featured_media":6090,"comment_status":"open","ping_status":"open","sticky":false,"template":"","format":"standard","meta":[],"categories":[94],"tags":[],"_links":{"self":[{"href":"https:\/\/pasaenmendoza.com\/index.php?rest_route=\/wp\/v2\/posts\/6089"}],"collection":[{"href":"https:\/\/pasaenmendoza.com\/index.php?rest_route=\/wp\/v2\/posts"}],"about":[{"href":"https:\/\/pasaenmendoza.com\/index.php?rest_route=\/wp\/v2\/types\/post"}],"author":[{"embeddable":true,"href":"https:\/\/pasaenmendoza.com\/index.php?rest_route=\/wp\/v2\/users\/2"}],"replies":[{"embeddable":true,"href":"https:\/\/pasaenmendoza.com\/index.php?rest_route=%2Fwp%2Fv2%2Fcomments&post=6089"}],"version-history":[{"count":1,"href":"https:\/\/pasaenmendoza.com\/index.php?rest_route=\/wp\/v2\/posts\/6089\/revisions"}],"predecessor-version":[{"id":6091,"href":"https:\/\/pasaenmendoza.com\/index.php?rest_route=\/wp\/v2\/posts\/6089\/revisions\/6091"}],"wp:featuredmedia":[{"embeddable":true,"href":"https:\/\/pasaenmendoza.com\/index.php?rest_route=\/wp\/v2\/media\/6090"}],"wp:attachment":[{"href":"https:\/\/pasaenmendoza.com\/index.php?rest_route=%2Fwp%2Fv2%2Fmedia&parent=6089"}],"wp:term":[{"taxonomy":"category","embeddable":true,"href":"https:\/\/pasaenmendoza.com\/index.php?rest_route=%2Fwp%2Fv2%2Fcategories&post=6089"},{"taxonomy":"post_tag","embeddable":true,"href":"https:\/\/pasaenmendoza.com\/index.php?rest_route=%2Fwp%2Fv2%2Ftags&post=6089"}],"curies":[{"name":"wp","href":"https:\/\/api.w.org\/{rel}","templated":true}]}}