{"id":6095,"date":"2024-03-13T23:26:08","date_gmt":"2024-03-13T22:26:08","guid":{"rendered":"https:\/\/pasaenmendoza.com\/?p=6095"},"modified":"2024-03-13T23:26:09","modified_gmt":"2024-03-13T22:26:09","slug":"apertura-de-importaciones-las-alimenticias-hablan-de-sorpresa-y-un-cambio-clave-en-las-reglas","status":"publish","type":"post","link":"https:\/\/pasaenmendoza.com\/?p=6095","title":{"rendered":"Apertura de importaciones: las alimenticias hablan de sorpresa y &#8220;un cambio clave&#8221; en las reglas"},"content":{"rendered":"\n<p>Las empresas alimenticias no recibieron de la mejor forma la determinaci\u00f3n del Gobierno de\u00a0<strong>abrir las importaciones de los alimentos de la canasta b\u00e1sica<\/strong>\u00a0que, seg\u00fan la visi\u00f3n oficial, est\u00e1n mostrando un incremento desmedido.<\/p>\n\n\n\n<p>Dicen que\u00a0<strong>se trata de una medida &#8220;apresurada&#8221;, y que los tom\u00f3 por sorpresa<\/strong>. &#8220;En ninguno de los contactos que tuvimos con funcionarios, que tampoco fueron demasiados, nos mencionaron esta posibilidad. S\u00ed es cierto que se hizo referencia al tema, pero\u00a0<strong>nunca se habl\u00f3 de una medida como esta<\/strong>&#8220;.<\/p>\n\n\n\n<p>El foco del malestar de la industria tiene que ver con que, dicen, se los vuelve a exponer como los culpables de la inflaci\u00f3n. &#8220;<strong>No es casual que se anuncie esto justo el d\u00eda en el que se dar\u00e1 a conocer el \u00edndice de inflaci\u00f3n<\/strong>, que si bien dar\u00e1 una baja, tal vez no es la esperada por el Gobierno&#8221;, dijo el industrial, dejando ver una cuota de oportunismo en el anuncio.<\/p>\n\n\n\n<p>La medida no solo afecta a los fabricantes de alimentos sino a los&nbsp;<strong>supermercados<\/strong>&nbsp;-que se proveen tambi\u00e9n de productos importados-, con quien el ministro de Econom\u00eda,&nbsp;<strong>Luis Caputo<\/strong>, mantuvo encuentros, aunque tampoco se esperaba una determinaci\u00f3n que afectara al negocio.<\/p>\n\n\n\n<p>Para este segmento el efecto se puede leer como positivo, ya que&nbsp;<strong>tendr\u00edan una oferta m\u00e1s grande a la hora de elegir proveedores<\/strong>.<\/p>\n\n\n\n<p>Seg\u00fan las alimenticias esto, adem\u00e1s,&nbsp;<strong>pondr\u00e1 todav\u00eda m\u00e1s tirante la relaci\u00f3n entre alimenticias y supermercados<\/strong>, que tiene altibajos desde hace tiempo, sobre todo cuando desde la gesti\u00f3n anterior se los puso en el lugar de &#8220;comisarios&#8221;, y ten\u00edan la indicaci\u00f3n de no recibir productos con subas de precios, algo que adem\u00e1s deb\u00edan denunciar a la Secretar\u00eda de Comercio.<\/p>\n\n\n\n<p>Ese filtro hoy se mantiene en alg\u00fan punto, y&nbsp;<strong>los supermercados siguen sin recibir mercader\u00eda con alzas que consideran desmedidas<\/strong>.<\/p>\n\n\n\n<p>Los empresarios alimenticios apuntan que este nuevo panorama&nbsp;<strong>&#8220;modifica las reglas de juego&#8221;<\/strong>, y se niegan a ponerse en el lugar de los culpables de la inflaci\u00f3n. &#8220;Es&nbsp;<strong>lo mismo que nos ocurri\u00f3 con el gobierno anterior<\/strong>, que nos pon\u00edan en el lugar de los grandes generadores de la inflaci\u00f3n&#8221;, se quejan, y agregan que &#8220;la diferencia en que este caso no lo hacen abiertamente, aunque s\u00ed aparecen cosas como esta&#8221;.<\/p>\n\n\n\n<p>En cuanto al efecto real que puede tener esta nueva decisi\u00f3n, los industriales apuntan que\u00a0<strong>&#8220;todo depender\u00e1 de los movimientos del d\u00f3lar&#8221;<\/strong>, una variable que hace ya algunos d\u00edas muestra estabilidad.<\/p>\n\n\n\n<h2 class=\"wp-block-heading\">Qu\u00e9 dice la medida oficial<\/h2>\n\n\n\n<p>De acuerdo con lo que comunic\u00f3 el gobierno, se implementar\u00e1n medidas para &#8220;mejorar la competencia y apuntalar la baja de la inflaci\u00f3n&#8221; en los productos de la canasta b\u00e1sica y medicamentos.<\/p>\n\n\n\n<p><strong>El BCRA reducir\u00e1 el plazo de pago de importaciones<\/strong>&nbsp;de alimentos, bebidas y productos de limpieza, cuidado e higiene personal: pasar\u00e1n de un esquema de pago en cuatro cuotas a los 30, 60, 90 y 120 d\u00edas a un plazo de pago en una sola cuota a los 30 d\u00edas.<\/p>\n\n\n\n<p><strong>Adem\u00e1s, se suspender\u00e1n por 120 d\u00edas el cobro de la percepci\u00f3n de IVA adicional e impuesto a las ganancias a las importaciones<\/strong>&nbsp;de estos productos y de los medicamentos.<\/p>\n\n\n\n<p>Esta medida\u00a0<strong>alentar\u00e1 la importaci\u00f3n de productos de la canasta b\u00e1sica cuyo precio en el mercado local sea superior al precio internacional<\/strong>, lo que contribuir\u00e1 a una mayor competencia y, en consecuencia, a una ca\u00edda en la inflaci\u00f3n y en el nivel de precio de estos productos.<\/p>\n\n\n\n<p><strong>Fuente: www.diariouno.com.ar<\/strong><\/p>\n\n\n\n<p><\/p>\n","protected":false},"excerpt":{"rendered":"<p>Las empresas alimenticias no recibieron de la mejor forma la determinaci\u00f3n del Gobierno de\u00a0abrir las importaciones de los alimentos de la canasta b\u00e1sica\u00a0que, seg\u00fan la visi\u00f3n oficial, est\u00e1n mostrando un incremento desmedido. Dicen que\u00a0se trata de una medida &#8220;apresurada&#8221;, y que los tom\u00f3 por sorpresa. &#8220;En ninguno de los contactos que tuvimos con funcionarios, que [&hellip;]<\/p>\n","protected":false},"author":2,"featured_media":6096,"comment_status":"open","ping_status":"open","sticky":false,"template":"","format":"standard","meta":[],"categories":[91],"tags":[],"_links":{"self":[{"href":"https:\/\/pasaenmendoza.com\/index.php?rest_route=\/wp\/v2\/posts\/6095"}],"collection":[{"href":"https:\/\/pasaenmendoza.com\/index.php?rest_route=\/wp\/v2\/posts"}],"about":[{"href":"https:\/\/pasaenmendoza.com\/index.php?rest_route=\/wp\/v2\/types\/post"}],"author":[{"embeddable":true,"href":"https:\/\/pasaenmendoza.com\/index.php?rest_route=\/wp\/v2\/users\/2"}],"replies":[{"embeddable":true,"href":"https:\/\/pasaenmendoza.com\/index.php?rest_route=%2Fwp%2Fv2%2Fcomments&post=6095"}],"version-history":[{"count":1,"href":"https:\/\/pasaenmendoza.com\/index.php?rest_route=\/wp\/v2\/posts\/6095\/revisions"}],"predecessor-version":[{"id":6097,"href":"https:\/\/pasaenmendoza.com\/index.php?rest_route=\/wp\/v2\/posts\/6095\/revisions\/6097"}],"wp:featuredmedia":[{"embeddable":true,"href":"https:\/\/pasaenmendoza.com\/index.php?rest_route=\/wp\/v2\/media\/6096"}],"wp:attachment":[{"href":"https:\/\/pasaenmendoza.com\/index.php?rest_route=%2Fwp%2Fv2%2Fmedia&parent=6095"}],"wp:term":[{"taxonomy":"category","embeddable":true,"href":"https:\/\/pasaenmendoza.com\/index.php?rest_route=%2Fwp%2Fv2%2Fcategories&post=6095"},{"taxonomy":"post_tag","embeddable":true,"href":"https:\/\/pasaenmendoza.com\/index.php?rest_route=%2Fwp%2Fv2%2Ftags&post=6095"}],"curies":[{"name":"wp","href":"https:\/\/api.w.org\/{rel}","templated":true}]}}