{"id":610,"date":"2023-08-10T15:50:25","date_gmt":"2023-08-10T13:50:25","guid":{"rendered":"https:\/\/pasaenmendoza.com\/?p=610"},"modified":"2023-08-10T15:50:25","modified_gmt":"2023-08-10T13:50:25","slug":"efemerides-del-10-de-agosto-hoy-es-el-dia-nacional-de-la-fuerza-aerea","status":"publish","type":"post","link":"https:\/\/pasaenmendoza.com\/?p=610","title":{"rendered":"Efem\u00e9rides del 10 de agosto: hoy es el D\u00eda Nacional de la Fuerza A\u00e9rea"},"content":{"rendered":"\n<p>Un d\u00eda como hoy ocurrieron una serie de sucesos alrededor del mundo que marcaron la<strong>\u00a0historia\u00a0<\/strong>de la humanidad en los aspectos sociales, culturales, pol\u00edticos y art\u00edsticos, entre otros. En esta nota, las principales\u00a0efem\u00e9rides.<\/p>\n\n\n\n<h2 class=\"wp-block-heading\">1519 | Zarp\u00f3 Fernando de Magallanes<\/h2>\n\n\n\n<p>Zarp\u00f3\u00a0del puerto de Sanl\u00facar de Barrameda (C\u00e1diz, Espa\u00f1a) una expedici\u00f3n comandada por el navegante portugu\u00e9s\u00a0<strong>Fernando de Magallanes\u00a0<\/strong>y financiada por la corona espa\u00f1ola en busca de una ruta con \u201clas islas de especias\u201d. Fue la primera expedici\u00f3n en circunnavegar la Tierra. Adem\u00e1s descubri\u00f3 el luego llamado Estrecho de Magallanes entre los oc\u00e9anos Atl\u00e1ntico y Pac\u00edfico.<\/p>\n\n\n\n<h2 class=\"wp-block-heading\">1815 | Academia del Dibujo<\/h2>\n\n\n\n<p>El fraile recoleto Francisco de Paula Casta\u00f1eda, de destacada actuaci\u00f3n en la Revoluci\u00f3n de Mayo de 1810, abre la\u00a0<strong>Academia de Dibujo<\/strong>\u00a0en el edificio del Consulado de Buenos Aires. En 1821, la academia se incorporar\u00eda como c\u00e1tedra de la\u00a0Universidad de Buenos Aires.<\/p>\n\n\n\n<h2 class=\"wp-block-heading\">1878 | Naci\u00f3 Alfredo Palacios<\/h2>\n\n\n\n<p>Naci\u00f3 en Buenos Aires el abogado y legislador\u00a0<strong>Alfredo Palacios<\/strong>, el primer diputado socialista de Am\u00e9rica e impulsor de leyes en defensa de los trabajadores. Inspir\u00f3 a la Reforma Universitaria de 1918. \u201cLa Boca ya tiene dientes\u201d, afirm\u00f3 al ser elegido diputado en 1904, en representaci\u00f3n de la circunscripci\u00f3n de La Boca.<\/p>\n\n\n\n<h2 class=\"wp-block-heading\">1960 | Naci\u00f3 Antonio Banderas<\/h2>\n\n\n\n<p>Naci\u00f3\u00a0en la localidad malague\u00f1a de La Caleta el actor y productor de cine espa\u00f1ol\u00a0<a href=\"https:\/\/www.mdzol.com\/temas\/antonio-banderas-5116.html\">Antonio Banderas<\/a>, ganador de veinte premios, entre ellos dos Goya y uno del Festival de Cine de Cannes. Lleva filmadas 93 pel\u00edculas, entre ellas dos de la saga El Zorro y las exitosas Matador y Mujeres al borde del ataque de nervios, dirigidas por el espa\u00f1ol Pedro Almod\u00f3var.<\/p>\n\n\n\n<h2 class=\"wp-block-heading\">1962 | Aparici\u00f3n del Hombre Ara\u00f1a<\/h2>\n\n\n\n<p>En la revista de historietas Amazing Fantasy de Nueva York apareci\u00f3\u00a0por primera vez la tira del\u00a0<a href=\"https:\/\/www.mdzol.com\/temas\/hombre-arana-1801.html\">Hombre Ara\u00f1a<\/a>\u00a0(Spider Man), creada por los escritores y editores Stan Lee y Steve Ditko en la llamada Edad de Plata del C\u00f3mic estadounidense.<\/p>\n\n\n\n<h2 class=\"wp-block-heading\">1968 | Naci\u00f3 Fabi\u00e1n Vena<\/h2>\n\n\n\n<p>Naci\u00f3\u00a0en Buenos Aires el actor y director de teatro\u00a0<strong>Fabi\u00e1n Vena<\/strong>, ganador de un premio Mart\u00edn Fierro y un Konex. Gan\u00f3 popularidad por su labor en las series televisivas La banda del Golden Rocket y Verdad consecuencia, entre otras. Trabaj\u00f3 en 17 pel\u00edculas, entre ellas Extra\u00f1os en la noche y Un lugar en el mundo.<\/p>\n\n\n\n<h2 class=\"wp-block-heading\">1973 | Naci\u00f3 Javier Zanetti<\/h2>\n\n\n\n<p>Naci\u00f3 en la localidad bonaerense de Dock Sud, el ex futbolista\u00a0<strong>Javier Aldemar Zanetti<\/strong>, el segundo jugador con m\u00e1s partidos en la historia de la selecci\u00f3n argentina y el argentino con m\u00e1s partidos profesionales jugados (1.115). Marc\u00f3 31 goles a lo largo de su carrera de defensor, que desarroll\u00f3 en su mayor parte en el Inter de Mil\u00e1n, que lo tiene como dirigente y uno de sus \u00eddolos.<\/p>\n\n\n\n<h2 class=\"wp-block-heading\">1977 | Naci\u00f3 Luciana Aymar<\/h2>\n\n\n\n<p>Naci\u00f3\u00a0en la ciudad santafesina de Rosario la ex jugadora de hockey sobre c\u00e9sped\u00a0<strong>Luciana Aymar<\/strong>, figura de la selecci\u00f3n argentina Las Leonas y elegida la mejor del mundo en ocho ocasiones, cuatro de ellas consecutivas, entre 2001 y 2013. En 2008 fue declarada \u201cLeyenda del hockey\u201d por la federaci\u00f3n internacional de ese deporte.<\/p>\n\n\n\n<h2 class=\"wp-block-heading\">1993 | Pappo y B.B. King<\/h2>\n\n\n\n<p>El guitarrista de rock&nbsp;<strong>Norberto \u201cPappo\u201d Napolitano<\/strong>&nbsp;toc\u00f3&nbsp;en el Madison Square Garden de Nueva York especialmente invitado para un show de su colega estadounidense B.B. King, uno de los m\u00fasicos m\u00e1s influyentes de la historia del blues. \u201cEs uno de los mejores guitarristas del mundo&#8221;, dijo B.B. King, quien quer\u00eda \u201ctener a este tipo\u201d en su show.<\/p>\n\n\n\n<h2 class=\"wp-block-heading\">2022 | D\u00eda Nacional de la Fuerza A\u00e9rea<\/h2>\n\n\n\n<p>Se celebra el\u00a0D\u00eda Nacional de la Fuerza A\u00e9rea\u00a0en conmemoraci\u00f3n de la fecha de 1912 en la que se cre\u00f3 la Escuela de Aviaci\u00f3n Militar en un predio de la localidad bonaerense de Palomar cedido por el Aero Club Argentino.<\/p>\n\n\n\n<p><strong>Fuente: www.mdzol.com<\/strong><\/p>\n","protected":false},"excerpt":{"rendered":"<p>Un d\u00eda como hoy ocurrieron una serie de sucesos alrededor del mundo que marcaron la\u00a0historia\u00a0de la humanidad en los aspectos sociales, culturales, pol\u00edticos y art\u00edsticos, entre otros. En esta nota, las principales\u00a0efem\u00e9rides. 1519 | Zarp\u00f3 Fernando de Magallanes Zarp\u00f3\u00a0del puerto de Sanl\u00facar de Barrameda (C\u00e1diz, Espa\u00f1a) una expedici\u00f3n comandada por el navegante portugu\u00e9s\u00a0Fernando de Magallanes\u00a0y [&hellip;]<\/p>\n","protected":false},"author":2,"featured_media":611,"comment_status":"open","ping_status":"open","sticky":false,"template":"","format":"standard","meta":[],"categories":[54,50],"tags":[],"_links":{"self":[{"href":"https:\/\/pasaenmendoza.com\/index.php?rest_route=\/wp\/v2\/posts\/610"}],"collection":[{"href":"https:\/\/pasaenmendoza.com\/index.php?rest_route=\/wp\/v2\/posts"}],"about":[{"href":"https:\/\/pasaenmendoza.com\/index.php?rest_route=\/wp\/v2\/types\/post"}],"author":[{"embeddable":true,"href":"https:\/\/pasaenmendoza.com\/index.php?rest_route=\/wp\/v2\/users\/2"}],"replies":[{"embeddable":true,"href":"https:\/\/pasaenmendoza.com\/index.php?rest_route=%2Fwp%2Fv2%2Fcomments&post=610"}],"version-history":[{"count":1,"href":"https:\/\/pasaenmendoza.com\/index.php?rest_route=\/wp\/v2\/posts\/610\/revisions"}],"predecessor-version":[{"id":612,"href":"https:\/\/pasaenmendoza.com\/index.php?rest_route=\/wp\/v2\/posts\/610\/revisions\/612"}],"wp:featuredmedia":[{"embeddable":true,"href":"https:\/\/pasaenmendoza.com\/index.php?rest_route=\/wp\/v2\/media\/611"}],"wp:attachment":[{"href":"https:\/\/pasaenmendoza.com\/index.php?rest_route=%2Fwp%2Fv2%2Fmedia&parent=610"}],"wp:term":[{"taxonomy":"category","embeddable":true,"href":"https:\/\/pasaenmendoza.com\/index.php?rest_route=%2Fwp%2Fv2%2Fcategories&post=610"},{"taxonomy":"post_tag","embeddable":true,"href":"https:\/\/pasaenmendoza.com\/index.php?rest_route=%2Fwp%2Fv2%2Ftags&post=610"}],"curies":[{"name":"wp","href":"https:\/\/api.w.org\/{rel}","templated":true}]}}