{"id":6105,"date":"2024-03-14T15:48:34","date_gmt":"2024-03-14T14:48:34","guid":{"rendered":"https:\/\/pasaenmendoza.com\/?p=6105"},"modified":"2024-03-14T15:48:36","modified_gmt":"2024-03-14T14:48:36","slug":"una-camioneta-se-dio-vuelta-en-acceso-este-y-genero-caos-vehicular","status":"publish","type":"post","link":"https:\/\/pasaenmendoza.com\/?p=6105","title":{"rendered":"Una camioneta se dio vuelta en Acceso Este y gener\u00f3 caos vehicular"},"content":{"rendered":"\n<p>Una&nbsp;<strong>camioneta volc\u00f3&nbsp;<\/strong>la ma\u00f1ana de este jueves en&nbsp;<strong>Acceso Este&nbsp;<\/strong>y Tirasso en Guaymall\u00e9n.<\/p>\n\n\n\n<p>El siniestro vial se produjo a las 8.30, cuando la Toyota Hilux se dirig\u00eda con direcci\u00f3n al Este, hacia la Ciudad de Mendoza.<\/p>\n\n\n\n<p>A la altura de calle Tirasso, seg\u00fan relat\u00f3 el conductor, intent\u00f3 esquivar a un veh\u00edculo que habr\u00eda frenado y termin\u00f3 volcando sobre el separador de carriles.<\/p>\n\n\n\n<p>Al lugar se present\u00f3 personal del Servicio de Emergencia Coordinado y atendi\u00f3 al conductor y a su acompa\u00f1ante, una nena de 3 a\u00f1os. El hombre fue diagnosticado con politraumatismos leves.<\/p>\n\n\n\n<p><strong>Fuente: www.elsol.com.ar<\/strong><\/p>\n","protected":false},"excerpt":{"rendered":"<p>Una&nbsp;camioneta volc\u00f3&nbsp;la ma\u00f1ana de este jueves en&nbsp;Acceso Este&nbsp;y Tirasso en Guaymall\u00e9n. El siniestro vial se produjo a las 8.30, cuando la Toyota Hilux se dirig\u00eda con direcci\u00f3n al Este, hacia la Ciudad de Mendoza. A la altura de calle Tirasso, seg\u00fan relat\u00f3 el conductor, intent\u00f3 esquivar a un veh\u00edculo que habr\u00eda frenado y termin\u00f3 volcando [&hellip;]<\/p>\n","protected":false},"author":2,"featured_media":6107,"comment_status":"open","ping_status":"open","sticky":false,"template":"","format":"standard","meta":[],"categories":[48],"tags":[],"_links":{"self":[{"href":"https:\/\/pasaenmendoza.com\/index.php?rest_route=\/wp\/v2\/posts\/6105"}],"collection":[{"href":"https:\/\/pasaenmendoza.com\/index.php?rest_route=\/wp\/v2\/posts"}],"about":[{"href":"https:\/\/pasaenmendoza.com\/index.php?rest_route=\/wp\/v2\/types\/post"}],"author":[{"embeddable":true,"href":"https:\/\/pasaenmendoza.com\/index.php?rest_route=\/wp\/v2\/users\/2"}],"replies":[{"embeddable":true,"href":"https:\/\/pasaenmendoza.com\/index.php?rest_route=%2Fwp%2Fv2%2Fcomments&post=6105"}],"version-history":[{"count":1,"href":"https:\/\/pasaenmendoza.com\/index.php?rest_route=\/wp\/v2\/posts\/6105\/revisions"}],"predecessor-version":[{"id":6108,"href":"https:\/\/pasaenmendoza.com\/index.php?rest_route=\/wp\/v2\/posts\/6105\/revisions\/6108"}],"wp:featuredmedia":[{"embeddable":true,"href":"https:\/\/pasaenmendoza.com\/index.php?rest_route=\/wp\/v2\/media\/6107"}],"wp:attachment":[{"href":"https:\/\/pasaenmendoza.com\/index.php?rest_route=%2Fwp%2Fv2%2Fmedia&parent=6105"}],"wp:term":[{"taxonomy":"category","embeddable":true,"href":"https:\/\/pasaenmendoza.com\/index.php?rest_route=%2Fwp%2Fv2%2Fcategories&post=6105"},{"taxonomy":"post_tag","embeddable":true,"href":"https:\/\/pasaenmendoza.com\/index.php?rest_route=%2Fwp%2Fv2%2Ftags&post=6105"}],"curies":[{"name":"wp","href":"https:\/\/api.w.org\/{rel}","templated":true}]}}