{"id":6110,"date":"2024-03-14T16:19:46","date_gmt":"2024-03-14T15:19:46","guid":{"rendered":"https:\/\/pasaenmendoza.com\/?p=6110"},"modified":"2024-03-14T16:19:47","modified_gmt":"2024-03-14T15:19:47","slug":"la-postergada-obra-que-usara-lujan-para-negociar-los-fondos-coparticipables","status":"publish","type":"post","link":"https:\/\/pasaenmendoza.com\/?p=6110","title":{"rendered":"La postergada obra que usar\u00e1 Luj\u00e1n para negociar los fondos coparticipables"},"content":{"rendered":"\n<p>Un jefe comunal del Gran Mendoza fue a la Corte para reclamar $15.000 millones al Estado provincial. Sin embargo, si hay una negociaci\u00f3n, se enfoca en una obra central para el departamento. Cu\u00e1l es.<\/p>\n\n\n\n<p>El<strong>\u00a0hospital<\/strong>\u00a0de\u00a0<strong>Luj\u00e1n de Cuyo<\/strong>\u00a0es una vieja promesa. El exgobernador peronista Celso Jaque (hoy intendente de Malarg\u00fce) anunci\u00f3 el 11 de mayo de 2011, en el aniversario del departamento, que licitar\u00eda la primera etapa del centro asistencial.\u00a0Trece a\u00f1os despu\u00e9s, en ese lugar\u00a0s\u00f3lo hay varios consultorios externos, que durante la pandemia funcionaron como centro de vacunaci\u00f3n, pero que\u00a0ni siquiera atienden\u00a0urgencias.<\/p>\n\n\n\n<p>Ante esta situaci\u00f3n, el intendente\u00a0<strong>Esteban Allasino<\/strong>, estar\u00eda dispuesto a sentarse a negociar con el Ejecutivo para llevar adelante la construcci\u00f3n del\u00a0ansiado hospital. En la mesa se pondr\u00e1 el reclamo que Luj\u00e1n hizo ante la\u00a0Suprema Corte por 15 mil millones de pesos\u00a0de coparticipaci\u00f3n tras la anexi\u00f3n\u00a0al territorio lujanino del l\u00edmite entre las calles Terrada y Vieytes y entre Juan Jos\u00e9 Paso y Azcu\u00e9naga y\u00a0Vertientes del Pedemonte.<\/p>\n\n\n\n<p>&#8220;La ciudadan\u00eda nos lo pide todo el tiempo&#8221;, contaron desde el municipio.\u00a0<strong>Allasino\u00a0<\/strong>viene hablando de la obra desde que asumi\u00f3. De hecho, cuando anunci\u00f3 que hab\u00eda hecho la presentaci\u00f3n en la Corte por los 15 mil millones de pesos, enumer\u00f3 las obras que podr\u00eda haber tenido el departamento si hubiera recibido esos fondos. En primer lugar, mencion\u00f3 al hospital. Adem\u00e1s, en di\u00e1logo con MDZ Radio, reconoci\u00f3 que en una eventual negociaci\u00f3n con el Gobierno por el reclamo ante el m\u00e1ximo tribunal estar\u00eda dispuesto a avanzar en un acuerdo por esa obra. &#8220;Necesitamos una guardia pedi\u00e1trica&#8221;, dicen desde la comuna. &#8220;Lo\u00a0que hoy hay no es ni un centro de salud. Es nada. Luj\u00e1n de Cuyo es cada vez m\u00e1s grande y requiere de este hospital&#8221;, aclaran.\u00a0<\/p>\n\n\n\n<p>En julio del a\u00f1o pasado, el gobierno de\u00a0Rodolfo Suarez anunci\u00f3\u00a0que la Provincia llamaba a licitaci\u00f3n para terminar las obras del nuevo\u00a0<strong>hospital<\/strong>\u00a0de Luj\u00e1n. De acuerdo al parte de prensa oficial, &#8220;la licitaci\u00f3n comprend\u00eda la culminaci\u00f3n de los trabajos pendientes y la construcci\u00f3n de nuevas \u00e1reas, que en un principio conformaron la primera etapa de obras en el\u00a0<strong>hospital<\/strong>. El objetivo es que se convierta en un centro de atenci\u00f3n de referencia tanto para Luj\u00e1n como para los departamentos del Valle de Uco&#8221;.<\/p>\n\n\n\n<p>A principios de noviembre del 2023, es decir, cuatro meses despu\u00e9s del llamado a licitaci\u00f3n, la misma se dio por ca\u00edda.\u00a0El decreto 2207, firmado el 24 de octubre por Suarez, expresaba que una sola empresa se present\u00f3 como oferente en la obra a la que el gobierno pretend\u00eda destinar\u00a0$1.764.464.000 con fondos provinciales.\u00a0El presupuesto total de los trabajos ascend\u00eda a $3.132.116.594, de los cuales $1.764.464.000 correspond\u00edan a la obra b\u00e1sica, otros $1.367.152.594\u00a0y $500.000 para gastos generales de la obra. Por lo tanto,la oferta result\u00f3 rechazada\u00a0porque la empresa Corporaci\u00f3n del Sur pas\u00f3 un presupuesto que superaba ese monto. La oferta inicial fue de 4.200 millones de pesos y se pidi\u00f3 una mejora por lo que se baj\u00f3 a 3.900 millones de pesos. A ra\u00edz de ello, el Gobierno rechaz\u00f3 la propuesta y desafect\u00f3 los fondos.<\/p>\n\n\n\n<p>Ahora, el\u00a0<strong>intendente<\/strong>\u00a0lujanino vuelve a reclamar por el\u00a0<strong>hospital\u00a0<\/strong>que fue promesa de otra d\u00e9cada pero que considera una necesidad vigente.<\/p>\n\n\n\n<p>FUENTE: MDZonline.<\/p>\n","protected":false},"excerpt":{"rendered":"<p>Un jefe comunal del Gran Mendoza fue a la Corte para reclamar $15.000 millones al Estado provincial. Sin embargo, si hay una negociaci\u00f3n, se enfoca en una obra central para el departamento. Cu\u00e1l es. El\u00a0hospital\u00a0de\u00a0Luj\u00e1n de Cuyo\u00a0es una vieja promesa. El exgobernador peronista Celso Jaque (hoy intendente de Malarg\u00fce) anunci\u00f3 el 11 de mayo de [&hellip;]<\/p>\n","protected":false},"author":2,"featured_media":6116,"comment_status":"open","ping_status":"open","sticky":true,"template":"","format":"standard","meta":[],"categories":[47],"tags":[],"_links":{"self":[{"href":"https:\/\/pasaenmendoza.com\/index.php?rest_route=\/wp\/v2\/posts\/6110"}],"collection":[{"href":"https:\/\/pasaenmendoza.com\/index.php?rest_route=\/wp\/v2\/posts"}],"about":[{"href":"https:\/\/pasaenmendoza.com\/index.php?rest_route=\/wp\/v2\/types\/post"}],"author":[{"embeddable":true,"href":"https:\/\/pasaenmendoza.com\/index.php?rest_route=\/wp\/v2\/users\/2"}],"replies":[{"embeddable":true,"href":"https:\/\/pasaenmendoza.com\/index.php?rest_route=%2Fwp%2Fv2%2Fcomments&post=6110"}],"version-history":[{"count":1,"href":"https:\/\/pasaenmendoza.com\/index.php?rest_route=\/wp\/v2\/posts\/6110\/revisions"}],"predecessor-version":[{"id":6117,"href":"https:\/\/pasaenmendoza.com\/index.php?rest_route=\/wp\/v2\/posts\/6110\/revisions\/6117"}],"wp:featuredmedia":[{"embeddable":true,"href":"https:\/\/pasaenmendoza.com\/index.php?rest_route=\/wp\/v2\/media\/6116"}],"wp:attachment":[{"href":"https:\/\/pasaenmendoza.com\/index.php?rest_route=%2Fwp%2Fv2%2Fmedia&parent=6110"}],"wp:term":[{"taxonomy":"category","embeddable":true,"href":"https:\/\/pasaenmendoza.com\/index.php?rest_route=%2Fwp%2Fv2%2Fcategories&post=6110"},{"taxonomy":"post_tag","embeddable":true,"href":"https:\/\/pasaenmendoza.com\/index.php?rest_route=%2Fwp%2Fv2%2Ftags&post=6110"}],"curies":[{"name":"wp","href":"https:\/\/api.w.org\/{rel}","templated":true}]}}