{"id":6113,"date":"2024-03-14T15:53:38","date_gmt":"2024-03-14T14:53:38","guid":{"rendered":"https:\/\/pasaenmendoza.com\/?p=6113"},"modified":"2024-03-14T15:53:39","modified_gmt":"2024-03-14T14:53:39","slug":"terrible-vuelco-en-la-rotonda-de-los-pueblos-originarios","status":"publish","type":"post","link":"https:\/\/pasaenmendoza.com\/?p=6113","title":{"rendered":"Terrible vuelco en la rotonda de los Pueblos Originarios"},"content":{"rendered":"\n<p>Un<strong>&nbsp;aparatoso incidente v\u00edal&nbsp;<\/strong>se produjo a media ma\u00f1ana de este&nbsp;<strong>jueves<\/strong>&nbsp;en el&nbsp;<strong>Parque General San Mart\u00edn.<\/strong>&nbsp;All\u00ed, un conductor perdi\u00f3 el dominio de su veh\u00edculo por causas que las pericias todav\u00eda est\u00e1n intentando determinar, y el auto en el que se trasladaba<strong>&nbsp;termin\u00f3 volcando.<\/strong><\/p>\n\n\n\n<p>En principio, del accidente<strong>&nbsp;no particip\u00f3 ning\u00fan otro veh\u00edculo,<\/strong>&nbsp;aunque la declaraci\u00f3n testimonial de la v\u00edctima del accidente ser\u00e1 fundamental para terminar de entender la mec\u00e1nica del vuelco. El sujeto, un hombre mayor de edad, sufri\u00f3 algunos golpes y heridas leves que no fueron de consideraci\u00f3n.<\/p>\n\n\n\n<p>Las primeras hip\u00f3tesis de los agentes de tr\u00e1nsito fueron que el auto, un\u00a0<strong>Renault Clio negro,<\/strong>\u00a0transitaba a una<strong>\u00a0velocidad m\u00e1s alta de la permitida<\/strong>\u00a0para ese sector de la<strong>\u00a0avenida El Libertador.<\/strong><\/p>\n\n\n\n<p>El epicentro del incidente fue la rotonda del<strong>\u00a0Parque de los Pueblos Originarios (ex Parque Aborigen),<\/strong>\u00a0en las inmediaciones del Cerro de la Gloria, el Ecoparque y la avenida Champagnat, lindante a la Universidad Nacional de Cuyo.<\/p>\n\n\n\n<p>El siniestro vial<strong>\u00a0no afect\u00f3 el curso normal del tr\u00e1nsito,\u00a0<\/strong>aunque se vivieron leves demoras principalmente por los curiosos que bajaban la velocidad para apreciar lo impactante del veh\u00edculo dado vuelta al costado del asfalto.<\/p>\n\n\n\n<p><strong>Fuente: www.mendozapost.com<\/strong><\/p>\n","protected":false},"excerpt":{"rendered":"<p>Un&nbsp;aparatoso incidente v\u00edal&nbsp;se produjo a media ma\u00f1ana de este&nbsp;jueves&nbsp;en el&nbsp;Parque General San Mart\u00edn.&nbsp;All\u00ed, un conductor perdi\u00f3 el dominio de su veh\u00edculo por causas que las pericias todav\u00eda est\u00e1n intentando determinar, y el auto en el que se trasladaba&nbsp;termin\u00f3 volcando. En principio, del accidente&nbsp;no particip\u00f3 ning\u00fan otro veh\u00edculo,&nbsp;aunque la declaraci\u00f3n testimonial de la v\u00edctima del accidente [&hellip;]<\/p>\n","protected":false},"author":2,"featured_media":6114,"comment_status":"open","ping_status":"open","sticky":false,"template":"","format":"standard","meta":[],"categories":[48],"tags":[],"_links":{"self":[{"href":"https:\/\/pasaenmendoza.com\/index.php?rest_route=\/wp\/v2\/posts\/6113"}],"collection":[{"href":"https:\/\/pasaenmendoza.com\/index.php?rest_route=\/wp\/v2\/posts"}],"about":[{"href":"https:\/\/pasaenmendoza.com\/index.php?rest_route=\/wp\/v2\/types\/post"}],"author":[{"embeddable":true,"href":"https:\/\/pasaenmendoza.com\/index.php?rest_route=\/wp\/v2\/users\/2"}],"replies":[{"embeddable":true,"href":"https:\/\/pasaenmendoza.com\/index.php?rest_route=%2Fwp%2Fv2%2Fcomments&post=6113"}],"version-history":[{"count":1,"href":"https:\/\/pasaenmendoza.com\/index.php?rest_route=\/wp\/v2\/posts\/6113\/revisions"}],"predecessor-version":[{"id":6115,"href":"https:\/\/pasaenmendoza.com\/index.php?rest_route=\/wp\/v2\/posts\/6113\/revisions\/6115"}],"wp:featuredmedia":[{"embeddable":true,"href":"https:\/\/pasaenmendoza.com\/index.php?rest_route=\/wp\/v2\/media\/6114"}],"wp:attachment":[{"href":"https:\/\/pasaenmendoza.com\/index.php?rest_route=%2Fwp%2Fv2%2Fmedia&parent=6113"}],"wp:term":[{"taxonomy":"category","embeddable":true,"href":"https:\/\/pasaenmendoza.com\/index.php?rest_route=%2Fwp%2Fv2%2Fcategories&post=6113"},{"taxonomy":"post_tag","embeddable":true,"href":"https:\/\/pasaenmendoza.com\/index.php?rest_route=%2Fwp%2Fv2%2Ftags&post=6113"}],"curies":[{"name":"wp","href":"https:\/\/api.w.org\/{rel}","templated":true}]}}