{"id":6124,"date":"2024-03-14T16:29:19","date_gmt":"2024-03-14T15:29:19","guid":{"rendered":"https:\/\/pasaenmendoza.com\/?p=6124"},"modified":"2024-03-14T16:29:20","modified_gmt":"2024-03-14T15:29:20","slug":"los-mendocinos-dividen-su-voto-mientras-el-senado-se-encamina-a-rechazar-el-dnu","status":"publish","type":"post","link":"https:\/\/pasaenmendoza.com\/?p=6124","title":{"rendered":"Los mendocinos dividen su voto mientras el Senado se encamina a rechazar el DNU"},"content":{"rendered":"\n<p>El Senado dio quorum para tratarlo en sesi\u00f3n. Juri y Suarez votar\u00e1n a favor. Fern\u00e1ndez lo rechazar\u00e1 sum\u00e1ndose a la postura que, por ahora, es la mayoritaria<\/p>\n\n\n\n<p><strong>La oposici\u00f3n consigui\u00f3 qu\u00f3rum para tratar el\u00a0DNU de Javier Milei.\u00a0<\/strong>Senadores de todas las fuerzas fueron convocados por la vicepresidenta Victoria Villarruel- que luego quiso dar marcha atr\u00e1s por la cr\u00edtica del Presidente pero no tuvo \u00e9xito- a tratarlo.\u00a0<strong>De los tres mendocinos, dos apoyan el decreto y una no.<\/strong><\/p>\n\n\n\n<p>Con 45 senadores presentes y 27 ausentes, se dio el qu\u00f3rum necesario para comenzar la sesi\u00f3n en la C\u00e1mara de Senadores. Adem\u00e1s del DNU que desregula la econom\u00eda se tratar\u00e1n otras leyes.<\/p>\n\n\n\n<p>Respecto del DNU, la diferencia en los votos mendocinos est\u00e1 muy marcada.&nbsp;<strong>Anabel Fern\u00e1ndez Sagasti<\/strong>, representante de Uni\u00f3n por la Patria en la Comisi\u00f3n Bicameral que lo trat\u00f3, ha dejado clara su postura por el rechazo m\u00e1s de una vez. En cambio, los dos radicales, votar\u00e1n a favor.<\/p>\n\n\n\n<p><strong>Rodolfo Suarez<\/strong>, por ejemplo, asegur\u00f3 a primera hora que dar\u00e1 el s\u00ed porque &#8220;a un gobierno que reci\u00e9n comienza hay que darle las herramientas que pide. Es lo que vot\u00f3 la gente&#8221;.\u00a0<strong>Mariana Juri<\/strong>, su compa\u00f1era de banca, va por el mismo camino.<\/p>\n\n\n\n<h2 class=\"wp-block-heading\">Clima tenso, negociaciones de \u00faltimo momento y posible rechazo en el Senado<\/h2>\n\n\n\n<p>El senador Suarez, ex gobernador de Mendoza, reconoci\u00f3 que, a pesar de que se mantienen las negociaciones hasta el \u00faltimo momento en medio de un clima de tensi\u00f3n, &#8220;aparentemente&nbsp;<strong>se tratar\u00e1 el DNU y la mayor\u00eda lo est\u00e1 rechazando<\/strong>&#8220;.<\/p>\n\n\n\n<p>En di\u00e1logo con&nbsp;<strong>Hola Mendoza, por canal 7<\/strong>, Suarez advirti\u00f3 que &#8220;la jornada se viene tensa y con un debate muy encendido&#8221;.<\/p>\n\n\n\n<p>Su voto ser\u00e1 a favor y espera poder torcer la balanza en ese sentido &#8220;porque creo que no le har\u00eda bien ni al Gobierno ni a la gente. Pero parece que la mayor\u00eda va por otro lado&#8221;.<\/p>\n\n\n\n<p>La convocatoria a la sesi\u00f3n gener\u00f3 un cortocircuito en la relaci\u00f3n entre Milei y Villarruel, y hay quienes hasta consideran que la vice lo hizo a prop\u00f3sito, a sabiendas de que ser\u00eda rechazado en el Senado, para desestabilizar al Presidente.<\/p>\n\n\n\n<p>Lo que es importante resaltar de todas maneras es que con el solo rechazo de una de las c\u00e1maras no se cae el DNU.&nbsp;<strong>La vigencia del mismo se mantiene hasta tanto no resulte rechazado tanto por el Senado como por Diputados&nbsp;<\/strong>por lo que, en los efectos, el posible voto negativo mayoritario de hoy no cambiar\u00e1 nada.<\/p>\n\n\n\n<p>&#8220;Saber c\u00f3mo puede seguir todo es dif\u00edcil de predecirlo en esta Argentina. Los an\u00e1lisis se podr\u00e1n hacer luego&#8221;, ya con el resultado de la C\u00e1mara baja. Claro que, m\u00e1s all\u00e1 de que en cuanto a efectos jur\u00eddicos puede no haber cambios, pol\u00edticamente el rechazo en el Senado se sentir\u00e1 como un cimbronazo; m\u00e1s a\u00fan despu\u00e9s del fracaso de la Ley \u00d3mnibus.<\/p>\n\n\n\n<p>Suarez adelant\u00f3 que, a pesar de que todo se encamina hacia la votaci\u00f3n, &#8220;hay una postura de postergar el debate y que se trate m\u00e1s adelante porque, al mismo tiempo, los gobernadores est\u00e1n esperando la nueva ley \u00d3mnibus y el Pacto de Mayo&#8221;. Esta intenci\u00f3n, que fue sugerida por Villarruel el jueves, no tendr\u00eda asidero porque &#8220;creo que no est\u00e1n los votos ni para prorrogarlo ni para aprobarlo en el Senado&#8221;.<\/p>\n\n\n\n<p>De todas maneras, como siempre pasa en el Congreso, &#8220;todo puede cambiar durante la ma\u00f1ana&#8221;.<\/p>\n\n\n\n<h2 class=\"wp-block-heading\">Fern\u00e1ndez Sagasti estuvo en el momento justo<\/h2>\n\n\n\n<p><strong>Justo en el momento en el\u00a0que la Oficina de Presidencia emit\u00eda un comunicado en contra de la vice, Victoria Villarruel, ella estaba reunida con la Comisi\u00f3n Bicameral<\/strong>\u00a0de la que forma parte la mendocina Fern\u00e1ndez Sagasti.<\/p>\n\n\n\n<p>&#8220;Est\u00e1bamos todos con los celulares y le\u00edmos el comunicado en conjunto&#8221;, cont\u00f3 la senadora peronista sobre la intimidad de ese momento.<\/p>\n\n\n\n<p>En el comunicado, sin nombrar a Villarruel, el Presidente expres\u00f3 su &#8220;preocupaci\u00f3n por la decisi\u00f3n unilateral de algunos sectores de la clase pol\u00edtica que pretenden avanzar con una agenda propia e inconsulta&#8221;, por lo que el momento result\u00f3 bastante inc\u00f3modo.<\/p>\n\n\n\n<p>Fern\u00e1ndez Sagasti se limit\u00f3 a contar que, apenas leyeron el escrito, Villarruel &#8220;plante\u00f3 postergar el debate una semana pero la mayor\u00eda de los bloques le dijimos que no correspond\u00eda&#8221;.<\/p>\n\n\n\n<p>M\u00e1s detalles no quiso dar por tratarse de una &#8220;reuni\u00f3n privada&#8221;; pero&nbsp;<strong>defendi\u00f3 la convocatoria a sesi\u00f3n de la vicepresidencia porque la misma se da &#8220;seg\u00fan un llamado a sesi\u00f3n pedido por 42 senadores y ella tiene la obligaci\u00f3n&#8221;<\/strong>&nbsp;de hacerla.<\/p>\n\n\n\n<p>Sobre el&nbsp;<strong>DNU&nbsp;<\/strong>en particular, Fern\u00e1ndez Sagasti opin\u00f3 que &#8220;es a todas luces&nbsp;<strong>inconstitucional y avasalla las facultades legislativas<\/strong>&nbsp;otorgadas a este Congreso, al no cumplir con los requisitos formales que la Constituci\u00f3n Nacional exige&#8221;.<\/p>\n\n\n\n<p><strong>Adelant\u00f3 su voto negativo<\/strong>\u00a0pero advirti\u00f3 al Gobierno nacional su disposici\u00f3n para construir consenso: &#8220;Estamos dispuestos a dar el debate serio y profundo que requiere la construcci\u00f3n de consensos con mirada federal que impulse la sanci\u00f3n de leyes que mejoren la vida de los argentinos&#8221;.<\/p>\n\n\n\n<p>FUENTE: Diariouno.com.ar <\/p>\n","protected":false},"excerpt":{"rendered":"<p>El Senado dio quorum para tratarlo en sesi\u00f3n. Juri y Suarez votar\u00e1n a favor. Fern\u00e1ndez lo rechazar\u00e1 sum\u00e1ndose a la postura que, por ahora, es la mayoritaria La oposici\u00f3n consigui\u00f3 qu\u00f3rum para tratar el\u00a0DNU de Javier Milei.\u00a0Senadores de todas las fuerzas fueron convocados por la vicepresidenta Victoria Villarruel- que luego quiso dar marcha atr\u00e1s por [&hellip;]<\/p>\n","protected":false},"author":2,"featured_media":6125,"comment_status":"open","ping_status":"open","sticky":true,"template":"","format":"standard","meta":[],"categories":[47],"tags":[],"_links":{"self":[{"href":"https:\/\/pasaenmendoza.com\/index.php?rest_route=\/wp\/v2\/posts\/6124"}],"collection":[{"href":"https:\/\/pasaenmendoza.com\/index.php?rest_route=\/wp\/v2\/posts"}],"about":[{"href":"https:\/\/pasaenmendoza.com\/index.php?rest_route=\/wp\/v2\/types\/post"}],"author":[{"embeddable":true,"href":"https:\/\/pasaenmendoza.com\/index.php?rest_route=\/wp\/v2\/users\/2"}],"replies":[{"embeddable":true,"href":"https:\/\/pasaenmendoza.com\/index.php?rest_route=%2Fwp%2Fv2%2Fcomments&post=6124"}],"version-history":[{"count":1,"href":"https:\/\/pasaenmendoza.com\/index.php?rest_route=\/wp\/v2\/posts\/6124\/revisions"}],"predecessor-version":[{"id":6126,"href":"https:\/\/pasaenmendoza.com\/index.php?rest_route=\/wp\/v2\/posts\/6124\/revisions\/6126"}],"wp:featuredmedia":[{"embeddable":true,"href":"https:\/\/pasaenmendoza.com\/index.php?rest_route=\/wp\/v2\/media\/6125"}],"wp:attachment":[{"href":"https:\/\/pasaenmendoza.com\/index.php?rest_route=%2Fwp%2Fv2%2Fmedia&parent=6124"}],"wp:term":[{"taxonomy":"category","embeddable":true,"href":"https:\/\/pasaenmendoza.com\/index.php?rest_route=%2Fwp%2Fv2%2Fcategories&post=6124"},{"taxonomy":"post_tag","embeddable":true,"href":"https:\/\/pasaenmendoza.com\/index.php?rest_route=%2Fwp%2Fv2%2Ftags&post=6124"}],"curies":[{"name":"wp","href":"https:\/\/api.w.org\/{rel}","templated":true}]}}