{"id":6127,"date":"2024-03-14T23:21:05","date_gmt":"2024-03-14T22:21:05","guid":{"rendered":"https:\/\/pasaenmendoza.com\/?p=6127"},"modified":"2024-03-14T23:21:07","modified_gmt":"2024-03-14T22:21:07","slug":"afip-decomiso-mas-de-2-800-toneladas-de-ajo-en-distintos-operativos-en-mendoza","status":"publish","type":"post","link":"https:\/\/pasaenmendoza.com\/?p=6127","title":{"rendered":"AFIP decomis\u00f3 m\u00e1s de 2.800 toneladas de ajo en distintos operativos en Mendoza"},"content":{"rendered":"\n<p>La\u00a0<strong>AFIP<\/strong>, a trav\u00e9s de la Direcci\u00f3n General Impositiva (DGI), realiz\u00f3 diferentes operativos de fiscalizaci\u00f3n que resultaron en la interdicci\u00f3n de\u00a0<strong>2.850 toneladas de ajo almacenadas en galpones de acopio en el Gran Mendoza y Valle de Uco<\/strong>.<\/p>\n\n\n\n<p>La mercader\u00eda fue decomisada debido a la falta de documentaci\u00f3n que respalde su trazabilidad, como facturas o Documento de Tr\u00e1nsito Vegetal (DTV).<\/p>\n\n\n\n<p>Seg\u00fan los datos aportados por el Instituto Nacional de Tecnolog\u00eda Agropecuaria (INTA), la totalidad de<strong>&nbsp;las toneladas de ajo secuestradas est\u00e1 valuada en unos $2.800 millones<\/strong>. El hallazgo equivaldr\u00eda a&nbsp;<strong>m\u00e1s de 100 camiones cargados de ajo.<\/strong><\/p>\n\n\n\n<p>Estas acciones de control y fiscalizaci\u00f3n desarticularon\u00a0<strong>presuntas maniobras irregulares relacionadas con la producci\u00f3n y comercializaci\u00f3n de productos agr\u00edcolas.<\/strong>\u00a0Los operativos, realizados en colaboraci\u00f3n con fuerzas de Seguridad como la Gendarmer\u00eda Nacional, tuvieron lugar en Tupungato y en Colonia Bombal de Maip\u00fa.<\/p>\n\n\n\n<p>La causa principal de la interdicci\u00f3n es la&nbsp;<strong>falta de respaldo documental v\u00e1lido que justifique la tenencia de la mercader\u00eda almacenada.<\/strong>&nbsp;La AFIP monitore\u00f3 la actividad en la zona y observ\u00f3 movimientos inusuales en terrenos con actividades no declaradas, lo que llev\u00f3 a la realizaci\u00f3n de los operativos.<\/p>\n\n\n\n<h2 class=\"wp-block-heading\">Lucha contra la competencia desleal<\/h2>\n\n\n\n<p>Los agentes especializados del organismo, con la colaboraci\u00f3n de la Gendarmer\u00eda Nacional, inspeccionaron las plantas de acopio, donde se encontraron cantidades abundantes de ajo en infracci\u00f3n:&nbsp;<strong>2.500 toneladas en una planta y 350 toneladas en otra<\/strong>, las cuales fueron secuestradas en su totalidad.<\/p>\n\n\n\n<p><strong>Los responsables de las plantas no pudieron presentar la documentaci\u00f3n que respaldara la legalidad de la tenencia de la mercader\u00eda<\/strong>, lo que sugiere que podr\u00eda haber sido adquirida de manera irregular.<\/p>\n\n\n\n<p>&#8220;Estas acciones de la AFIP no s\u00f3lo representan una lucha contra la competencia desleal, sino tambi\u00e9n una defensa de los productores agropecuarios que operan de acuerdo con las normativas vigentes&#8221;, destacaron desde el organismo de control en su comunicado oficial.<\/p>\n\n\n\n<p><strong>Fuente: www.diariouno.com.ar<\/strong><\/p>\n","protected":false},"excerpt":{"rendered":"<p>La\u00a0AFIP, a trav\u00e9s de la Direcci\u00f3n General Impositiva (DGI), realiz\u00f3 diferentes operativos de fiscalizaci\u00f3n que resultaron en la interdicci\u00f3n de\u00a02.850 toneladas de ajo almacenadas en galpones de acopio en el Gran Mendoza y Valle de Uco. La mercader\u00eda fue decomisada debido a la falta de documentaci\u00f3n que respalde su trazabilidad, como facturas o Documento de [&hellip;]<\/p>\n","protected":false},"author":2,"featured_media":6128,"comment_status":"open","ping_status":"open","sticky":false,"template":"","format":"standard","meta":[],"categories":[93],"tags":[],"_links":{"self":[{"href":"https:\/\/pasaenmendoza.com\/index.php?rest_route=\/wp\/v2\/posts\/6127"}],"collection":[{"href":"https:\/\/pasaenmendoza.com\/index.php?rest_route=\/wp\/v2\/posts"}],"about":[{"href":"https:\/\/pasaenmendoza.com\/index.php?rest_route=\/wp\/v2\/types\/post"}],"author":[{"embeddable":true,"href":"https:\/\/pasaenmendoza.com\/index.php?rest_route=\/wp\/v2\/users\/2"}],"replies":[{"embeddable":true,"href":"https:\/\/pasaenmendoza.com\/index.php?rest_route=%2Fwp%2Fv2%2Fcomments&post=6127"}],"version-history":[{"count":1,"href":"https:\/\/pasaenmendoza.com\/index.php?rest_route=\/wp\/v2\/posts\/6127\/revisions"}],"predecessor-version":[{"id":6129,"href":"https:\/\/pasaenmendoza.com\/index.php?rest_route=\/wp\/v2\/posts\/6127\/revisions\/6129"}],"wp:featuredmedia":[{"embeddable":true,"href":"https:\/\/pasaenmendoza.com\/index.php?rest_route=\/wp\/v2\/media\/6128"}],"wp:attachment":[{"href":"https:\/\/pasaenmendoza.com\/index.php?rest_route=%2Fwp%2Fv2%2Fmedia&parent=6127"}],"wp:term":[{"taxonomy":"category","embeddable":true,"href":"https:\/\/pasaenmendoza.com\/index.php?rest_route=%2Fwp%2Fv2%2Fcategories&post=6127"},{"taxonomy":"post_tag","embeddable":true,"href":"https:\/\/pasaenmendoza.com\/index.php?rest_route=%2Fwp%2Fv2%2Ftags&post=6127"}],"curies":[{"name":"wp","href":"https:\/\/api.w.org\/{rel}","templated":true}]}}