{"id":613,"date":"2023-08-10T17:31:04","date_gmt":"2023-08-10T15:31:04","guid":{"rendered":"https:\/\/pasaenmendoza.com\/?p=613"},"modified":"2023-08-10T17:37:28","modified_gmt":"2023-08-10T15:37:28","slug":"clientelismo-daniel-orozco-comprara-15-mil-bolsones-de-alimentos-para-repartir-en-el-mes-de-las-elecciones","status":"publish","type":"post","link":"https:\/\/pasaenmendoza.com\/?p=613","title":{"rendered":"Clientelismo: Daniel Orozco comprar\u00e1 15 mil bolsones de alimentos para repartir en el mes de las elecciones"},"content":{"rendered":"\n<p>El intendente de Las Heras<strong>\u00a0Daniel Orozco<\/strong>\u00a0y\u00a0<strong>Janina Ortiz<\/strong>, secretaria de Gobierno, se casaron y se fueron juntos en un viaje de placer; un movimiento oportuno para ellos, pero fuera de contexto para la realidad pol\u00edtica que viven. Es que,<strong>\u00a0la mujer puede ser imputada por coacci\u00f3n,<\/strong> medida que est\u00e1 suspendida solo por una maniobra dilatoria que se resolver\u00e1 el lunes. Ambos son candidatos,\u00a0<strong>Orozco\u00a0<\/strong>a vicegobernador y Ortiz a legisladora, mientras que\u00a0Las Heras es el epicentro pol\u00edtico de las peleas. Pues, antes de viajar, la pareja dej\u00f3 preparada parte de la estrategia electoral con una mega licitaci\u00f3n para repartir bolsones de alimentos.\u00a0<\/p>\n\n\n\n<p>Esa licitaci\u00f3n tiene plazos muy oportunos que coinciden con las elecciones: la apertura de sobres y adjudicaci\u00f3n es a fines de agosto y los bolsones de alimentos deben estar disponibles a lo largo de septiembre. En total, repartir\u00e1n 15 mil bolsones de alimentos y para ello se invertir\u00e1n 120 millones de pesos. El universo de alcance es de al menos 60 mil personas.&nbsp;Se trata de&nbsp;una compra inusual, pues no hay antecedentes en esa comuna. <strong>La &#8220;canasta &#8221; electoral incluye productos b\u00e1sicos, con abundancia de harinas.<\/strong><\/p>\n\n\n\n<p>Seg\u00fan los registros,&nbsp;<strong>Las Heras&nbsp;<\/strong>realiza compra de alimentos, pero a una escala mucho menor. Este a\u00f1o, por ejemplo, hab\u00edan realizado compras por 13 millones. Esa licitaci\u00f3n fue en mayo, tambi\u00e9n antes de las elecciones primarias.&nbsp; Es decir, el bols\u00f3n electoral para las generales es 10 veces m\u00e1s grande en monto y volumen. No hay eufemismos: se trata de bolsones que deben ser entregados listos para repartir.&nbsp;&nbsp;&#8220;Los m\u00f3dulos deben ser entregados y armados, en forma individual y en bolsas negras sin ninguna leyenda. Los mismos ser\u00e1n entregados en forma parcial dentro del plazo de dos&nbsp;semanas, coordinando con la Direcci\u00f3n de Desarrollo Social&#8221;, dice el pliego, que tiene un valor de 120 mil pesos. El gasto previsto por todo es de&nbsp;120.110.400 pesos.<\/p>\n\n\n\n<p>El a\u00f1o pasado no hubo una compra de alimentos de esa magnitud. S\u00ed, hay adquisiciones frecuentes de alimentos para \u00e1gapes. Los bolsones electorales tendr\u00e1n &#8220;2 paquetes de yerba por 500 grs,&nbsp;2 paquetes de arroz por 1.000 grs, 2 paquetes de az\u00facar por 1.000 grs,&nbsp;2 paquetes de harina 0000 por 1.000 grs, 2 paquetes de fideos soperos por 500 grs, 2 botellas de aceite girasol por 900 cm3,&nbsp;2 paquetes de fideos guiseros por 500 grs, 2 paquetes de fideos tallar\u00edn por 500 grs,&nbsp;2 caja de t\u00e9&nbsp;por 25 saquitos (2grs),&nbsp;2 paquetes de lentejas por 400 grs&nbsp; y 1 caja de leche tipo ilolay por 800 grs&#8221;.<\/p>\n\n\n\n<figure class=\"wp-block-image size-full\"><img decoding=\"async\" loading=\"lazy\" width=\"768\" height=\"775\" src=\"https:\/\/pasaenmendoza.com\/wp-content\/uploads\/2023\/08\/nota-pedido-1.webp\" alt=\"\" class=\"wp-image-615\" srcset=\"https:\/\/pasaenmendoza.com\/wp-content\/uploads\/2023\/08\/nota-pedido-1.webp 768w, https:\/\/pasaenmendoza.com\/wp-content\/uploads\/2023\/08\/nota-pedido-1-297x300.webp 297w, https:\/\/pasaenmendoza.com\/wp-content\/uploads\/2023\/08\/nota-pedido-1-150x151.webp 150w, https:\/\/pasaenmendoza.com\/wp-content\/uploads\/2023\/08\/nota-pedido-1-300x303.webp 300w, https:\/\/pasaenmendoza.com\/wp-content\/uploads\/2023\/08\/nota-pedido-1-696x702.webp 696w\" sizes=\"(max-width: 768px) 100vw, 768px\" \/><\/figure>\n\n\n\n<p><strong>Daniel Orozco<\/strong>&nbsp;es candidato a vicegobernador por la Uni\u00f3n Mendocina, acompa\u00f1ando a Omar De Marchi en la f\u00f3rmula. Fue dos veces intendente de Las Heras, pero bajo el paraguas de Cambia Mendoza. Este a\u00f1o rompi\u00f3 sorpresivamente con el oficialismo tras no acordar su lugar y el Janina Ortiz en las listas.&nbsp;<strong>Orozco&nbsp;<\/strong>quer\u00eda tener el monopolio de las decisiones para la sucesi\u00f3n en Las Heras, garantizar su presencia y la de su pareja en las candidaturas. Alfredo Cornejo no accedi\u00f3 y rompieron de manera intempestiva. En el medio ocurri\u00f3 de todo. Ortiz est\u00e1 acusada de haber presionado a una mujer de Las Heras para grabar y extorsionar a dirigentes pol\u00edticos.&nbsp;<\/p>\n\n\n\n<p><strong>Fuente: www.mdzol.com<\/strong><\/p>\n","protected":false},"excerpt":{"rendered":"<p>El intendente de Las Heras\u00a0Daniel Orozco\u00a0y\u00a0Janina Ortiz, secretaria de Gobierno, se casaron y se fueron juntos en un viaje de placer; un movimiento oportuno para ellos, pero fuera de contexto para la realidad pol\u00edtica que viven. Es que,\u00a0la mujer puede ser imputada por coacci\u00f3n, medida que est\u00e1 suspendida solo por una maniobra dilatoria que se [&hellip;]<\/p>\n","protected":false},"author":2,"featured_media":616,"comment_status":"open","ping_status":"open","sticky":false,"template":"","format":"standard","meta":[],"categories":[47],"tags":[],"_links":{"self":[{"href":"https:\/\/pasaenmendoza.com\/index.php?rest_route=\/wp\/v2\/posts\/613"}],"collection":[{"href":"https:\/\/pasaenmendoza.com\/index.php?rest_route=\/wp\/v2\/posts"}],"about":[{"href":"https:\/\/pasaenmendoza.com\/index.php?rest_route=\/wp\/v2\/types\/post"}],"author":[{"embeddable":true,"href":"https:\/\/pasaenmendoza.com\/index.php?rest_route=\/wp\/v2\/users\/2"}],"replies":[{"embeddable":true,"href":"https:\/\/pasaenmendoza.com\/index.php?rest_route=%2Fwp%2Fv2%2Fcomments&post=613"}],"version-history":[{"count":3,"href":"https:\/\/pasaenmendoza.com\/index.php?rest_route=\/wp\/v2\/posts\/613\/revisions"}],"predecessor-version":[{"id":619,"href":"https:\/\/pasaenmendoza.com\/index.php?rest_route=\/wp\/v2\/posts\/613\/revisions\/619"}],"wp:featuredmedia":[{"embeddable":true,"href":"https:\/\/pasaenmendoza.com\/index.php?rest_route=\/wp\/v2\/media\/616"}],"wp:attachment":[{"href":"https:\/\/pasaenmendoza.com\/index.php?rest_route=%2Fwp%2Fv2%2Fmedia&parent=613"}],"wp:term":[{"taxonomy":"category","embeddable":true,"href":"https:\/\/pasaenmendoza.com\/index.php?rest_route=%2Fwp%2Fv2%2Fcategories&post=613"},{"taxonomy":"post_tag","embeddable":true,"href":"https:\/\/pasaenmendoza.com\/index.php?rest_route=%2Fwp%2Fv2%2Ftags&post=613"}],"curies":[{"name":"wp","href":"https:\/\/api.w.org\/{rel}","templated":true}]}}