{"id":6130,"date":"2024-03-14T23:26:21","date_gmt":"2024-03-14T22:26:21","guid":{"rendered":"https:\/\/pasaenmendoza.com\/?p=6130"},"modified":"2024-03-14T23:26:22","modified_gmt":"2024-03-14T22:26:22","slug":"el-paro-nacional-de-las-universidades-publicas-tuvo-un-acatamiento-dispar-en-mendoza","status":"publish","type":"post","link":"https:\/\/pasaenmendoza.com\/?p=6130","title":{"rendered":"El paro nacional de las universidades p\u00fablicas tuvo un acatamiento dispar en Mendoza"},"content":{"rendered":"\n<p><strong>El paro nacional de\u00a0universidades\u00a0p\u00fablicas tuvo un acatamiento dispar este jueves en Mendoza.<\/strong>\u00a0La<strong>\u00a0UTN<\/strong>\u00a0sufri\u00f3 m\u00e1s la interrupci\u00f3n de su actividad acad\u00e9mica cotidiana, mientras que en la Universidad Nacional de Cuyo (<strong>UNCuyo<\/strong>) algunas facultades se vieron m\u00e1s afectadas que otras.<\/p>\n\n\n\n<p>Un 50% de los docentes de la UTN adhirieron al paro y no dictaron sus clases habituales, seg\u00fan estimaciones de Fagdut, el gremio que los nuclea. Y la organizaci\u00f3n que representa a los no docentes de la UTN, Aputn estim\u00f3 para&nbsp;<strong>la Universidad Tecnol\u00f3gica Nacional Regional Mendoza solo en turno ma\u00f1ana un promedio del 90% de adhesi\u00f3n&nbsp;<\/strong>a esta huelga sin asistencia al lugar de trabajo.&nbsp;<strong>Y por la tarde el n\u00famero fue contundente: 99%<\/strong>. A nivel nacional, la UTN mantuvo cerradas las puertas de su Rectorado en Buenos Aires y el acatamiento fue del 95%, seg\u00fan relevamiento del sindicato que representa a los no docentes universitarios.<\/p>\n\n\n\n<p>En cambio,<strong>\u00a0la UNCuyo vivi\u00f3 una jornada dispar en cuanto al desarrollo normal de sus actividades<\/strong>, ya que en esa universidad\u00a0<strong>el d\u00eda no trabajado no se paga<\/strong>, de acuerdo a una resoluci\u00f3n vigente. Esto signific\u00f3 que el temor a no cobrar la jornada laboral por plegarse al paro hizo que muchos docentes y no docentes cumplieran con sus obligaciones pese a estar de acuerdo y con derecho al reclamo a trav\u00e9s de esta medida de fuerza.<\/p>\n\n\n\n<p>El paro de universidades fue convocado por el Frente Universitario Nacional y&nbsp;<strong>en la provincia uni\u00f3 bajo la misma causa a los tres sindicatos universitarios m\u00e1s importantes<\/strong>: Fadiunc (Federaci\u00f3n de Asociaciones de Docentes e Investigadores de la UNCuyo), Sindicato Docente de la UNCuyo (Siduncu) y el gremio de Personal de Apoyo Acad\u00e9mico de la Universidad Nacional de Cuyo-UNCuyo (Atuncu) que ser\u00edan los no docentes que cumplen funciones en la UNCuyo.<\/p>\n\n\n\n<p>&#8220;El paro es para&nbsp;<strong>parar la motosierra del gobierno nacional<\/strong>, que desfinancia las universidades p\u00fablicas, el presupuesto nos tiene en una situaci\u00f3n cr\u00edtica y de emergencia, y por otro lado con salarios docentes y no docentes congelados&#8221;, declar\u00f3 Noelia Naranjo, secretaria general del sindicato de docentes de la UNCuyo en contacto con la prensa.<\/p>\n\n\n\n<p>Mientras que Gustavo T\u00edmpano, del gremio no docente de la UNCuyo, confirm\u00f3 que &#8220;el acatamiento ha sido dispar porque\u00a0<strong>de las 58 universidades p\u00fablicas del pa\u00eds, la de Mendoza es la \u00fanica que amenaz\u00f3 con descontar el d\u00eda\u00a0<\/strong>no trabajado a quien se sumara al paro&#8221;. No obstante, defini\u00f3 como &#8220;positiva&#8221; la medida de fuerza y el plan de lucha &#8220;porque nos une a los gremios de docentes y no docentes de las universidades, y porque a pesar de estar amenazados por no cobrar el d\u00eda de paro hubo varias facultades con alto acatamiento&#8221;.<\/p>\n\n\n\n<h2 class=\"wp-block-heading\">Un d\u00eda antes del paro, Milei anunci\u00f3 m\u00e1s plata para las universidades<\/h2>\n\n\n\n<p>Un d\u00eda antes del paro de universidades p\u00fablicas, que cont\u00f3 con el apoyo de la CGT y la CTA a nivel nacional, el presidente Javier Milei sali\u00f3 a anunciar&nbsp;<strong>un incremento del 70% en el presupuesto de los 58 claustros acad\u00e9micos<\/strong>&nbsp;que tiene la Argentina.<\/p>\n\n\n\n<p>Sin embargo,\u00a0<strong>el Consejo Interuniversitario Nacional (CIN) hab\u00eda solicitado un 300%<\/strong>\u00a0de aumento debido a que el dinero con el que cuentan las universidades para funcionar este 2024 viene del a\u00f1o pasado y hab\u00eda sido aprobado en 2022; o sea, el presupuesto qued\u00f3 totalmente desfasado a la realidad econ\u00f3mica actual con una inflaci\u00f3n interanual que lleg\u00f3 al 276% en febrero.<\/p>\n\n\n\n<p>&#8220;Este 70% que promete Milei es para el funcionamiento de las universidades, y aunque as\u00ed fuera y se cumpliera porque hasta ahora es promesa, representa menos del 5% del presupuesto general de la Universidad donde no est\u00e1 contemplado salarios y\u00a0<strong>s\u00f3lo alcanzar\u00eda para que las universidades paguen un mes o dos meses m\u00e1s el gas o los servicios<\/strong>; es una burla&#8221;, afirm\u00f3 Noelia Naranjo en representaci\u00f3n del gremio docente de la UNCuyo.<\/p>\n\n\n\n<h2 class=\"wp-block-heading\">La rectora de la UNCuyo apoya el reclamo pero no el paro<\/h2>\n\n\n\n<p>La rectora de la Universidad Nacional de Cuyo, Esther S\u00e1nchez, se promulg\u00f3 a favor de los reclamos que llevaron al paro nacional de este jueves y que los considera &#8220;justos&#8221;. Sin embargo, consider\u00f3 que&nbsp;<strong>la medida de fuerza no va en lineamiento con el prop\u00f3sito de la universidad que es de contenci\u00f3n a los estudiantes.<\/strong><\/p>\n\n\n\n<p>En este sentido, aval\u00f3 su decisi\u00f3n de\u00a0<strong>no pagar el d\u00eda no trabajado a los docentes y no docentes que adhirieron al paro<\/strong>\u00a0<strong>nacional<\/strong>. Y en la\u00a0primera reuni\u00f3n anual del Consejo Superior de la UNCuyo\u00a0manifest\u00f3 a su personal acad\u00e9mico: \u201cEsta rectora va a encabezar una marcha si deciden hacer una marcha; va a participar de clases p\u00fablicas o de un abrazo simb\u00f3lico de la universidad si esas son las propuestas (&#8230;)\u00a0<strong>voy a ser muy f\u00e9rrea en la determinaci\u00f3n de defenderlos<\/strong>\u201d.<\/p>\n\n\n\n<p>\u201cLo importante es que nuestros estudiantes est\u00e9n contenidos porque, sobre todo los m\u00e1s j\u00f3venes, no la est\u00e1n pasando bien. Tenemos la obligaci\u00f3n y la responsabilidad de estar al lado y de cuidar a esos chicos. Considero que<strong>\u00a0el paro es un derecho adquirido<\/strong>\u00a0y que pueden expresarse de ese modo. Si ustedes me dijeran que se van a expresar fuera del horario de clase, les dir\u00eda que los acompa\u00f1o y le pedir\u00eda al resto de la universidad que los acompa\u00f1e; pero\u00a0<strong>no me pidan que como cabeza de la universidad no tome las medidas necesarias para que los estudiantes est\u00e9n contenidos<\/strong>, que son la raz\u00f3n de ser de nuestra universidad\u201d, concluy\u00f3.<\/p>\n\n\n\n<p>Como ha ocurrido con otros paros universitarios,&nbsp;<strong>la Universidad Nacional de Cuyo no pudo revelar en esta misma jornada el nivel de acatamiento de sus docentes y no docentes<\/strong>, ya que cada facultad refleja diferentes realidades. Por ejemplo, facultades como la de Derecho, Ciencias M\u00e9dicas, Ingenier\u00eda o Ciencias Econ\u00f3micas generalmente mantienen un bajo n\u00famero de trabajadores que hacen paro; mientras que otras como la de Ciencias Sociales, Artes y Dise\u00f1o, Filosof\u00eda y Letras o la Facultad de Educaci\u00f3n suelen tener m\u00e1s personal adherido a la medida de fuerza.<\/p>\n\n\n\n<h2 class=\"wp-block-heading\">Un 30% de acatamiento en los colegios de la UNCuyo<\/h2>\n\n\n\n<p>La adhesi\u00f3n al paro nacional de universidades p\u00fablicas en Mendoza toc\u00f3 los colegios de la UNCuyo. De acuerdo al relevamiento de la propia Universidad,&nbsp;<strong>en las seis escuelas de nivel secundario que dependen de la Universidad Nacional de Cuyo, y en el Rectorado, el acatamiento al paro fue del 20% en promedio.<\/strong><\/p>\n\n\n\n<p>&#8220;Al promediar el mediod\u00eda la actividad en el Rectorado era pr\u00e1cticamente normal, con un nivel de adhesi\u00f3n a la medida de fuerza convocada por los gremios docentes y no docente cercana al 10%&#8221;, comunicaron desde la UNCuyo. Y sobre los colegios detallaron que &#8220;los docentes y el personal de apoyo acad\u00e9mico de los secundarios de la universidad acompa\u00f1aron el paro en un 30% en promedio&#8221;.<\/p>\n\n\n\n<p>De los seis colegios, el comunicado de la UNCuyo destac\u00f3 que &#8220;en la Escuela de Agricultura de General Alvear la actividad fue normal ya que\u00a0<strong>no hubo adhesi\u00f3n al paro<\/strong>&#8220;. En tanto, &#8220;en el Mart\u00edn Zapata hubo un 7% de adhesi\u00f3n de docentes y un 5% de no docentes; en el Magisterio hubo un 10% de acatamiento al paro en docentes y el personal de apoyo no hizo paro&#8221;.<\/p>\n\n\n\n<p>El informe sobre el paro que hizo la instituci\u00f3n continu\u00f3 con el Colegio Universitario Central (CUC) donde &#8220;los no docentes no se plegaron a la medida de fuerza en tanto los profesores lo hicieron en un 31%&#8221;.<\/p>\n\n\n\n<p>En el DAD informaron que los no docentes se adhirieron en un 50% y los profesores en un 60%. Y en el Liceo Agr\u00edcola, un 50% de los docentes adhirieron y el 80% de los no docentes.<\/p>\n\n\n\n<p><strong>Fuente: www.diariouno.com.ar<\/strong><\/p>\n","protected":false},"excerpt":{"rendered":"<p>El paro nacional de\u00a0universidades\u00a0p\u00fablicas tuvo un acatamiento dispar este jueves en Mendoza.\u00a0La\u00a0UTN\u00a0sufri\u00f3 m\u00e1s la interrupci\u00f3n de su actividad acad\u00e9mica cotidiana, mientras que en la Universidad Nacional de Cuyo (UNCuyo) algunas facultades se vieron m\u00e1s afectadas que otras. Un 50% de los docentes de la UTN adhirieron al paro y no dictaron sus clases habituales, seg\u00fan [&hellip;]<\/p>\n","protected":false},"author":2,"featured_media":6131,"comment_status":"open","ping_status":"open","sticky":false,"template":"","format":"standard","meta":[],"categories":[56],"tags":[],"_links":{"self":[{"href":"https:\/\/pasaenmendoza.com\/index.php?rest_route=\/wp\/v2\/posts\/6130"}],"collection":[{"href":"https:\/\/pasaenmendoza.com\/index.php?rest_route=\/wp\/v2\/posts"}],"about":[{"href":"https:\/\/pasaenmendoza.com\/index.php?rest_route=\/wp\/v2\/types\/post"}],"author":[{"embeddable":true,"href":"https:\/\/pasaenmendoza.com\/index.php?rest_route=\/wp\/v2\/users\/2"}],"replies":[{"embeddable":true,"href":"https:\/\/pasaenmendoza.com\/index.php?rest_route=%2Fwp%2Fv2%2Fcomments&post=6130"}],"version-history":[{"count":1,"href":"https:\/\/pasaenmendoza.com\/index.php?rest_route=\/wp\/v2\/posts\/6130\/revisions"}],"predecessor-version":[{"id":6132,"href":"https:\/\/pasaenmendoza.com\/index.php?rest_route=\/wp\/v2\/posts\/6130\/revisions\/6132"}],"wp:featuredmedia":[{"embeddable":true,"href":"https:\/\/pasaenmendoza.com\/index.php?rest_route=\/wp\/v2\/media\/6131"}],"wp:attachment":[{"href":"https:\/\/pasaenmendoza.com\/index.php?rest_route=%2Fwp%2Fv2%2Fmedia&parent=6130"}],"wp:term":[{"taxonomy":"category","embeddable":true,"href":"https:\/\/pasaenmendoza.com\/index.php?rest_route=%2Fwp%2Fv2%2Fcategories&post=6130"},{"taxonomy":"post_tag","embeddable":true,"href":"https:\/\/pasaenmendoza.com\/index.php?rest_route=%2Fwp%2Fv2%2Ftags&post=6130"}],"curies":[{"name":"wp","href":"https:\/\/api.w.org\/{rel}","templated":true}]}}