{"id":6133,"date":"2024-03-14T23:31:56","date_gmt":"2024-03-14T22:31:56","guid":{"rendered":"https:\/\/pasaenmendoza.com\/?p=6133"},"modified":"2024-03-14T23:31:57","modified_gmt":"2024-03-14T22:31:57","slug":"la-nacion-corto-la-provision-de-medicamentos-a-pacientes-oncologicos-y-mendoza-asumio-los-costos","status":"publish","type":"post","link":"https:\/\/pasaenmendoza.com\/?p=6133","title":{"rendered":"La Naci\u00f3n cort\u00f3 la provisi\u00f3n de medicamentos a pacientes oncol\u00f3gicos y Mendoza asumi\u00f3 los costos"},"content":{"rendered":"\n<p>El jefe del<strong>\u00a0Programa Oncol\u00f3gico de Mendoza, Adolfo Cap\u00f3<\/strong>, asegur\u00f3 este mi\u00e9rcoles que<strong>\u00a0comienza a normalizarse la\u00a0entrega de medicaci\u00f3n\u00a0oncol\u00f3gica de alto costo,\u00a0<\/strong>luego de que el gobierno nacional dejara de realizar la distribuci\u00f3n a pacientes cr\u00f3nicos en la provincia, que estaban dentro del Programa Federal de Salud (Profe).<\/p>\n\n\n\n<p><strong>Cap\u00f3 confirm\u00f3 que Mendoza tuvo que absorber esta asistencia,\u00a0<\/strong>en un contexto de incrementos constantes en estas drogas.<\/p>\n\n\n\n<p>&#8220;<strong>De Naci\u00f3n no estamos recibiendo absolutamente nada<\/strong>. Nos hemos hecho cargo de todo.<strong>\u00a0Claramente nos afect\u00f3 porque el financiamiento implica el equivalente a un mes del costo del total de los pacientes que tenemos dentro de nuestra \u00f3rbita<\/strong>\u00a0y que no tienen cobertura de otra naturaleza&#8221;, destac\u00f3 el especialista.<\/p>\n\n\n\n<p>En Mendoza ya estaban bajo la asistencia de Mendoza entre 600 y 700 pacientes. Ahora se suman nuevas personas con patolog\u00eda que no tienen cobertura social y requieren tratamientos muy costosos.<\/p>\n\n\n\n<p>Cap\u00f3 recalc\u00f3 que<strong>\u00a0son remedios que rondan entre los $5 millones y los $20 millones por paciente y por mes<\/strong>.<\/p>\n\n\n\n<p>Hace algunas semanas estas drogas no se comercializaban por no haberse fijado un precio y seg\u00fan el profesional&nbsp;<strong>&#8220;fue un caos&#8221;, que impact\u00f3 tanto en el sistema p\u00fablico como en el privado.<\/strong><\/p>\n\n\n\n<p>&#8220;Buena parte de estos pacientes est\u00e1n retomando su medicaci\u00f3n y haciendo el tratamiento y quienes quedan pendientes son tres drogas, en los que hab\u00eda problemas de log\u00edstica con la llegada de la medicaci\u00f3n a la provincia&#8221;, aclar\u00f3 el funcionario.<\/p>\n\n\n\n<h2 class=\"wp-block-heading\"><strong>La decisi\u00f3n del Ministerio de Capital Humano<\/strong><\/h2>\n\n\n\n<p>La ministra de Capital Humano, Sandra Pettovello, despu\u00e9s que una auditor\u00eda interna en la compra de medicamentos de muy alto costo, detect\u00f3 irregularidades en la compra con sobreprecios a trav\u00e9s de \u201ccompras dirigidas\u201d, y selecci\u00f3n antojadiza de proveedores y presupuestos informales.<\/p>\n\n\n\n<p>Seg\u00fan se detall\u00f3, las operaciones se realizaron a trav\u00e9s de la Direcci\u00f3n de Asistencia Directa por Situaciones Especiales (DADSE) que depend\u00eda de Desarrollo Social en la gesti\u00f3n nacional anterior y frente a esto lo traslad\u00f3 a la \u00f3rbita de Salud.<\/p>\n\n\n\n<p><strong>Fuente: www.diariouno.com.ar<\/strong><\/p>\n","protected":false},"excerpt":{"rendered":"<p>El jefe del\u00a0Programa Oncol\u00f3gico de Mendoza, Adolfo Cap\u00f3, asegur\u00f3 este mi\u00e9rcoles que\u00a0comienza a normalizarse la\u00a0entrega de medicaci\u00f3n\u00a0oncol\u00f3gica de alto costo,\u00a0luego de que el gobierno nacional dejara de realizar la distribuci\u00f3n a pacientes cr\u00f3nicos en la provincia, que estaban dentro del Programa Federal de Salud (Profe). Cap\u00f3 confirm\u00f3 que Mendoza tuvo que absorber esta asistencia,\u00a0en un [&hellip;]<\/p>\n","protected":false},"author":2,"featured_media":6134,"comment_status":"open","ping_status":"open","sticky":false,"template":"","format":"standard","meta":[],"categories":[58],"tags":[],"_links":{"self":[{"href":"https:\/\/pasaenmendoza.com\/index.php?rest_route=\/wp\/v2\/posts\/6133"}],"collection":[{"href":"https:\/\/pasaenmendoza.com\/index.php?rest_route=\/wp\/v2\/posts"}],"about":[{"href":"https:\/\/pasaenmendoza.com\/index.php?rest_route=\/wp\/v2\/types\/post"}],"author":[{"embeddable":true,"href":"https:\/\/pasaenmendoza.com\/index.php?rest_route=\/wp\/v2\/users\/2"}],"replies":[{"embeddable":true,"href":"https:\/\/pasaenmendoza.com\/index.php?rest_route=%2Fwp%2Fv2%2Fcomments&post=6133"}],"version-history":[{"count":1,"href":"https:\/\/pasaenmendoza.com\/index.php?rest_route=\/wp\/v2\/posts\/6133\/revisions"}],"predecessor-version":[{"id":6135,"href":"https:\/\/pasaenmendoza.com\/index.php?rest_route=\/wp\/v2\/posts\/6133\/revisions\/6135"}],"wp:featuredmedia":[{"embeddable":true,"href":"https:\/\/pasaenmendoza.com\/index.php?rest_route=\/wp\/v2\/media\/6134"}],"wp:attachment":[{"href":"https:\/\/pasaenmendoza.com\/index.php?rest_route=%2Fwp%2Fv2%2Fmedia&parent=6133"}],"wp:term":[{"taxonomy":"category","embeddable":true,"href":"https:\/\/pasaenmendoza.com\/index.php?rest_route=%2Fwp%2Fv2%2Fcategories&post=6133"},{"taxonomy":"post_tag","embeddable":true,"href":"https:\/\/pasaenmendoza.com\/index.php?rest_route=%2Fwp%2Fv2%2Ftags&post=6133"}],"curies":[{"name":"wp","href":"https:\/\/api.w.org\/{rel}","templated":true}]}}