{"id":6139,"date":"2024-03-15T13:24:52","date_gmt":"2024-03-15T12:24:52","guid":{"rendered":"https:\/\/pasaenmendoza.com\/?p=6139"},"modified":"2024-03-15T13:24:53","modified_gmt":"2024-03-15T12:24:53","slug":"este-viernes-y-el-fin-de-semana-siguen-los-dias-agradables","status":"publish","type":"post","link":"https:\/\/pasaenmendoza.com\/?p=6139","title":{"rendered":"Este viernes y el fin de semana siguen los d\u00edas agradables"},"content":{"rendered":"\n<p><strong>Este viernes sigue el tiempo c\u00e1lido&nbsp;<\/strong>pero no agobiante en Mendoza y el pron\u00f3stico indica que ya comenzar\u00e1 a retirarse el calor extremo. La semana que viene tendremos d\u00edas frescos.&nbsp;<\/p>\n\n\n\n<p>Seg\u00fan el&nbsp;<strong>SMN<\/strong>, en el Gran Mendoza la m\u00e1xima llegar\u00e1 hoy a los<strong>&nbsp;29\u00b0&nbsp;<\/strong>y la humedad relativa del ambiente se mantiene por encima del 60%.<\/p>\n\n\n\n<p>No hay previsiones de precipitaciones y el cielo permanecer\u00e1 algo nublado.<\/p>\n\n\n\n<p>Para ma\u00f1ana s\u00e1bado, el pron\u00f3stico indica tiempo bueno, soleado y poco cambo de temperatura. La m\u00e1xima ser\u00e1 tambi\u00e9n de 29\u00b0.&nbsp;<\/p>\n\n\n\n<p>El fin de semana seguir\u00e1 el tiempo bueno con leve descenso de temperatura el d\u00eda domingo.\u00a0<\/p>\n\n\n\n<p><strong>Fuente: www.mendozapost.com<\/strong><\/p>\n","protected":false},"excerpt":{"rendered":"<p>Este viernes sigue el tiempo c\u00e1lido&nbsp;pero no agobiante en Mendoza y el pron\u00f3stico indica que ya comenzar\u00e1 a retirarse el calor extremo. La semana que viene tendremos d\u00edas frescos.&nbsp; Seg\u00fan el&nbsp;SMN, en el Gran Mendoza la m\u00e1xima llegar\u00e1 hoy a los&nbsp;29\u00b0&nbsp;y la humedad relativa del ambiente se mantiene por encima del 60%. No hay previsiones [&hellip;]<\/p>\n","protected":false},"author":2,"featured_media":6140,"comment_status":"open","ping_status":"open","sticky":false,"template":"","format":"standard","meta":[],"categories":[52],"tags":[],"_links":{"self":[{"href":"https:\/\/pasaenmendoza.com\/index.php?rest_route=\/wp\/v2\/posts\/6139"}],"collection":[{"href":"https:\/\/pasaenmendoza.com\/index.php?rest_route=\/wp\/v2\/posts"}],"about":[{"href":"https:\/\/pasaenmendoza.com\/index.php?rest_route=\/wp\/v2\/types\/post"}],"author":[{"embeddable":true,"href":"https:\/\/pasaenmendoza.com\/index.php?rest_route=\/wp\/v2\/users\/2"}],"replies":[{"embeddable":true,"href":"https:\/\/pasaenmendoza.com\/index.php?rest_route=%2Fwp%2Fv2%2Fcomments&post=6139"}],"version-history":[{"count":1,"href":"https:\/\/pasaenmendoza.com\/index.php?rest_route=\/wp\/v2\/posts\/6139\/revisions"}],"predecessor-version":[{"id":6141,"href":"https:\/\/pasaenmendoza.com\/index.php?rest_route=\/wp\/v2\/posts\/6139\/revisions\/6141"}],"wp:featuredmedia":[{"embeddable":true,"href":"https:\/\/pasaenmendoza.com\/index.php?rest_route=\/wp\/v2\/media\/6140"}],"wp:attachment":[{"href":"https:\/\/pasaenmendoza.com\/index.php?rest_route=%2Fwp%2Fv2%2Fmedia&parent=6139"}],"wp:term":[{"taxonomy":"category","embeddable":true,"href":"https:\/\/pasaenmendoza.com\/index.php?rest_route=%2Fwp%2Fv2%2Fcategories&post=6139"},{"taxonomy":"post_tag","embeddable":true,"href":"https:\/\/pasaenmendoza.com\/index.php?rest_route=%2Fwp%2Fv2%2Ftags&post=6139"}],"curies":[{"name":"wp","href":"https:\/\/api.w.org\/{rel}","templated":true}]}}