{"id":6142,"date":"2024-03-15T13:39:54","date_gmt":"2024-03-15T12:39:54","guid":{"rendered":"https:\/\/pasaenmendoza.com\/?p=6142"},"modified":"2024-03-15T13:39:55","modified_gmt":"2024-03-15T12:39:55","slug":"atraparon-a-tres-mendocinos-buscados-en-espana-por-trafico-de-drogas-y-abuso-sexual","status":"publish","type":"post","link":"https:\/\/pasaenmendoza.com\/?p=6142","title":{"rendered":"Atraparon a tres mendocinos buscados en Espa\u00f1a por tr\u00e1fico de drogas y abuso sexual"},"content":{"rendered":"\n<p><strong>La Polic\u00eda Federal detuvo en Mendoza<\/strong>&nbsp;a dos hombres y una mujer que contaban con \u00f3rdenes de captura internacional emitidas por las autoridades judiciales de Espa\u00f1a.&nbsp;<mark>Dos eran buscados por integrar organizaciones criminales vinculadas con tr\u00e1fico de drogas y el restante por abuso sexual.&nbsp;<\/mark>De acuerdo con informaci\u00f3n a la que accedi\u00f3<em><strong>&nbsp;El Sol<\/strong><\/em>,&nbsp;<strong>los tres sospechosos son mendocinos<\/strong>&nbsp;y fueron atrapados hace algunos d\u00edas.<\/p>\n\n\n\n<p>Las capturas fueron realizadas por agentes de la Divisi\u00f3n Investigaci\u00f3n Federal de Fugitivos y Extradiciones del Departamento\u00a0<strong>Interpol<\/strong>, en coordinaci\u00f3n con el Grupo de B\u00fasqueda de Fugitivos de la Polic\u00eda Nacional Espa\u00f1ola y la Oficina Central Nacional Madrid.\u00a0<strong>En nuestra provincia participaron la Unidad Operativa e Inteligencia Criminal.<\/strong><\/p>\n\n\n\n<p>Las medidas se desarrollaron en medio de la&nbsp;<strong>\u201cOperaci\u00f3n Transatl\u00e1ntico 2.0\u201d<\/strong>, en la que se realiz\u00f3 un intenso intercambio de informaci\u00f3n investigativa entre las autoridades pertinentes.<\/p>\n\n\n\n<p>La primera detenci\u00f3n se llev\u00f3 a cabo tras la emisi\u00f3n de una notificaci\u00f3n roja en febrero de este a\u00f1o, solicitada por el Juzgado Central de Instrucci\u00f3n 1 de la Audiencia Nacional de Espa\u00f1a.<\/p>\n\n\n\n<p><mark>El individuo, de 29 a\u00f1os, era buscado por delitos de tr\u00e1fico de drogas, blanqueo de capitales y se sospechaba que participaba en una organizaci\u00f3n criminal<\/mark>.<\/p>\n\n\n\n<p>Se determin\u00f3 que\u00a0<strong>el sujeto era familiar de un empresario importante radicado en la Costa del Sol<\/strong>, quien presuntamente utilizaba su empresa de exportaci\u00f3n de frutas en\u00a0<strong>Ecuador\u00a0<\/strong>como fachada para el env\u00edo de grandes cantidades de coca\u00edna a varios pa\u00edses europeos, entre los que se encontraba Espa\u00f1a.<\/p>\n\n\n\n<p>La segunda detenci\u00f3n se realiz\u00f3 en concordancia con una notificaci\u00f3n roja emitida en marzo de 2023 por la OCN-Madrid, sobre&nbsp;<strong>una mendocina de 28 a\u00f1os<\/strong>, solicitada por la Audiencia Provincial de Palma de Mallorca Secci\u00f3n 2\u00aa de Espa\u00f1a.<\/p>\n\n\n\n<p><mark>Era por su presunta participaci\u00f3n en delitos de tr\u00e1fico de drogas<\/mark>. La investigaci\u00f3n espa\u00f1ola revel\u00f3 que la imputada fue sorprendida en posesi\u00f3n de sustancias narc\u00f3ticas destinadas para la&nbsp;<strong>venta en un establecimiento en Ibiza<\/strong>. Tras obtener las pruebas necesarias, se procedi\u00f3 con su detenci\u00f3n en nuestra provincia.<\/p>\n\n\n\n<p>La tercera captura se realiz\u00f3 tras una alerta roja emitida en julio de 2023 por la OCN-Madrid, sobre otro mendocino de 43 a\u00f1os, a solicitud de la Audiencia Provincial de Almer\u00eda \u2013 Secci\u00f3n 2\u00aa,\u00a0<strong>por el delito de abuso sexual de una menor.<\/strong><\/p>\n\n\n\n<p>La investigaci\u00f3n revel\u00f3 que&nbsp;<strong>el individuo presuntamente abusaba sexualmente de la hija&nbsp;<\/strong>menor de su pareja en reiteradas ocasiones. Tras diversas investigaciones, se logr\u00f3 ubicar al individuo y proceder con su detenci\u00f3n en la Ciudad de Mendoza.<\/p>\n\n\n\n<p>Los tres detenidos quedaron a disposici\u00f3n del magistrado interviniente para dar inicio al proceso de extradici\u00f3n correspondiente.<\/p>\n\n\n\n<p><strong>Fuente: www.elsol.com.ar<\/strong><\/p>\n","protected":false},"excerpt":{"rendered":"<p>La Polic\u00eda Federal detuvo en Mendoza&nbsp;a dos hombres y una mujer que contaban con \u00f3rdenes de captura internacional emitidas por las autoridades judiciales de Espa\u00f1a.&nbsp;Dos eran buscados por integrar organizaciones criminales vinculadas con tr\u00e1fico de drogas y el restante por abuso sexual.&nbsp;De acuerdo con informaci\u00f3n a la que accedi\u00f3&nbsp;El Sol,&nbsp;los tres sospechosos son mendocinos&nbsp;y fueron [&hellip;]<\/p>\n","protected":false},"author":2,"featured_media":6143,"comment_status":"open","ping_status":"open","sticky":false,"template":"","format":"standard","meta":[],"categories":[48],"tags":[],"_links":{"self":[{"href":"https:\/\/pasaenmendoza.com\/index.php?rest_route=\/wp\/v2\/posts\/6142"}],"collection":[{"href":"https:\/\/pasaenmendoza.com\/index.php?rest_route=\/wp\/v2\/posts"}],"about":[{"href":"https:\/\/pasaenmendoza.com\/index.php?rest_route=\/wp\/v2\/types\/post"}],"author":[{"embeddable":true,"href":"https:\/\/pasaenmendoza.com\/index.php?rest_route=\/wp\/v2\/users\/2"}],"replies":[{"embeddable":true,"href":"https:\/\/pasaenmendoza.com\/index.php?rest_route=%2Fwp%2Fv2%2Fcomments&post=6142"}],"version-history":[{"count":1,"href":"https:\/\/pasaenmendoza.com\/index.php?rest_route=\/wp\/v2\/posts\/6142\/revisions"}],"predecessor-version":[{"id":6144,"href":"https:\/\/pasaenmendoza.com\/index.php?rest_route=\/wp\/v2\/posts\/6142\/revisions\/6144"}],"wp:featuredmedia":[{"embeddable":true,"href":"https:\/\/pasaenmendoza.com\/index.php?rest_route=\/wp\/v2\/media\/6143"}],"wp:attachment":[{"href":"https:\/\/pasaenmendoza.com\/index.php?rest_route=%2Fwp%2Fv2%2Fmedia&parent=6142"}],"wp:term":[{"taxonomy":"category","embeddable":true,"href":"https:\/\/pasaenmendoza.com\/index.php?rest_route=%2Fwp%2Fv2%2Fcategories&post=6142"},{"taxonomy":"post_tag","embeddable":true,"href":"https:\/\/pasaenmendoza.com\/index.php?rest_route=%2Fwp%2Fv2%2Ftags&post=6142"}],"curies":[{"name":"wp","href":"https:\/\/api.w.org\/{rel}","templated":true}]}}