{"id":6148,"date":"2024-03-15T14:05:45","date_gmt":"2024-03-15T13:05:45","guid":{"rendered":"https:\/\/pasaenmendoza.com\/?p=6148"},"modified":"2024-03-15T14:05:46","modified_gmt":"2024-03-15T13:05:46","slug":"deja-vu-le-robaron-10-millones-al-hermano-de-emilio-gimenez-el-feriante-asesinado-en-2022","status":"publish","type":"post","link":"https:\/\/pasaenmendoza.com\/?p=6148","title":{"rendered":"D\u00e9j\u00e0 vu: le robaron $10 millones al hermano de Emilio Gim\u00e9nez, el feriante asesinado en 2022"},"content":{"rendered":"\n<p>Hace un a\u00f1o y medio ocurr\u00eda uno de los hechos de inseguridad en Mendoza m\u00e1s recordados:\u00a0el asesinato de\u00a0<strong>Emilio Gim\u00e9nez\u00a0<\/strong>(49). El empresario de la<strong>\u00a0Feria de Guaymall\u00e9n\u00a0<\/strong>fue asesinado en plena v\u00eda p\u00fablica en un intento de asalto. Esta semana,\u00a0<strong>su hermano tambi\u00e9n fue v\u00edctima de un hecho de las mismas caracter\u00edsticas, aunque logr\u00f3 salvar su vida.<\/strong><\/p>\n\n\n\n<p>Emilio Gim\u00e9nez circulaba en su camioneta VW Amarok con un bolso con $5 millones que ten\u00eda destinados para pagar a proveedores y empleados de su emprendimiento frutihort\u00edcola en el Mercado Cooperativo de Guaymall\u00e9n. Cuando transitaba por Villanueva fue interceptado por delincuentes que intentaron sustraerle el dinero. La v\u00edctima se resisti\u00f3 pero termin\u00f3 siendo asesinada de un disparo. El caso deriv\u00f3 en la detenci\u00f3n de un grupo de sospechoso vinculados a la barrabrava de Independiente Rivadavia<em>.<\/em><\/p>\n\n\n\n<p>Luego de ese hecho de sangre ocurrido en septiembre de 2022, su hermano pas\u00f3 por una situaci\u00f3n similar aunque sin desenlace fatal.\u00a0<strong>Antonio Gim\u00e9nez se dedica a lo mismo que su hermano asesinado y el martes pasado, en horas del mediod\u00eda, se dirigi\u00f3 al Banco Galicia ubicado en calle Bandera de los Andes y Libertad. En esa sucursal sac\u00f3 una suma aproximada de $10 millones para realizar distintos pagos en su trabajo, los carg\u00f3 en el asiento trasero de su camioneta y emprendi\u00f3 rumbo a su trabajo.<\/strong><\/p>\n\n\n\n<p>Cuando se encontraba en la esquina de&nbsp;<strong>Arenales y lateral norte del Acceso Este<\/strong>, a muy pocas cuadras de donde ultimaron a su hermano a\u00f1os atr\u00e1s, fue v\u00edctima de un hecho de inseguridad. Esa esquina se encontraba, como suele ocurrir, atestada de veh\u00edculos que esperaban el sem\u00e1foro para seguir su rumbo. Pero esto no fue un impedimento para los delincuentes.<\/p>\n\n\n\n<p><strong>Antonio Gim\u00e9nez relat\u00f3 que &#8220;apareci\u00f3 una moto atr\u00e1s m\u00edo y siento un estruendo. Me reventaron un vidrio y veo un tipo que mete la mano para agarrar la plata. Yo alcanc\u00e9 a agarrar el bolso tambi\u00e9n y me grit\u00f3: &#8216;\u00a1Solt\u00e1 que te mato!&#8217;. Ah\u00ed lo largu\u00e9 y lo dej\u00e9 ir&#8221;.<\/strong>\u00a0Claro que el feriante no quiso poner en riesgo su vida atento al antecedente tr\u00e1gico que todav\u00eda est\u00e1 fresco en su memoria. &#8220;No se puede vivir as\u00ed&#8221;, se lament\u00f3.<\/p>\n\n\n\n<p>La v\u00edctima del robo en Guaymall\u00e9n llam\u00f3 inmediatamente al 911 y al d\u00eda siguiente radic\u00f3 la denuncia en una Oficina Fiscal, por lo que se gener\u00f3 un expediente a cargo de la Fiscal\u00eda de Robos y Hurtos.<\/p>\n\n\n\n<p>El hombre tambi\u00e9n aprovech\u00f3 la situaci\u00f3n y\u00a0<strong>se mostr\u00f3 &#8220;decepcionado&#8221; por la falta de avances en la causa que investiga el asesinato de su hermano<\/strong>, ya que si bien tiene algunos detenidos que todav\u00eda no llegan a juicio, tambi\u00e9n hay un sospechoso pr\u00f3fugo y otros dos asaltantes que no est\u00e1n identificados.<\/p>\n\n\n\n<p><strong>Crimen en Guaymall\u00e9n<\/strong><\/p>\n\n\n\n<p>El 15 de septiembre de 2022, Emilio Gim\u00e9nez se encontraba en el Mercado Cooperativo de Guaymall\u00e9n donde ten\u00eda un emprendimiento frutihort\u00edcola. Ese d\u00eda se qued\u00f3 a almorzar con un grupo de personas y en horas de la siesta sali\u00f3 rumbo a la casa de su madre, en las inmediaciones del club Murialdo. En su camioneta VW Amarok ten\u00eda un bolso con $5 millones, ya que el hombre sol\u00eda moverse con grandes sumas de dinero por su trabajo.\u00a0<strong>La v\u00edctima detect\u00f3 que dos camionetas lo estaban siguiendo y llam\u00f3 a dos amigos para notificar lo que estaba pasando.<\/strong><\/p>\n\n\n\n<p>Cuando realizaba el segundo llamado fue encerrado por los veh\u00edculos -una Jeep Renegade y una Toyota Rav-. De uno de ellos se bajaron los asaltantes esgrimiendo un arma de fuego, pero&nbsp;<strong>Emilio Gim\u00e9nez hizo marcha atr\u00e1s tratando de escapar e impact\u00f3 al otro rodado. La situaci\u00f3n termin\u00f3 con los ladrones efectuando un disparo que impact\u00f3 en el t\u00f3rax del empresario y huyendo sin el bot\u00edn que buscaban.<\/strong><\/p>\n\n\n\n<p><strong>Del sexteto de sospechosos ya hay cinco capturados:\u00a0<\/strong>Juan \u00c1ngel Andrada Mercado (28), si hermano mayor Ricardo\u00a0<em>Pica<\/em>\u00a0(31), Gustavo Rivero (26), su padre Cristian Rivero -que fue el primero en ser capturado- y Walter Corcho S\u00e1ez (32), estos \u00faltimos tres con fuertes v\u00ednculos con la barrabrava de Independiente Rivadavia.\u00a0<strong>El \u00fanico pr\u00f3fugo en el expediente es Sebasti\u00e1n Mart\u00ednez Llaneza (21), sobre quien todav\u00eda\u00a0hay vigente una recompensa\u00a0para quien aporte datos concretos sobre su paradero.<\/strong><\/p>\n\n\n\n<p><strong>Fuente: www.diariouno.com.ar<\/strong><\/p>\n","protected":false},"excerpt":{"rendered":"<p>Hace un a\u00f1o y medio ocurr\u00eda uno de los hechos de inseguridad en Mendoza m\u00e1s recordados:\u00a0el asesinato de\u00a0Emilio Gim\u00e9nez\u00a0(49). El empresario de la\u00a0Feria de Guaymall\u00e9n\u00a0fue asesinado en plena v\u00eda p\u00fablica en un intento de asalto. Esta semana,\u00a0su hermano tambi\u00e9n fue v\u00edctima de un hecho de las mismas caracter\u00edsticas, aunque logr\u00f3 salvar su vida. Emilio Gim\u00e9nez [&hellip;]<\/p>\n","protected":false},"author":2,"featured_media":6149,"comment_status":"open","ping_status":"open","sticky":false,"template":"","format":"standard","meta":[],"categories":[48],"tags":[],"_links":{"self":[{"href":"https:\/\/pasaenmendoza.com\/index.php?rest_route=\/wp\/v2\/posts\/6148"}],"collection":[{"href":"https:\/\/pasaenmendoza.com\/index.php?rest_route=\/wp\/v2\/posts"}],"about":[{"href":"https:\/\/pasaenmendoza.com\/index.php?rest_route=\/wp\/v2\/types\/post"}],"author":[{"embeddable":true,"href":"https:\/\/pasaenmendoza.com\/index.php?rest_route=\/wp\/v2\/users\/2"}],"replies":[{"embeddable":true,"href":"https:\/\/pasaenmendoza.com\/index.php?rest_route=%2Fwp%2Fv2%2Fcomments&post=6148"}],"version-history":[{"count":1,"href":"https:\/\/pasaenmendoza.com\/index.php?rest_route=\/wp\/v2\/posts\/6148\/revisions"}],"predecessor-version":[{"id":6150,"href":"https:\/\/pasaenmendoza.com\/index.php?rest_route=\/wp\/v2\/posts\/6148\/revisions\/6150"}],"wp:featuredmedia":[{"embeddable":true,"href":"https:\/\/pasaenmendoza.com\/index.php?rest_route=\/wp\/v2\/media\/6149"}],"wp:attachment":[{"href":"https:\/\/pasaenmendoza.com\/index.php?rest_route=%2Fwp%2Fv2%2Fmedia&parent=6148"}],"wp:term":[{"taxonomy":"category","embeddable":true,"href":"https:\/\/pasaenmendoza.com\/index.php?rest_route=%2Fwp%2Fv2%2Fcategories&post=6148"},{"taxonomy":"post_tag","embeddable":true,"href":"https:\/\/pasaenmendoza.com\/index.php?rest_route=%2Fwp%2Fv2%2Ftags&post=6148"}],"curies":[{"name":"wp","href":"https:\/\/api.w.org\/{rel}","templated":true}]}}