{"id":6154,"date":"2024-03-15T21:35:57","date_gmt":"2024-03-15T20:35:57","guid":{"rendered":"https:\/\/pasaenmendoza.com\/?p=6154"},"modified":"2024-03-15T21:35:59","modified_gmt":"2024-03-15T20:35:59","slug":"comenzo-el-paro-de-96-horas-en-las-oficinas-fiscales-donde-reciben-denuncias-a-victimas-de-delitos","status":"publish","type":"post","link":"https:\/\/pasaenmendoza.com\/?p=6154","title":{"rendered":"Comenz\u00f3 el paro de 96 horas en las Oficinas Fiscales, donde reciben denuncias a v\u00edctimas de delitos"},"content":{"rendered":"\n<p>El gremio\u00a0<strong>Judiciales\u00a0<\/strong>comenz\u00f3 este viernes el paro de 96 horas en las Oficinas Fiscales de toda la provincia, donde se reciben las denuncias a las v\u00edctimas del delito.<\/p>\n\n\n\n<p>La medida de fuerza, motivada porque no se les paga el adicional CPP -tal como se hab\u00eda previsto en la paritaria-&nbsp;<strong>se extender\u00e1 hasta el lunes 18 inclusive<\/strong>&nbsp;y es la tercera consecutiva en los \u00faltimos tres fines de semana. Las dos anteriores hab\u00edan sido los s\u00e1bados, domingos y lunes. El primero, el fin de semana de la Fiesta Nacional de la Vendimia.<\/p>\n\n\n\n<p>La actividad en las Oficinas Fiscales qued\u00f3 pr\u00e1cticamente paralizada este viernes en las cuatro circunscripciones judiciales de Mendoza.<\/p>\n\n\n\n<p>Donde m\u00e1s se not\u00f3 es en el edificio del Ministerio P\u00fablico Fiscal, en el Polo Judicial, donde el gremio Judiciales concentr\u00f3 a su gente.<\/p>\n\n\n\n<p><strong>Desde la coordinaci\u00f3n del Ministerio P\u00fablico Fiscal repetir\u00e1n la estrategia: convocar\u00e1n a ayudantes fiscales que generalmente no trabajan los fines de semana para cubrir los puestos vacantes por el paro -especialmente el s\u00e1bado y domingo-.<\/strong><\/p>\n\n\n\n<p>Adem\u00e1s, sostuvieron que descontar\u00e1n del sueldo los d\u00edas no trabajados a los que hagan paro.<\/p>\n\n\n\n<h2 class=\"wp-block-heading\">La lucha del gremio Judiciales<\/h2>\n\n\n\n<p><strong>Ricardo Babill\u00f3n, secretario general, dijo que la lucha de Judiciales<\/strong>, adem\u00e1s de lo salarial, apunta a la mejora de las condiciones de trabajo en los edificios que ocupan las oficinas fiscales, como la situada frente a la plaza de Las Heras, con riesgo de colapso.<\/p>\n\n\n\n<p>&#8220;Hay 14 compa\u00f1eros judiciales con licencia psiqui\u00e1trica por las condiciones de trabajo, no solo desde lo econ\u00f3mico&#8221;<\/p>\n\n\n\n<p>La crisis inflacionaria y el conflicto salarial ha impactado en el Ministerio P\u00fablico Fiscal. De hecho, parte del personal ha renunciado para irse a la actividad privada, lo que ha resentido las plantillas de personal y recarga a los que siguen trabajando.<\/p>\n\n\n\n<p>Tal como ha ocurrido en las \u00faltimas semanas, el gremio reclama que la Suprema Corte de Justicia haga de intermediaria con el Gobierno para que se pague el \u00edtem CPP y se mejoren las condiciones de trabajo.<\/p>\n\n\n\n<p><strong>Fuente: www.diariouno.com.ar<\/strong><\/p>\n","protected":false},"excerpt":{"rendered":"<p>El gremio\u00a0Judiciales\u00a0comenz\u00f3 este viernes el paro de 96 horas en las Oficinas Fiscales de toda la provincia, donde se reciben las denuncias a las v\u00edctimas del delito. La medida de fuerza, motivada porque no se les paga el adicional CPP -tal como se hab\u00eda previsto en la paritaria-&nbsp;se extender\u00e1 hasta el lunes 18 inclusive&nbsp;y es [&hellip;]<\/p>\n","protected":false},"author":2,"featured_media":6155,"comment_status":"open","ping_status":"open","sticky":false,"template":"","format":"standard","meta":[],"categories":[99],"tags":[],"_links":{"self":[{"href":"https:\/\/pasaenmendoza.com\/index.php?rest_route=\/wp\/v2\/posts\/6154"}],"collection":[{"href":"https:\/\/pasaenmendoza.com\/index.php?rest_route=\/wp\/v2\/posts"}],"about":[{"href":"https:\/\/pasaenmendoza.com\/index.php?rest_route=\/wp\/v2\/types\/post"}],"author":[{"embeddable":true,"href":"https:\/\/pasaenmendoza.com\/index.php?rest_route=\/wp\/v2\/users\/2"}],"replies":[{"embeddable":true,"href":"https:\/\/pasaenmendoza.com\/index.php?rest_route=%2Fwp%2Fv2%2Fcomments&post=6154"}],"version-history":[{"count":1,"href":"https:\/\/pasaenmendoza.com\/index.php?rest_route=\/wp\/v2\/posts\/6154\/revisions"}],"predecessor-version":[{"id":6156,"href":"https:\/\/pasaenmendoza.com\/index.php?rest_route=\/wp\/v2\/posts\/6154\/revisions\/6156"}],"wp:featuredmedia":[{"embeddable":true,"href":"https:\/\/pasaenmendoza.com\/index.php?rest_route=\/wp\/v2\/media\/6155"}],"wp:attachment":[{"href":"https:\/\/pasaenmendoza.com\/index.php?rest_route=%2Fwp%2Fv2%2Fmedia&parent=6154"}],"wp:term":[{"taxonomy":"category","embeddable":true,"href":"https:\/\/pasaenmendoza.com\/index.php?rest_route=%2Fwp%2Fv2%2Fcategories&post=6154"},{"taxonomy":"post_tag","embeddable":true,"href":"https:\/\/pasaenmendoza.com\/index.php?rest_route=%2Fwp%2Fv2%2Ftags&post=6154"}],"curies":[{"name":"wp","href":"https:\/\/api.w.org\/{rel}","templated":true}]}}