{"id":6157,"date":"2024-03-15T22:02:37","date_gmt":"2024-03-15T21:02:37","guid":{"rendered":"https:\/\/pasaenmendoza.com\/?p=6157"},"modified":"2024-03-15T22:02:38","modified_gmt":"2024-03-15T21:02:38","slug":"el-referente-local-de-la-industria-de-la-fruta-pidio-que-milei-baje-impuestos-a-productos-nacionales","status":"publish","type":"post","link":"https:\/\/pasaenmendoza.com\/?p=6157","title":{"rendered":"El referente local de la industria de la fruta pidi\u00f3 que Milei baje impuestos a productos nacionales"},"content":{"rendered":"\n<p>La medida de\u00a0<strong>apertura de las importaciones para productos de la canasta b\u00e1sica y medicamentos<\/strong>\u00a0no ha ca\u00eddo bien en el sector industrial de alimentos y mucho menos entre quienes poseen una pyme.<\/p>\n\n\n\n<p>Esta vez fue\u00a0<strong>Ra\u00fal Giordano<\/strong>, presidente de la\u00a0<strong>C\u00e1mara de la Fruta Industrializada<\/strong>, el referente que realiz\u00f3 el mismo planteo que vienen haciendo otros representantes de las agrupaciones y c\u00e1maras donde se nuclean los productores:<strong>\u00a0si a los productos internacionales no se les va a cobrar impuestos, ese beneficio podr\u00eda ser para la industria nacional.<\/strong><\/p>\n\n\n\n<h2 class=\"wp-block-heading\">Sorpresa y enojo entre las pymes<\/h2>\n\n\n\n<p>Este jueves fue Giordano el que tom\u00f3 la palabra en Radio Nihuil. Pero previamente tambi\u00e9n lo hizo Alejandro Bestani, del Movimiento Nacional de Pymes.<\/p>\n\n\n\n<p>L<strong>a reacci\u00f3n ante la medida impulsada por Javier Milei<\/strong>&nbsp;ha sido muy similar para el<strong>&nbsp;sector<\/strong>&nbsp;industrial de la&nbsp;<strong>peque\u00f1a y mediana empresa<\/strong>:&nbsp;<strong>sorpresa y enojo casi en paralelo.<\/strong><\/p>\n\n\n\n<p><strong>Giordano<\/strong>&nbsp;asegur\u00f3 que &#8220;<strong>no nos esper\u00e1bamos la implementaci\u00f3n intempestiva de esta medida. Hac\u00eda falta analizar el riesgo en el que quedan las econom\u00edas regionales en este contexto, que ya ven\u00edan muy golpeadas&#8221;.<\/strong><\/p>\n\n\n\n<p>El referente de la C\u00e1mara de la Fruta Industrializada&nbsp;<strong>asever\u00f3 que quiz\u00e1s podr\u00eda haberse tomado una medida de este tipo, pero no ahora.<\/strong>&nbsp;&#8220;Reci\u00e9n estamos saliendo de un periodo en el que no consegu\u00edamos insumos, como plaguicidas o fertilizantes&#8221;.<\/p>\n\n\n\n<p>Tambi\u00e9n y como era de esperarse,\u00a0<strong>hizo referencia a la p\u00e9rdida de puestos de trabajo que puede ocurrir\u00a0<\/strong>de implementarse plenamente esta determinaci\u00f3n.<\/p>\n\n\n\n<h2 class=\"wp-block-heading\">Piden bajar impuestos productos de la Canasta B\u00e1sica<\/h2>\n\n\n\n<p><strong>Giordano reafirm\u00f3&nbsp;<\/strong>l<strong>a propuesta que realiz\u00f3 este mi\u00e9rcoles Alejandro Bestani: si quieren generar competitividad como forma de que el mercado se autorregule<\/strong>&nbsp;y los precios bajen, una buena medida ser\u00eda que les&nbsp;<strong>quiten impuestos a los productos locales&nbsp;<\/strong>y as\u00ed bajar\u00edan los precios.<\/p>\n\n\n\n<p>Seg\u00fan Bestani,&nbsp;<strong>de $100 que cuesta un elemento de la Canasta B\u00e1sica, $48 corresponden a impuestos<\/strong>.<\/p>\n\n\n\n<p>A esto se le sum\u00f3&nbsp;<strong>Giordano<\/strong>,&nbsp;<strong>quien explic\u00f3 que Importar productos no es algo que se pueda hacer de un d\u00eda para el otro. Entre todos los tr\u00e1mites que esto requiere, reci\u00e9n a fin de a\u00f1o podr\u00edan estar a la venta, compitiendo en el mercado local.<\/strong><\/p>\n\n\n\n<p>En cambio, explic\u00f3 que una quita de impuestos a los productos de la Canasta B\u00e1sica\u00a0<strong>es una medida que genera un beneficio inmediato<\/strong>.<\/p>\n\n\n\n<p><strong>Fuente: www.diariouno.com.ar<\/strong><\/p>\n","protected":false},"excerpt":{"rendered":"<p>La medida de\u00a0apertura de las importaciones para productos de la canasta b\u00e1sica y medicamentos\u00a0no ha ca\u00eddo bien en el sector industrial de alimentos y mucho menos entre quienes poseen una pyme. Esta vez fue\u00a0Ra\u00fal Giordano, presidente de la\u00a0C\u00e1mara de la Fruta Industrializada, el referente que realiz\u00f3 el mismo planteo que vienen haciendo otros representantes de [&hellip;]<\/p>\n","protected":false},"author":2,"featured_media":6158,"comment_status":"open","ping_status":"open","sticky":false,"template":"","format":"standard","meta":[],"categories":[75],"tags":[],"_links":{"self":[{"href":"https:\/\/pasaenmendoza.com\/index.php?rest_route=\/wp\/v2\/posts\/6157"}],"collection":[{"href":"https:\/\/pasaenmendoza.com\/index.php?rest_route=\/wp\/v2\/posts"}],"about":[{"href":"https:\/\/pasaenmendoza.com\/index.php?rest_route=\/wp\/v2\/types\/post"}],"author":[{"embeddable":true,"href":"https:\/\/pasaenmendoza.com\/index.php?rest_route=\/wp\/v2\/users\/2"}],"replies":[{"embeddable":true,"href":"https:\/\/pasaenmendoza.com\/index.php?rest_route=%2Fwp%2Fv2%2Fcomments&post=6157"}],"version-history":[{"count":1,"href":"https:\/\/pasaenmendoza.com\/index.php?rest_route=\/wp\/v2\/posts\/6157\/revisions"}],"predecessor-version":[{"id":6159,"href":"https:\/\/pasaenmendoza.com\/index.php?rest_route=\/wp\/v2\/posts\/6157\/revisions\/6159"}],"wp:featuredmedia":[{"embeddable":true,"href":"https:\/\/pasaenmendoza.com\/index.php?rest_route=\/wp\/v2\/media\/6158"}],"wp:attachment":[{"href":"https:\/\/pasaenmendoza.com\/index.php?rest_route=%2Fwp%2Fv2%2Fmedia&parent=6157"}],"wp:term":[{"taxonomy":"category","embeddable":true,"href":"https:\/\/pasaenmendoza.com\/index.php?rest_route=%2Fwp%2Fv2%2Fcategories&post=6157"},{"taxonomy":"post_tag","embeddable":true,"href":"https:\/\/pasaenmendoza.com\/index.php?rest_route=%2Fwp%2Fv2%2Ftags&post=6157"}],"curies":[{"name":"wp","href":"https:\/\/api.w.org\/{rel}","templated":true}]}}