{"id":6160,"date":"2024-03-15T22:09:39","date_gmt":"2024-03-15T21:09:39","guid":{"rendered":"https:\/\/pasaenmendoza.com\/?p=6160"},"modified":"2024-03-15T22:09:40","modified_gmt":"2024-03-15T21:09:40","slug":"despidieron-a-cinco-estatales-violencia-de-genero-certificados-truchos-e-inasistencias","status":"publish","type":"post","link":"https:\/\/pasaenmendoza.com\/?p=6160","title":{"rendered":"Despidieron a cinco estatales: violencia de g\u00e9nero, certificados truchos e inasistencias"},"content":{"rendered":"\n<p>El Gobierno despidi\u00f3 a cinco empleados del sector p\u00fablico, todos pertenecientes al Ministerio de Salud, Desarrollo Social y Deportes, debido a una serie de irregularidades dadas a conocer a trav\u00e9s del Bolet\u00edn Oficial.<\/p>\n\n\n\n<h3 class=\"wp-block-heading\" id=\"h-violencia-de-genero\">Violencia de g\u00e9nero<\/h3>\n\n\n\n<p>Seg\u00fan el decreto 1259 fechado en el 22 de junio del 2023, se avanz\u00f3 con dar de baja a un profesional de la salud que hab\u00eda sido suspendido de forma temporal por sesenta d\u00edas, al ser acusado de ejercer violencia de g\u00e9nero contra una compa\u00f1era de trabajo.<\/p>\n\n\n\n<p><em>\u201cLas testimoniales presentadas en la etapa investigativa, puede acreditarse que el sumariado efectivamente tuvo un comportamiento contrario al trato normal entre compa\u00f1eros\u201d<\/em>, indica el decreto.<\/p>\n\n\n\n<p>En tanto, en su parte resolutiva confirma la sanci\u00f3n de cesant\u00eda por \u201c<em>haber transgredido con su conducta<\/em>\u201d el art\u00edculo 69 de la ley 7759, que establece que&nbsp;<em>\u201clos profesionales<br>est\u00e1n obligados a:\u2026 Conducirse con respeto y cortes\u00eda en sus relaciones de servicio para con el p\u00fablico, sus superiores, pares y subordinados\u201d<\/em>.<\/p>\n\n\n\n<p><object data=\"https:\/\/newspack-elsol.s3.amazonaws.com\/wp-content\/uploads\/2024\/03\/Violencia.pdf\" type=\"application\/pdf\"><\/object><\/p>\n\n\n\n<h3 class=\"wp-block-heading\" id=\"h-faltas-injustificadas-y-certificados-truchos\">Faltas injustificadas y certificados truchos<\/h3>\n\n\n\n<p>A trav\u00e9s de los decretos 1598, 1430 y 1443 se ech\u00f3 a un profesional del Hospital Central, dos del Humberto Notti y una del Lagomaggiore.<\/p>\n\n\n\n<p>En el caso del empleado del Hospital Central, el decreto se\u00f1ala que el agente no habr\u00eda presentado todos los certificados m\u00e9dicos que justificara sus inasistencias vinculadas con su enfermedad psiqui\u00e1trica.<\/p>\n\n\n\n<p>Seg\u00fan el texto, el profesional incumpli\u00f3 con los incisos A y LL del art\u00edculo 13 del estatuto del empleado p\u00fablico, el cual reglamenta la eficiencia del personal como as\u00ed tambi\u00e9n el cumplimiento regular del horario laboral.<\/p>\n\n\n\n<p><object data=\"https:\/\/newspack-elsol.s3.amazonaws.com\/wp-content\/uploads\/2024\/03\/pedido_236537_11032024.pdf\" type=\"application\/pdf\"><\/object><\/p>\n\n\n\n<p>Por otra parte, en el caso del Notti, se decidi\u00f3 despedir a dos agentes que presentaron certificados m\u00e9dicos ap\u00f3crifos ante la junta m\u00e9dica laboral para justificar faltas.<\/p>\n\n\n\n<p>La instrucci\u00f3n sumarial constat\u00f3 que las firmas de los certificados presentados eran falsificadas, por lo que \u201c<em>dichos certificados efectuados para justificar ausencias en sus puestos de trabajo, resultan falsos, faltando a la verdad real, generando una p\u00e9rdida de confianza, una injuria a sus superiores y una acci\u00f3n dolosa\u201d<\/em>.<\/p>\n\n\n\n<p><object data=\"https:\/\/newspack-elsol.s3.amazonaws.com\/wp-content\/uploads\/2024\/03\/pedido_236534_11032024.pdf\" type=\"application\/pdf\"><\/object><\/p>\n\n\n\n<p>Finalmente, en el caso del trabajador del hospital Lagomaggiore, el decreto explica que la decisi\u00f3n de cesant\u00eda se tom\u00f3 luego de que el agente cometiera seis faltas injustificadas.<\/p>\n\n\n\n<p><em>\u201cSon causales para la aplicaci\u00f3n de la sanci\u00f3n de cesant\u00eda los siguientes:1 Inasistencias injustificadas superiores a seis (6) d\u00edas continuos o 12 discontinuos en los seis meses inmediatamente anterior a la aplicaci\u00f3n de la sanci\u00f3n<\/em>\u201c.<\/p>\n\n\n\n<p><object data=\"https:\/\/newspack-elsol.s3.amazonaws.com\/wp-content\/uploads\/2024\/03\/pedido_236535_11032024.pdf\" type=\"application\/pdf\"><\/object><\/p>\n\n\n\n<p><strong>Fuente: www.elsol.com.ar<\/strong><\/p>\n","protected":false},"excerpt":{"rendered":"<p>El Gobierno despidi\u00f3 a cinco empleados del sector p\u00fablico, todos pertenecientes al Ministerio de Salud, Desarrollo Social y Deportes, debido a una serie de irregularidades dadas a conocer a trav\u00e9s del Bolet\u00edn Oficial. Violencia de g\u00e9nero Seg\u00fan el decreto 1259 fechado en el 22 de junio del 2023, se avanz\u00f3 con dar de baja a [&hellip;]<\/p>\n","protected":false},"author":2,"featured_media":6161,"comment_status":"open","ping_status":"open","sticky":false,"template":"","format":"standard","meta":[],"categories":[50],"tags":[],"_links":{"self":[{"href":"https:\/\/pasaenmendoza.com\/index.php?rest_route=\/wp\/v2\/posts\/6160"}],"collection":[{"href":"https:\/\/pasaenmendoza.com\/index.php?rest_route=\/wp\/v2\/posts"}],"about":[{"href":"https:\/\/pasaenmendoza.com\/index.php?rest_route=\/wp\/v2\/types\/post"}],"author":[{"embeddable":true,"href":"https:\/\/pasaenmendoza.com\/index.php?rest_route=\/wp\/v2\/users\/2"}],"replies":[{"embeddable":true,"href":"https:\/\/pasaenmendoza.com\/index.php?rest_route=%2Fwp%2Fv2%2Fcomments&post=6160"}],"version-history":[{"count":1,"href":"https:\/\/pasaenmendoza.com\/index.php?rest_route=\/wp\/v2\/posts\/6160\/revisions"}],"predecessor-version":[{"id":6162,"href":"https:\/\/pasaenmendoza.com\/index.php?rest_route=\/wp\/v2\/posts\/6160\/revisions\/6162"}],"wp:featuredmedia":[{"embeddable":true,"href":"https:\/\/pasaenmendoza.com\/index.php?rest_route=\/wp\/v2\/media\/6161"}],"wp:attachment":[{"href":"https:\/\/pasaenmendoza.com\/index.php?rest_route=%2Fwp%2Fv2%2Fmedia&parent=6160"}],"wp:term":[{"taxonomy":"category","embeddable":true,"href":"https:\/\/pasaenmendoza.com\/index.php?rest_route=%2Fwp%2Fv2%2Fcategories&post=6160"},{"taxonomy":"post_tag","embeddable":true,"href":"https:\/\/pasaenmendoza.com\/index.php?rest_route=%2Fwp%2Fv2%2Ftags&post=6160"}],"curies":[{"name":"wp","href":"https:\/\/api.w.org\/{rel}","templated":true}]}}