{"id":6164,"date":"2024-03-15T23:38:35","date_gmt":"2024-03-15T22:38:35","guid":{"rendered":"https:\/\/pasaenmendoza.com\/?p=6164"},"modified":"2024-03-15T23:38:37","modified_gmt":"2024-03-15T22:38:37","slug":"derrumbe-en-el-senado-se-cayo-el-techo-en-el-despacho-de-un-senador-radical","status":"publish","type":"post","link":"https:\/\/pasaenmendoza.com\/?p=6164","title":{"rendered":"Derrumbe en el Senado: se cay\u00f3 el techo en el despacho de un senador radical"},"content":{"rendered":"\n<p>El hecho ocurri\u00f3 el viernes pasado y desde el lunes est\u00e1n trabajando en la reparaci\u00f3n. Las fotos del derrumbe.<\/p>\n\n\n\n<p>De milagro\u00a0el\u00a0<strong>Senado de la Naci\u00f3n<\/strong>\u00a0no fue tapa de todos los medios, no por el decreto de necesidad y urgencia ni por el trabajo de los legisladores. El lunes de la semana pasada se\u00a0<strong>desprendi\u00f3<\/strong>\u00a0una parte del techo y cay\u00f3 sobre las oficinas de un senador, que en el momento no estaba ah\u00ed.\u00a0<\/p>\n\n\n\n<p>El despacho del senador por Chaco Victor Zimmermann (UCR) sufri\u00f3 el derrumbe del cielorraso y afect\u00f3 el trabajo de \u00e9l y su equipo. El hecho no dej\u00f3 heridos y se pudo seguir trabajando normalidad.<\/p>\n\n\n\n<p>Seg\u00fan pudo reconstruir MDZ, el accidente fue el viernes de la semana pasada en el segundo piso del Palacio Legislativo. En el momento, el senador estaba en Chaco, su provincia de origen, donde pasa los fines de semana.<\/p>\n\n\n\n<p>En cuanto a los asesores que trabajan con \u00e9l, estaban todos en las oficinas de la UCR en el edificio Anexo, y as\u00ed evitaron ser parte de esto.\u00a0<\/p>\n\n\n\n<p>Todav\u00eda se desconocen las causas de este accidente que pudo haber sido una tragedia pero que no gener\u00f3 ning\u00fan herido.<\/p>\n\n\n\n<p>FUENTE: MDZonline.<\/p>\n","protected":false},"excerpt":{"rendered":"<p>El hecho ocurri\u00f3 el viernes pasado y desde el lunes est\u00e1n trabajando en la reparaci\u00f3n. Las fotos del derrumbe. De milagro\u00a0el\u00a0Senado de la Naci\u00f3n\u00a0no fue tapa de todos los medios, no por el decreto de necesidad y urgencia ni por el trabajo de los legisladores. El lunes de la semana pasada se\u00a0desprendi\u00f3\u00a0una parte del techo [&hellip;]<\/p>\n","protected":false},"author":2,"featured_media":6165,"comment_status":"open","ping_status":"open","sticky":true,"template":"","format":"standard","meta":[],"categories":[47],"tags":[],"_links":{"self":[{"href":"https:\/\/pasaenmendoza.com\/index.php?rest_route=\/wp\/v2\/posts\/6164"}],"collection":[{"href":"https:\/\/pasaenmendoza.com\/index.php?rest_route=\/wp\/v2\/posts"}],"about":[{"href":"https:\/\/pasaenmendoza.com\/index.php?rest_route=\/wp\/v2\/types\/post"}],"author":[{"embeddable":true,"href":"https:\/\/pasaenmendoza.com\/index.php?rest_route=\/wp\/v2\/users\/2"}],"replies":[{"embeddable":true,"href":"https:\/\/pasaenmendoza.com\/index.php?rest_route=%2Fwp%2Fv2%2Fcomments&post=6164"}],"version-history":[{"count":1,"href":"https:\/\/pasaenmendoza.com\/index.php?rest_route=\/wp\/v2\/posts\/6164\/revisions"}],"predecessor-version":[{"id":6166,"href":"https:\/\/pasaenmendoza.com\/index.php?rest_route=\/wp\/v2\/posts\/6164\/revisions\/6166"}],"wp:featuredmedia":[{"embeddable":true,"href":"https:\/\/pasaenmendoza.com\/index.php?rest_route=\/wp\/v2\/media\/6165"}],"wp:attachment":[{"href":"https:\/\/pasaenmendoza.com\/index.php?rest_route=%2Fwp%2Fv2%2Fmedia&parent=6164"}],"wp:term":[{"taxonomy":"category","embeddable":true,"href":"https:\/\/pasaenmendoza.com\/index.php?rest_route=%2Fwp%2Fv2%2Fcategories&post=6164"},{"taxonomy":"post_tag","embeddable":true,"href":"https:\/\/pasaenmendoza.com\/index.php?rest_route=%2Fwp%2Fv2%2Ftags&post=6164"}],"curies":[{"name":"wp","href":"https:\/\/api.w.org\/{rel}","templated":true}]}}