{"id":6170,"date":"2024-03-15T23:50:52","date_gmt":"2024-03-15T22:50:52","guid":{"rendered":"https:\/\/pasaenmendoza.com\/?p=6170"},"modified":"2024-03-15T23:50:53","modified_gmt":"2024-03-15T22:50:53","slug":"reunion-de-cornejo-en-caba-y-un-funcionario-en-rojo","status":"publish","type":"post","link":"https:\/\/pasaenmendoza.com\/?p=6170","title":{"rendered":"Reuni\u00f3n de Cornejo en CABA y un funcionario &#8220;en rojo&#8221;"},"content":{"rendered":"\n<p>El jueves era el \u00fanico d\u00eda de la semana en el que los cuatro amigos pod\u00edan coincidir en el centro, a la siesta. &#8220;Junt\u00e9monos en San Mart\u00edn y Montevideo&#8221;, sugiri\u00f3 el Ruso, el economista y calculador, que hab\u00eda dejado la moto, una Yamaha FZ1 Naked negra, estacionada en el emblem\u00e1tico caf\u00e9 de esa esquina para hacer unos tr\u00e1mites en la AFIP de Garibaldi. Casi al mismo tiempo, llegaron el Omar, el radical del grupete; el Flaco Dani, el peronista; y Ludovico, el del PRO. El Ruso ya los estaba esperando.<\/p>\n\n\n\n<p>El Ruso era el \u00fanico de los amigos que no hab\u00eda almorzado -desde primera hora de la ma\u00f1ana no hab\u00eda parado de hacer tr\u00e1mites, recorriendo varias dependencias, de las que se llev\u00f3 algo de data para tirar sobre la mesa-. Por eso, mientras que sus amigos eleg\u00edan cortado o caf\u00e9, el economista del grupete pidi\u00f3 una ensalada C\u00e9sar con agua saborizada. &#8220;Vayan ahorrando, as\u00ed dentro de poco probamos la mejor carne de Argentina&#8221;, tir\u00f3.<\/p>\n\n\n\n<p>El competidor de Don Julio llega a Mendoza<\/p>\n\n\n\n<p>-\u00bfPor qu\u00e9 dec\u00eds eso?<\/p>\n\n\n\n<p>-Entre tr\u00e1mite y tr\u00e1mite, me enter\u00e9 que dentro de poco\u00a0<strong>va a abrir en Mendoza una de las mejores parrillas de Argentina<\/strong>, que incluso tiene locales en Estados Unidos, Espa\u00f1a, Filipinas, Colombia y muchos otros pa\u00edses.\u00a0<strong>\u00a1Es del nivel de Don Julio! Pero no es Don Julio. Este tiene franquicias<\/strong>. Ser\u00eda una mezcla de Don Julio y McDonalds.<\/p>\n\n\n\n<p>-Jajaja. \u00bfCu\u00e1l es?<\/p>\n\n\n\n<p><\/p>\n\n\n\n<p>&#8211;<strong>La Cabrera<\/strong>. Es una de las parrillas top de Buenos Aires, \u00a1carne premium! Y se fue expandiendo a otros pa\u00edses en los \u00faltimos a\u00f1os. Dentro de poco abrir\u00e1 en el centro de Mendoza.<\/p>\n\n\n\n<p>-Todo muy lindo, pero Messi no fue a comer a La Cabrera -meti\u00f3 Ludovico, recordando cuando el 10 cen\u00f3 en Don Julio-.<\/p>\n\n\n\n<p>-A m\u00ed no me gustan esos lugares porque<strong>&nbsp;te dan asado<\/strong>, ni m\u00e1s ni menos,&nbsp;<strong>y te cobran oro<\/strong>&nbsp;-se quej\u00f3 el Dani-. Puro &#8220;biri biri&#8221;, como el turco en las redes. El de la sal. El que se col\u00f3 en los festejos de Qatar. \u00a1\u00bfC\u00f3mo se llamaba?! No me sale el nombre&#8230;<\/p>\n\n\n\n<p>-&#8230;Salt Bae.<\/p>\n\n\n\n<p>-Ese.<\/p>\n\n\n\n<p>-Van a tener que &#8220;mendocinizar&#8221; la cocci\u00f3n -sum\u00f3 el Omar-, porque ac\u00e1 no te comemos una carne al rojo vivo como te sirven en Turqu\u00eda y Buenos Aires.<\/p>\n\n\n\n<p>-Bueno, muy lindo el debate, \u00bfpero cu\u00e1ndo y d\u00f3nde van a abrir estos de La Cabrera en Mendoza?<\/p>\n\n\n\n<p>-Va a estar en el&nbsp;<strong>Hilton<\/strong>&nbsp;que abrir\u00e1 en&nbsp;<strong>Primitivo de la Reta<\/strong>, en el&nbsp;<strong>paseo comercial&nbsp;<\/strong>-confirm\u00f3 el Ruso-. No me han dicho fecha precisa a\u00fan.<\/p>\n\n\n\n<p>-Buena data Ruso. \u00bfAlgo m\u00e1s?<\/p>\n\n\n\n<p>-Me contaron el otro d\u00eda que la gente del&nbsp;<strong>Palacio Duhau<\/strong>&nbsp;sigue con ganas de abrir un<strong>&nbsp;hotel boutique<\/strong>&nbsp;en las afueras del Gran Mendoza, con alg\u00fan&nbsp;<strong>socio mendocino<\/strong>&nbsp;que tenga un hipermercado&nbsp;<strong>mayorista<\/strong>&nbsp;que&nbsp;<strong>lleve su nombre<\/strong>.<\/p>\n\n\n\n<p>-Jajaja. Lo dijiste todo.<\/p>\n\n\n\n<p>\u00bfY los antimineros?<\/p>\n\n\n\n<p>Ludovico, el del PRO, lleg\u00f3 al caf\u00e9\/bar despu\u00e9s de almorzar con algunos compa\u00f1eros\/correligionarios de su partido, que entre otras \u00e1reas de Gobierno manejan la&nbsp;<strong>Direcci\u00f3n de Miner\u00eda<\/strong>, tema central por estos d\u00edas, con un viaje oficial a Canad\u00e1 y debate legislativo para darle celeridad al desarrollo de la actividad en Mendoza. Sabiendo eso, los amigos le preguntaron sobre el &#8220;estado de situaci\u00f3n&#8221; en la materia.<\/p>\n\n\n\n<p>-La idea es avanzar a lo Mostaza Merlo: &#8220;Paso a Paso&#8221;&#8230;<\/p>\n\n\n\n<p>-&#8230;\u00a1no! Mostaza dec\u00eda &#8220;paso POR paso&#8221;&#8230; &#8220;Paso a paso&#8221; es un programa de tele -se quej\u00f3 el Dani, peronista y detallista-.<\/p>\n\n\n\n<p>-\u00a1Qu\u00e9 pesado! Bueno, la idea es ir &#8220;paso por paso&#8221;, y sin plantear la modificaci\u00f3n de una coma de la Ley 7722. As\u00ed ya se aprobaron varias exploraciones en la Legislatura, porque la gente entendi\u00f3 que no hab\u00eda riesgo ambiental.<\/p>\n\n\n\n<p>-\u00a1Las pelotas! -sorprendi\u00f3 el Ruso-. Se pudieron aprobar algunas exploraciones mineras, sin que haya quilombo, porque<strong>&nbsp;se rompi\u00f3 la alianza del progresismo hippie, la izquierda y los bodegueros terratenientes<\/strong>, que les bancaron el transporte y armaron el despelote de diciembre de 2019.<\/p>\n\n\n\n<p>-No, bueno. Pero en aquel momento era la derogaci\u00f3n de la 7722 lo que se trataba.<\/p>\n\n\n\n<p>-En 2014, cuando Zandomeni mand\u00f3 a la Legislatura los informes para que aprueben la exploraci\u00f3n de Hierro Indio y Cerro Amarillo, \u00a1sin tocar la 7722!, se cortaron rutas, rodearon la Legislatura, y al final los diputados y senadores se cagaron y recularon. \u00bfPor qu\u00e9 en aquel momento los progres-zurdos-bodegueros prendieron fuego la provincia por dos exploraciones pedorras, y cuando al final se aprobaron unos a\u00f1os despu\u00e9s no se quejaron ni en un programa de radio?<\/p>\n\n\n\n<p>-Tambi\u00e9n&nbsp;<strong>la gente puede ir madurando<\/strong>, durante 15 a\u00f1os. Incluso la pol\u00edtica: quienes en su momento se opusieron a San Jorge, hoy acompa\u00f1an la posibilidad del desarrollo minero -se\u00f1al\u00f3 el Omar-. Y&nbsp;<strong>los empresarios mineros locales entendieron que ten\u00edan que esconder la cabeza<\/strong>, como una tortuga, y no aparecer, porque cada vez que salieron a la luz, metieron la pata. Me parece un acierto.<\/p>\n\n\n\n<p>-Igual la&nbsp;<strong>tensi\u00f3n entre vitivinicultura y miner\u00eda en Mendoza<\/strong>&nbsp;es un dato en s\u00ed -retom\u00f3 Ludovico-, a diferencia de Chile, donde ambos sectores conviven en armon\u00eda. Ac\u00e1, de tanto repetir &#8220;Mendoza, tierra del Sol y del buen vino&#8221;, algunos bodegueros pensaron que son los due\u00f1os de la provincia. Como el Walter Bressia, el otro d\u00eda en el Almuerzo de Bodegas de Argentina, diciendo que la miner\u00eda tiene que desarrollarse lejos de la vitivinicultura. \u00bfQui\u00e9nes son ellos para decidir de qu\u00e9 parte de Mendoza podemos sacar nuestros recursos naturales? \u00bfA qui\u00e9n se comieron?<\/p>\n\n\n\n<p>-Tranquilo. Mientras siga haciendo el&nbsp;<strong>Piel Negra Pinot Noir<\/strong>, Bressia puede decir lo que quiera, cuando quieras y d\u00f3nde quiera, y yo lo bancar\u00e9&nbsp;<strong>hasta el final de nuestras vidas<\/strong>.<\/p>\n\n\n\n<p>-Jajajaja.<\/p>\n\n\n\n<p>Amcham, Francos y algo m\u00e1s: \u00bfqu\u00e9 hizo Cornejo en Buenos Aires?<\/p>\n\n\n\n<p>La charla pol\u00edtica qued\u00f3 en stand by por alg\u00fan comentario previsible sobre la humedad de Mendoza y los&nbsp;<a href=\"https:\/\/www.mendozapost.com\/sociedad\/dengue-mosquito-mendoza-contagio-autoctonos\/\" target=\"_blank\" rel=\"noreferrer noopener\">brotes de dengue<\/a>. Luego, uno de los amigos habl\u00f3 del temporal que hubo esta semana en Buenos Aires, y le dej\u00f3 la mesa servida al Omar, el radical, para contar cosas y cositas de la estad\u00eda de Cornejo en Capital Federal.<\/p>\n\n\n\n<p>-El martes, cuando la poli hac\u00eda el mega operativo en Campo Pappa, el Alfredo part\u00eda rumbo a Buenos Aires. Sali\u00f3 con cielo despejado y aterriz\u00f3 en medio de un&nbsp;<strong>diluvio<\/strong>.<\/p>\n\n\n\n<p>-\u00bfPero el avi\u00f3n pudo aterrizar?<\/p>\n\n\n\n<p>-S\u00ed, aterriz\u00f3. Pero los pasajeros no pod\u00edan bajar.&nbsp;<strong>Los tuvieron casi dos horas arriba del avi\u00f3n<\/strong>, sentaditos, esperando, mirando los tel\u00e9fonos.<\/p>\n\n\n\n<p><strong>-\u00bfPor qu\u00e9 no los dejaron bajar?<\/strong><\/p>\n\n\n\n<p>-Es una&nbsp;<strong>norma est\u00e1ndar de seguridad<\/strong>. Cuando hay tormentas el\u00e9ctricas, se suspende la actividad en tierra. Te lo explico as\u00ed nom\u00e1s: b\u00e1sicamente para que no les caiga un rayo al personal que trabaja en la plataforma.<\/p>\n\n\n\n<p>-\u00a1Qu\u00e9 garr\u00f3n!<\/p>\n\n\n\n<p>-No tanto. \u00a1Le vino al pelo! Cornejo ten\u00eda que estar en la mesa de gobernadores de la Amcham Summit, la feria que organiza la C\u00e1mara de Comercio de Estados Unidos en Argentina.\u00a0<strong>Como se le hizo tarde y no lleg\u00f3, lo subieron despu\u00e9s solo, en una mano a mano con Fantino<\/strong>.<\/p>\n\n\n\n<p>-Un golazo.<\/p>\n\n\n\n<p>-Ese mismo martes, despu\u00e9s de la Amcham, el Alfredo<strong>&nbsp;tuvo dos o tres reuniones con grupos inversores<\/strong>, de&nbsp;<strong>Estados Unidos<\/strong>. El que arm\u00f3 los encuentros, en el&nbsp;<strong>Four Seasons<\/strong>, fue el&nbsp;<strong>&#8220;Licho&#8221; Nieri,<\/strong>&nbsp;que m\u00e1s all\u00e1 de su rol de diputado, sigue siendo uno de los principales referentes econ\u00f3micos del Alfredo. Te dir\u00eda que &#8220;el principal&#8221;. Eran varios los presentes. Los gringos incluso llevaron traductores.<\/p>\n\n\n\n<p>-\u00bfInversores mineros? -consult\u00f3 Ludovico-.<\/p>\n\n\n\n<p>-No.&nbsp;<strong>Inversores financieros<\/strong>. Est\u00e1n viniendo muchos a Argentina en modo &#8220;ver qu\u00e9 onda&#8221;. En 2016, ni bien asumi\u00f3 Macri, se la jugaron de arranque y se prendieron fuego. Ahora son m\u00e1s cautelosos. En ese contexto, se han juntado con distintos actores, incluido el gobernador de Mendoza; entre esos inversores hay algunos que ya tienen bonos de Mendoza. Siempre les interesa Mendoza: es solvente y est\u00e1 bien calificada, a diferencia de la mayor\u00eda de provincias argentinas.<\/p>\n\n\n\n<p><strong>-\u00bfY el caf\u00e9 con Francos cu\u00e1ndo fue?<\/strong><\/p>\n\n\n\n<p>-Al otro d\u00eda, el&nbsp;<strong>mi\u00e9rcoles a la ma\u00f1ana, a eso de las 10<\/strong>, fue el&nbsp;<strong>Alfredo<\/strong>&nbsp;a&nbsp;<strong>Casa Rosada<\/strong>. Los recibi\u00f3 el secretario del ministro y la gente de protocolo. Estuvieron&nbsp;<strong>media hora reunidos<\/strong>&nbsp;Cornejo y Francos y no pas\u00f3 mucho m\u00e1s de lo que se difundi\u00f3 despu\u00e9s del encuentro: que el Alfredo le pidi\u00f3 por la restituci\u00f3n del impuesto a las Ganancias, la famosa cuarta categor\u00eda, y le dijeron que dentro de poco le mandar\u00e1n un borrador de la nueva Ley Bases.<\/p>\n\n\n\n<p>-Podr\u00e1 ser el peor o el mejor gobierno de la historia argentina, pero seguramente va a ser recordado como el gobierno m\u00e1s raro de la historia mundial -se meti\u00f3 el Dani-. Y en ese universo raro, ten\u00e9s un ministro del Interior que no sab\u00e9s si tiene llegada directa a Milei, y es dato, no opini\u00f3n: cuando se cay\u00f3 la Ley Bases, lo apuraron y tuvo que admitir que transcurrido un d\u00eda completo a\u00fan no hablaba con el presidente despu\u00e9s de semejante golpazo.\u00a0 Me da la impresi\u00f3n que\u00a0<strong>Cornejo ni el resto de los gobernadores saben con qui\u00e9n carajo hablar en Casa Rosada<\/strong>.<\/p>\n\n\n\n<p>-Puede ser. Igual hay que acompa\u00f1ar, como ha dicho el Alfredo.&nbsp;<\/p>\n\n\n\n<p>(&#8230;)<\/p>\n\n\n\n<p>Un funcionario en rojo<\/p>\n\n\n\n<p>Otro que hab\u00eda tenido una ma\u00f1ana a puro tr\u00e1mite era el Flaco Dani, el peronista cl\u00e1sico del grupete, que entre otras dependencias hab\u00eda estado en el Pami de calle Belgrano, haciendo una consulta supuestamente para una t\u00eda. As\u00ed lo cont\u00f3 en la mesa, y&nbsp;<strong>Ludovico<\/strong>, el del PRO que tiene buena onda con algunos libertarios, sorprendi\u00f3 con un dato.<\/p>\n\n\n\n<p>-Che, me contaron que el nuevo director del&nbsp;<strong>PAMI<\/strong>&nbsp;en&nbsp;<strong>Mendoza<\/strong>,&nbsp;<strong>Carlos Soloa<\/strong>, aparece en el&nbsp;<strong>Banco Central&nbsp;<\/strong>como<strong>&nbsp;deudor categor\u00eda 5<\/strong>, calificaci\u00f3n que se da cuando una deuda es irrecuperable.<\/p>\n\n\n\n<p>-Incobrable ser\u00eda. Che, \u00bfpero es funcionario p\u00fablico? -pregunt\u00f3 el Ruso-.<\/p>\n\n\n\n<p>-S\u00ed, es un&nbsp;<strong>escribano<\/strong>&nbsp;que meti\u00f3 la&nbsp;<strong>Lourdes Arrieta<\/strong>&nbsp;como &#8220;capo&#8221; del&nbsp;<strong>Pami en Mendoza<\/strong>, v\u00eda Mart\u00edn Menem. No tiene carrera pol\u00edtica.<\/p>\n\n\n\n<p>-\u00bfLa Lourdes o el del Pami?<\/p>\n\n\n\n<p>-Jaja. \u00a1Ninguno! Acordate que a Arrieta la metieron tercera en la lista como para que el Partido Libertario tenga alg\u00fan lugar, \u00a1y termin\u00f3 siendo legisladora nacional! Una vez en su banca, se pele\u00f3 con el Partido Libertario, puso a su hermano de asesor y cre\u00f3 La Libertad Avanza en Mendoza.<\/p>\n\n\n\n<p>-Hay un olor a Tintura ah\u00ed -aport\u00f3 el Omar-.<\/p>\n\n\n\n<p>-\u00a1Olvidate! Tal cual.<\/p>\n\n\n\n<p>-Che, yo tengo un amigo en com\u00fan con el&nbsp;<strong>Soloa<\/strong>&nbsp;este -sorprendi\u00f3 el Dani-. Cuando lo nombraron, empezaron a decir eso, que ten\u00eda algunas deudas incobrables. Pero lo que me dijo mi amigo es que<strong>&nbsp;es una deuda de poca guita<\/strong>, unas 100 lucas, que ser\u00edan<strong>&nbsp;100 d\u00f3lares<\/strong>, y que es con una&nbsp;<strong>empresa o financiera que ya no existe m\u00e1s<\/strong>. Por eso no la pudo pagar.<\/p>\n\n\n\n<p>-Ahhhhh. Igual es raro que no se la cobren. Cuando se fue C&amp;A de Mendoza, me mandaron un estudio de abogados a cobrar la deuda que ten\u00eda&#8230;<\/p>\n\n\n\n<p>-\u00a1C&amp;A! \u00a1Qu\u00e9 buenas \u00e9pocas!<\/p>\n\n\n\n<p>-Jajaja.<\/p>\n\n\n\n<p>(&#8230;)<\/p>\n\n\n\n<p>El diputado que, sin querer queriendo, &#8220;denigr\u00f3&#8221; a un ministro<\/p>\n\n\n\n<p>Esta vez ni el Ruso ni el due\u00f1o del local se ofrecieron a pagar la cuenta. &#8220;Hay que dividir todo entre cuatro&#8221;, sugiri\u00f3 el Dani, el peronista de la mesa, pero el Omar, el radical, se quej\u00f3: &#8220;\u00bfPor qu\u00e9? Si el Ruso pidi\u00f3 una ensalada con agua saborizada, y yo apenas un cafecito&#8221;. Para evitar que la situaci\u00f3n pasara a mayores, intervino Ludovico: &#8220;\u00a1No seas rata! Encima el Ruso nos ha invitado un mont\u00f3n de veces. No te pod\u00e9s cagar en pagar una ensaladita&#8221;. Finalmente, todos de acuerdo: el total de la cuenta, con propina incluida, se dividir\u00e1 en partes iguales.<\/p>\n\n\n\n<p>-Todos los radicales son as\u00ed -tir\u00f3 el Dani-.<\/p>\n\n\n\n<p>-\u00bfPor qu\u00e9? -pregunt\u00f3 y se quej\u00f3 el Omar-.<\/p>\n\n\n\n<p>-Se cagan en los amigos. Fijate el otro d\u00eda en la sesi\u00f3n de Diputados. Pidi\u00f3 la palabra el&nbsp;<strong>Daniel Llaver<\/strong>, hijo de don Santiago Felipe, para defender la reforma integral de Salud. Entonces, elogi\u00f3 y f<strong>elicit\u00f3 al &#8220;gobernador Cornejo&#8221;&nbsp;<\/strong>y, literalmente,&nbsp;<strong>a &#8220;su delf\u00edn&#8221; Montero<\/strong>. \u00bf<strong>C\u00f3mo le va a decir &#8220;delf\u00edn&#8221; del gobernador&nbsp;<\/strong>a un ministro?&nbsp;<strong>Es como decirle &#8220;chirolita de Cornejo&#8221;.&nbsp;<\/strong><\/p>\n\n\n\n<p>-Jajajaja. Sin querer queriendo lo denigr\u00f3 al\u00a0Rodolfo Montero\u00a0-se meti\u00f3 el Ruso-.<\/p>\n\n\n\n<p>-Fue raro. Yo hab\u00eda ido a la Legislatura a llevarle un par de papeles a un compa\u00f1ero de la c\u00e1mara y me qued\u00e9 helado cuando lo escuch\u00e9. Pas\u00f3 desapercibido, pero a m\u00ed me hizo mucho ruido.<\/p>\n\n\n\n<p>-Llaver es m\u00e9dico. A lo mejor hay celos entre colegas con Montero -aport\u00f3 Ludovico-.<\/p>\n\n\n\n<p>&#8211;<strong>Montero no es m\u00e9dico. Es economista<\/strong>. A lo mejor por eso lo trata de &#8220;delf\u00edn&#8221;, para denigrarlo -retom\u00f3 el Dani-.<\/p>\n\n\n\n<p>-Jajajaja. Puede ser.<\/p>\n\n\n\n<p>-Che,&nbsp;<strong>quiz\u00e1s<\/strong>&nbsp;no encontr\u00f3 otra palabras en ese momento -intercedi\u00f3 el Omar- y&nbsp;<strong>le sali\u00f3 decir &#8220;delf\u00edn&#8221;, sin ninguna mala intenci\u00f3n<\/strong>. Adem\u00e1s,&nbsp;<strong>el t\u00edtulo &#8220;delf\u00edn&#8221; se us\u00f3 antiguamente para referirse a los herederos al trono, o la designaci\u00f3n de alguien. Manga de burros<\/strong>.<\/p>\n\n\n\n<p>-Jajaja. Puede ser entonces.Igual yo creo que<strong>\u00a0hay que preguntarle a Jaliff qu\u00e9 quiso decir Llaver.<\/strong><\/p>\n\n\n\n<p>-Jajajajaja. Un capo el Juan Carlos. Menos mal que sigue laburando en la Legislatura. Ahora con m\u00e1s gente, que se qued\u00f3 sin cargo.<\/p>\n\n\n\n<p>-\u00bfAh s\u00ed? \u00bfQui\u00e9n?<\/p>\n\n\n\n<p>-Y, en el tema de salud, apareci\u00f3 el&nbsp;<strong>Carlos Segura&nbsp;<\/strong>trabajando para el bloque, el que&nbsp;<strong>fue subsecretario de Trabajo<\/strong>. Les vino al pelo porque conoce como nadie a los gremialistas que se quejaban.<\/p>\n\n\n\n<p>-A m\u00ed me vendr\u00eda al pelo que nos fu\u00e9ramos porque quiero tirarme una siestita de media hora, m\u00ednimo.<\/p>\n\n\n\n<p>(&#8230;)<\/p>\n\n\n\n<p>Y as\u00ed, luego de que cada uno de los amigos pusiera lo suyo para pagar la cuenta, se despidieron hasta la pr\u00f3xima semana, cuando tengan un &#8220;huequito&#8221; para seguir compartiendo cosas y cositas, datos y datitos.<\/p>\n\n\n\n<p>FUENTE: Mendozapost.<\/p>\n","protected":false},"excerpt":{"rendered":"<p>El jueves era el \u00fanico d\u00eda de la semana en el que los cuatro amigos pod\u00edan coincidir en el centro, a la siesta. &#8220;Junt\u00e9monos en San Mart\u00edn y Montevideo&#8221;, sugiri\u00f3 el Ruso, el economista y calculador, que hab\u00eda dejado la moto, una Yamaha FZ1 Naked negra, estacionada en el emblem\u00e1tico caf\u00e9 de esa esquina para [&hellip;]<\/p>\n","protected":false},"author":2,"featured_media":6171,"comment_status":"open","ping_status":"open","sticky":true,"template":"","format":"standard","meta":[],"categories":[47],"tags":[],"_links":{"self":[{"href":"https:\/\/pasaenmendoza.com\/index.php?rest_route=\/wp\/v2\/posts\/6170"}],"collection":[{"href":"https:\/\/pasaenmendoza.com\/index.php?rest_route=\/wp\/v2\/posts"}],"about":[{"href":"https:\/\/pasaenmendoza.com\/index.php?rest_route=\/wp\/v2\/types\/post"}],"author":[{"embeddable":true,"href":"https:\/\/pasaenmendoza.com\/index.php?rest_route=\/wp\/v2\/users\/2"}],"replies":[{"embeddable":true,"href":"https:\/\/pasaenmendoza.com\/index.php?rest_route=%2Fwp%2Fv2%2Fcomments&post=6170"}],"version-history":[{"count":1,"href":"https:\/\/pasaenmendoza.com\/index.php?rest_route=\/wp\/v2\/posts\/6170\/revisions"}],"predecessor-version":[{"id":6172,"href":"https:\/\/pasaenmendoza.com\/index.php?rest_route=\/wp\/v2\/posts\/6170\/revisions\/6172"}],"wp:featuredmedia":[{"embeddable":true,"href":"https:\/\/pasaenmendoza.com\/index.php?rest_route=\/wp\/v2\/media\/6171"}],"wp:attachment":[{"href":"https:\/\/pasaenmendoza.com\/index.php?rest_route=%2Fwp%2Fv2%2Fmedia&parent=6170"}],"wp:term":[{"taxonomy":"category","embeddable":true,"href":"https:\/\/pasaenmendoza.com\/index.php?rest_route=%2Fwp%2Fv2%2Fcategories&post=6170"},{"taxonomy":"post_tag","embeddable":true,"href":"https:\/\/pasaenmendoza.com\/index.php?rest_route=%2Fwp%2Fv2%2Ftags&post=6170"}],"curies":[{"name":"wp","href":"https:\/\/api.w.org\/{rel}","templated":true}]}}