{"id":6173,"date":"2024-03-15T23:54:13","date_gmt":"2024-03-15T22:54:13","guid":{"rendered":"https:\/\/pasaenmendoza.com\/?p=6173"},"modified":"2024-03-15T23:54:15","modified_gmt":"2024-03-15T22:54:15","slug":"pacto-de-mayo-intendentes-de-19-ciudades-acordaron-pedir-una-reunion-con-el-ministro-francos","status":"publish","type":"post","link":"https:\/\/pasaenmendoza.com\/?p=6173","title":{"rendered":"Pacto de Mayo: intendentes de 19 ciudades acordaron pedir una reuni\u00f3n con el ministro Francos"},"content":{"rendered":"\n<p>&#8220;Llamamos a un encuentro con la Naci\u00f3n, previo al Pacto de Mayo, para colaborar y trabajar en una agenda com\u00fan desde los gobiernos locales&#8221;, dijo Ulpiano Suarez<\/p>\n\n\n\n<p>Intendentes de 19 capitales argentinas -entre ellos el mendocino\u00a0<strong>Ulpiano Suarez<\/strong>&#8211; se reunieron en C\u00f3rdoba para dise\u00f1ar una agenda en com\u00fan de acuerdo a las necesidades de los municipios y acordaron pedir una\u00a0<strong>reuni\u00f3n con el ministro del Interior, Guillermo Francos, de cara al\u00a0Pacto de Mayo.<\/strong><\/p>\n\n\n\n<p>Tras el encuentro, los jefes comunales firmaron un comunicado que titularon&nbsp;<strong>&#8220;Rosario somos todos&#8221;<\/strong>, en relaci\u00f3n a la grave ola de inseguridad y violencia que azota esa ciudad citiada por los narcos.<\/p>\n\n\n\n<p>El c\u00f3nclave en C\u00f3rdoba fue una especie de continuidad de la charla que tuvo Suarez con Francos en Mendoza durante los actos de la Vendimia, donde se plante\u00f3 la posibilidad de una reuni\u00f3n en la segunda quincena de abril de todos los intendentes de capitales con el ministro de Javier Milei.<\/p>\n\n\n\n<h2 class=\"wp-block-heading\">Las palabras de Ulpiano Suarez<\/h2>\n\n\n\n<p>&#8220;Solidaridad con los vecinos de Rosario y su intendente @pablojavkin. Desde las ciudades capitales de todo el pa\u00eds,&nbsp;<strong>enviamos un mensaje de apoyo y solidaridad con los rosarinos de bien en su lucha contra el narcotr\u00e1fico y la violencia&#8221;,&nbsp;<\/strong>expres\u00f3 el intendente Suarez en la red social X.<\/p>\n\n\n\n<p>Y sum\u00f3: &#8220;<strong>Llamamos a un encuentro con el gobierno nacional, previo al Pacto de Mayo convocado por el presidente @JMilei para colaborar y trabajar en una agenda com\u00fan desde los gobiernos locales<\/strong>. Todos debemos contribuir para que el pa\u00eds salga de la dolorosa realidad que est\u00e1 viviendo&#8221;.<\/p>\n\n\n\n<h2 class=\"wp-block-heading\">El Pacto de Mayo y los ejes de la reuni\u00f3n<\/h2>\n\n\n\n<p>En el mitin de los intendentes, que se desarroll\u00f3 en el Palacio 6 de Julio de la Ciudad de C\u00f3rdoba, se abordaron tres ejes primordiales:<\/p>\n\n\n\n<ol>\n<li>La preocupaci\u00f3n, solidaridad y apoyo al pueblo y autoridades ante la situaci\u00f3n que atraviesa Rosario.<\/li>\n\n\n\n<li>La propuesta de concretar un plenario de intendentes de capitales previo al Pacto del 25 de mayo convocado por el gobierno nacional.<\/li>\n\n\n\n<li>El pedido de audiencia con el ministro del Interior de la Naci\u00f3n, Guillermo Francos.<\/li>\n<\/ol>\n\n\n\n<p>El objetivo fue promover la colaboraci\u00f3n entre las autoridades locales y<strong>&nbsp;establecer canales de di\u00e1logo con el gobierno nacional.<\/strong><\/p>\n\n\n\n<p>Los mandatarios se solidarizaron con los vecinos y vecinas de la ciudad de Rosario, y con su intendente Pablo Javkin.<\/p>\n\n\n\n<p>En este sentido, se enfatiz\u00f3 que el desaf\u00edo que enfrenta Rosario es compartido por todos los argentinos y argentinas, posici\u00f3n com\u00fan que sintetizaron bajo el lema &#8220;Rosario somos todos\u201d.<\/p>\n\n\n\n<p>Vinculado con la propuesta del Presidente sobre el<strong>&nbsp;Pacto de Mayo con los gobernadores provinciales, los intendentes manifestaron su mirada positiva frente a la convocatoria y expresaron la necesidad de que las visiones de los gobernantes municipales sean tambi\u00e9n consideradas<\/strong>, en el marco de la construcci\u00f3n de los consensos previos que deber\u00edan ser parte de las coincidencias.<\/p>\n\n\n\n<p>Por esto se acord\u00f3 proponer al ministro del Interior la realizaci\u00f3n de un<strong>\u00a0plenario en abril que congregue a todos los intendentes e intendentas de las capitales argentinas<\/strong>. A ese fin, solicitar\u00e1n una audiencia con Francos para la pr\u00f3xima semana con el objetivo de coordinar la agenda de tem\u00e1ticas comunes a tratar en ese \u00e1mbito. La idea es\u00a0<strong>abordar las necesidades y desaf\u00edos compartidos por las distintas jurisdicciones.<\/strong><\/p>\n\n\n\n<h2 class=\"wp-block-heading\"><strong>Los intendentes participantes<\/strong><\/h2>\n\n\n\n<p>El comunicado emitido lleva la firma de Armando Molina, intendente de La Rioja; Daniel Passerini, intendente de C\u00f3rdoba; Emiliano Durand, intendente de Salta; Emilio Lanari, viceintendente de Corrientes; Gustavo Saadi, intendente San Fernardo Del Valle de Catamarca; Jorge Jofre, intendente de Formosa; Juan Manuel Llamosas, intendente de R\u00edo Cuarto; Juan Pablo Poletti, intendente de Santa Fe; Julio Alak, intendente de La Plata; Luciano Di Napoli, intendente Santa Rosa (La Pampa); Marcos Castro, intendente de Viedma; Mariano Gaido, intendente de Neuqu\u00e9n; Pablo Grasso, intendente de R\u00edo Gallegos; Ra\u00fal Jorge, intendente de San Salvador de Jujuy; Rosario Romero, intendenta de Paran\u00e1; Rossana Chahla, intendenta de San Miguel de Tucum\u00e1n; Susana Laciar, intendenta de San Juan; Ulpiano Suarez, intendente de Mendoza y Walter Cortes, intendente de Bariloche.<\/p>\n\n\n\n<p>FUENTE: Diariouno.com.ar <\/p>\n","protected":false},"excerpt":{"rendered":"<p>&#8220;Llamamos a un encuentro con la Naci\u00f3n, previo al Pacto de Mayo, para colaborar y trabajar en una agenda com\u00fan desde los gobiernos locales&#8221;, dijo Ulpiano Suarez Intendentes de 19 capitales argentinas -entre ellos el mendocino\u00a0Ulpiano Suarez&#8211; se reunieron en C\u00f3rdoba para dise\u00f1ar una agenda en com\u00fan de acuerdo a las necesidades de los municipios [&hellip;]<\/p>\n","protected":false},"author":2,"featured_media":6174,"comment_status":"open","ping_status":"open","sticky":true,"template":"","format":"standard","meta":[],"categories":[47],"tags":[],"_links":{"self":[{"href":"https:\/\/pasaenmendoza.com\/index.php?rest_route=\/wp\/v2\/posts\/6173"}],"collection":[{"href":"https:\/\/pasaenmendoza.com\/index.php?rest_route=\/wp\/v2\/posts"}],"about":[{"href":"https:\/\/pasaenmendoza.com\/index.php?rest_route=\/wp\/v2\/types\/post"}],"author":[{"embeddable":true,"href":"https:\/\/pasaenmendoza.com\/index.php?rest_route=\/wp\/v2\/users\/2"}],"replies":[{"embeddable":true,"href":"https:\/\/pasaenmendoza.com\/index.php?rest_route=%2Fwp%2Fv2%2Fcomments&post=6173"}],"version-history":[{"count":1,"href":"https:\/\/pasaenmendoza.com\/index.php?rest_route=\/wp\/v2\/posts\/6173\/revisions"}],"predecessor-version":[{"id":6175,"href":"https:\/\/pasaenmendoza.com\/index.php?rest_route=\/wp\/v2\/posts\/6173\/revisions\/6175"}],"wp:featuredmedia":[{"embeddable":true,"href":"https:\/\/pasaenmendoza.com\/index.php?rest_route=\/wp\/v2\/media\/6174"}],"wp:attachment":[{"href":"https:\/\/pasaenmendoza.com\/index.php?rest_route=%2Fwp%2Fv2%2Fmedia&parent=6173"}],"wp:term":[{"taxonomy":"category","embeddable":true,"href":"https:\/\/pasaenmendoza.com\/index.php?rest_route=%2Fwp%2Fv2%2Fcategories&post=6173"},{"taxonomy":"post_tag","embeddable":true,"href":"https:\/\/pasaenmendoza.com\/index.php?rest_route=%2Fwp%2Fv2%2Ftags&post=6173"}],"curies":[{"name":"wp","href":"https:\/\/api.w.org\/{rel}","templated":true}]}}