{"id":6176,"date":"2024-03-18T13:13:57","date_gmt":"2024-03-18T12:13:57","guid":{"rendered":"https:\/\/pasaenmendoza.com\/?p=6176"},"modified":"2024-03-18T13:13:59","modified_gmt":"2024-03-18T12:13:59","slug":"lunes-calido-y-parcialmente-nublado-en-mendoza","status":"publish","type":"post","link":"https:\/\/pasaenmendoza.com\/?p=6176","title":{"rendered":"Lunes c\u00e1lido y parcialmente nublado en Mendoza"},"content":{"rendered":"\n<p><strong>Este lunes sigue el tiempo c\u00e1lido\u00a0<\/strong>pero no agobiante en Mendoza y el pron\u00f3stico indica que esta semana tendremos un par de d\u00edas frescos para descansar del calor.\u00a0<\/p>\n\n\n\n<p>Seg\u00fan el&nbsp;<strong>SMN<\/strong>, en el Gran Mendoza la m\u00e1xima llegar\u00e1 hoy a los<strong>&nbsp;28\u00b0&nbsp;<\/strong>y la humedad relativa del ambiente se mantiene por encima del 60%.<\/p>\n\n\n\n<p>No hay previsiones de precipitaciones y el cielo permanecer\u00e1 algo nublado.<\/p>\n\n\n\n<p>Para ma\u00f1ana martes, el pron\u00f3stico indica leve ascenso de temperatura con una m\u00e1xima de 30\u00b0.&nbsp;<\/p>\n\n\n\n<p>En tanto que el\u00a0<strong>mi\u00e9rcoles y el jueves, la m\u00e1xima ser\u00e1 de 22\u00b0<\/strong>\u00a0por el ingreso de un frente del sureste.\u00a0<\/p>\n\n\n\n<p><strong>Fuente: www.mendozapost.com<\/strong><\/p>\n","protected":false},"excerpt":{"rendered":"<p>Este lunes sigue el tiempo c\u00e1lido\u00a0pero no agobiante en Mendoza y el pron\u00f3stico indica que esta semana tendremos un par de d\u00edas frescos para descansar del calor.\u00a0 Seg\u00fan el&nbsp;SMN, en el Gran Mendoza la m\u00e1xima llegar\u00e1 hoy a los&nbsp;28\u00b0&nbsp;y la humedad relativa del ambiente se mantiene por encima del 60%. No hay previsiones de precipitaciones [&hellip;]<\/p>\n","protected":false},"author":2,"featured_media":6177,"comment_status":"open","ping_status":"open","sticky":false,"template":"","format":"standard","meta":[],"categories":[52],"tags":[],"_links":{"self":[{"href":"https:\/\/pasaenmendoza.com\/index.php?rest_route=\/wp\/v2\/posts\/6176"}],"collection":[{"href":"https:\/\/pasaenmendoza.com\/index.php?rest_route=\/wp\/v2\/posts"}],"about":[{"href":"https:\/\/pasaenmendoza.com\/index.php?rest_route=\/wp\/v2\/types\/post"}],"author":[{"embeddable":true,"href":"https:\/\/pasaenmendoza.com\/index.php?rest_route=\/wp\/v2\/users\/2"}],"replies":[{"embeddable":true,"href":"https:\/\/pasaenmendoza.com\/index.php?rest_route=%2Fwp%2Fv2%2Fcomments&post=6176"}],"version-history":[{"count":1,"href":"https:\/\/pasaenmendoza.com\/index.php?rest_route=\/wp\/v2\/posts\/6176\/revisions"}],"predecessor-version":[{"id":6178,"href":"https:\/\/pasaenmendoza.com\/index.php?rest_route=\/wp\/v2\/posts\/6176\/revisions\/6178"}],"wp:featuredmedia":[{"embeddable":true,"href":"https:\/\/pasaenmendoza.com\/index.php?rest_route=\/wp\/v2\/media\/6177"}],"wp:attachment":[{"href":"https:\/\/pasaenmendoza.com\/index.php?rest_route=%2Fwp%2Fv2%2Fmedia&parent=6176"}],"wp:term":[{"taxonomy":"category","embeddable":true,"href":"https:\/\/pasaenmendoza.com\/index.php?rest_route=%2Fwp%2Fv2%2Fcategories&post=6176"},{"taxonomy":"post_tag","embeddable":true,"href":"https:\/\/pasaenmendoza.com\/index.php?rest_route=%2Fwp%2Fv2%2Ftags&post=6176"}],"curies":[{"name":"wp","href":"https:\/\/api.w.org\/{rel}","templated":true}]}}