{"id":6188,"date":"2024-03-18T15:58:36","date_gmt":"2024-03-18T14:58:36","guid":{"rendered":"https:\/\/pasaenmendoza.com\/?p=6188"},"modified":"2024-03-18T15:58:37","modified_gmt":"2024-03-18T14:58:37","slug":"que-hay-detras-del-conflicto-municipal-en-godoy-cruz-y-el-temor-al-efecto-contagio","status":"publish","type":"post","link":"https:\/\/pasaenmendoza.com\/?p=6188","title":{"rendered":"Qu\u00e9 hay detr\u00e1s del conflicto municipal en Godoy Cruz y el temor al efecto contagio"},"content":{"rendered":"\n<p>El gremio municipal de Godoy Cruz reclama aumentos del 55%, que para la comuna son imposibles de afrontar. Un grupo tom\u00f3 un predio y se generaron enfrentamientos. Qu\u00e9 hay detr\u00e1s.<\/p>\n\n\n\n<p>La protesta iniciada por empleados municipales de\u00a0<strong>Godoy Cruz\u00a0<\/strong>se torn\u00f3 violenta por los enfrentamientos entre la polic\u00eda y los trabajadores del \u00e1rea de servicios p\u00fablicos que tomaron el predio ubicado en el Corredor del Oeste. Detr\u00e1s de ese hecho, hay un conflicto por reclamos salariales que, para el municipio, se salen de los m\u00e1rgenes acordados y &#8220;sustentables&#8221; para las cuentas p\u00fablicas. Desde el gremio hab\u00edan pedido un aumento del 55% m\u00e1s un bono. La comuna asegura que ese pedido es inviable, pero que acompa\u00f1an la situaci\u00f3n con revisiones permanentes. Las negociaciones parecen rotas,\u00a0los empleados tomaron medidas de fuerza que se agitaron con los enfrentamientos. Detr\u00e1s del conflicto est\u00e1 la estrategia acordada entre los intendentes y el gobernador Alfredo Cornejo para no comprometer las cuentas p\u00fablicas.<\/p>\n\n\n\n<p>En<strong>\u00a0Godoy Cruz<\/strong>\u00a0gran parte del servicio de recolecci\u00f3n est\u00e1 tercerizado y la concesi\u00f3n la tiene la empresa Santa Elena. Pero una porci\u00f3n m\u00e1s chica que aborda el Este y Oeste del municipio se\u00a0 hace con personal propio. Esos trabajadores son los que comenzaron los reclamos anoche.\u00a0<\/p>\n\n\n\n<p>Las negociaciones paritarias con los municipales se siguen de manera coordinada entre las comunas oficialistas. De hecho el camino fue trazado en una reuni\u00f3n entre los intendentes y el gobernador Alfredo Cornejo. All\u00ed se comprometieron a negociar con montos que no comprometan las cuentas, es decir &#8220;pagables&#8221; y con revisiones permanentes.<\/p>\n\n\n\n<h2 class=\"wp-block-heading\">Tensi\u00f3n<\/h2>\n\n\n\n<p>La&nbsp;Municipalidad otorg\u00f3 aumentos del 20 y10 por ciento m\u00e1s un bono. El gremio municipal originalmente hab\u00eda reclamado un aumento del 70% y luego del 55%. Las negociaciones se complicaron y por eso la medida de fuerza que tiene arraigo en servicios p\u00fablicos porque all\u00ed est\u00e1 el servicio m\u00e1s sensible; la recolecci\u00f3n. &#8220;Al principio eran pocos, pero comenzaron a llegar m\u00e1s camiones con&nbsp;&nbsp;cubiertas. A medida que llegaron m\u00e1s personas, marcaban tarjeta y se plegaban a la medida&#8221;, explicaron.&nbsp;<\/p>\n\n\n\n<p>Los servicios en las \u00e1reas concesionadas no est\u00e1n afectados y, aseguran, en el resto se hizo un plan de contingencia para hacer frente a los servicios. Desde el Gobierno siguen de cerca el conflicto por temor al efecto contagio. &#8220;La decisi\u00f3n es llevar la situaci\u00f3n de manera sensata. No se puede comprometer el futuro de ning\u00fan municipio. Hay pedidos que son imposibles de afrontar porque no se podr\u00edan pagar y volver\u00edamos a la situaci\u00f3n de a\u00f1os atr\u00e1s, cuando se aumentaban los sueldos y hab\u00eda c\u00f3mo pagarlo&#8221;, explican.\u00a0<\/p>\n\n\n\n<p>A poco de asumir y con el recorte de fondos nacionales&nbsp;como tel\u00f3n de fondo, el gobernador Alfredo Cornejo reuni\u00f3 a todos los intendentes para explicarles el panorama y &#8220;sugerir&#8221; un camino a seguir. En ese encuentro, realizado el 1 de febrero, el Gobernador explic\u00f3 que la ca\u00edda en los ingresos era m\u00e1s dram\u00e1tica de lo esperado y que no hab\u00eda buenas perspectivas. Por eso acordaron no salirse del margen de lo &#8220;previsible&#8221;, aunque acompa\u00f1ar la situaci\u00f3n. &#8220;No ha cambiado nada, lo que es peor es la situaci\u00f3n econ\u00f3mica&#8221;, explican.&nbsp;<\/p>\n\n\n\n<p>El sector de servicios p\u00fablicos es el m\u00e1s combativo. Todos recuerdan que all\u00ed fue agredido f\u00edsicamente el exintendente Cesar Biffi.\u00a0<\/p>\n\n\n\n<p>FUENTE: MDZonline.<\/p>\n","protected":false},"excerpt":{"rendered":"<p>El gremio municipal de Godoy Cruz reclama aumentos del 55%, que para la comuna son imposibles de afrontar. Un grupo tom\u00f3 un predio y se generaron enfrentamientos. Qu\u00e9 hay detr\u00e1s. La protesta iniciada por empleados municipales de\u00a0Godoy Cruz\u00a0se torn\u00f3 violenta por los enfrentamientos entre la polic\u00eda y los trabajadores del \u00e1rea de servicios p\u00fablicos que [&hellip;]<\/p>\n","protected":false},"author":2,"featured_media":6189,"comment_status":"open","ping_status":"open","sticky":true,"template":"","format":"standard","meta":[],"categories":[47],"tags":[],"_links":{"self":[{"href":"https:\/\/pasaenmendoza.com\/index.php?rest_route=\/wp\/v2\/posts\/6188"}],"collection":[{"href":"https:\/\/pasaenmendoza.com\/index.php?rest_route=\/wp\/v2\/posts"}],"about":[{"href":"https:\/\/pasaenmendoza.com\/index.php?rest_route=\/wp\/v2\/types\/post"}],"author":[{"embeddable":true,"href":"https:\/\/pasaenmendoza.com\/index.php?rest_route=\/wp\/v2\/users\/2"}],"replies":[{"embeddable":true,"href":"https:\/\/pasaenmendoza.com\/index.php?rest_route=%2Fwp%2Fv2%2Fcomments&post=6188"}],"version-history":[{"count":1,"href":"https:\/\/pasaenmendoza.com\/index.php?rest_route=\/wp\/v2\/posts\/6188\/revisions"}],"predecessor-version":[{"id":6190,"href":"https:\/\/pasaenmendoza.com\/index.php?rest_route=\/wp\/v2\/posts\/6188\/revisions\/6190"}],"wp:featuredmedia":[{"embeddable":true,"href":"https:\/\/pasaenmendoza.com\/index.php?rest_route=\/wp\/v2\/media\/6189"}],"wp:attachment":[{"href":"https:\/\/pasaenmendoza.com\/index.php?rest_route=%2Fwp%2Fv2%2Fmedia&parent=6188"}],"wp:term":[{"taxonomy":"category","embeddable":true,"href":"https:\/\/pasaenmendoza.com\/index.php?rest_route=%2Fwp%2Fv2%2Fcategories&post=6188"},{"taxonomy":"post_tag","embeddable":true,"href":"https:\/\/pasaenmendoza.com\/index.php?rest_route=%2Fwp%2Fv2%2Ftags&post=6188"}],"curies":[{"name":"wp","href":"https:\/\/api.w.org\/{rel}","templated":true}]}}