{"id":6191,"date":"2024-03-18T16:02:50","date_gmt":"2024-03-18T15:02:50","guid":{"rendered":"https:\/\/pasaenmendoza.com\/?p=6191"},"modified":"2024-03-18T16:02:51","modified_gmt":"2024-03-18T15:02:51","slug":"asi-estan-las-calles-del-centro-de-mendoza-por-la-marcha-piquetera-contra-milei","status":"publish","type":"post","link":"https:\/\/pasaenmendoza.com\/?p=6191","title":{"rendered":"As\u00ed est\u00e1n las calles del centro de Mendoza por la marcha piquetera contra Milei"},"content":{"rendered":"\n<p>Este lunes, movimientos de izquierda y piqueteros realizaron una manifestaci\u00f3n en el centro mendocino, como parte del plan de lucha en contra de las medidas de ajuste que lleva adelante el&nbsp;<strong>Gobierno&nbsp;<\/strong>de&nbsp;<strong>Javier Milei<\/strong>.<\/p>\n\n\n\n<p>De la convocatoria, pactada para las 9 en el nudo vial de Costanera y Vicente Zapata, participaron organizaciones como la<strong>&nbsp;Uni\u00f3n de Trabajadores de la Econom\u00eda Popular (UTEP)<\/strong>, el&nbsp;<strong>Movimiento Evita<\/strong>, el&nbsp;<strong>Polo Obrero<\/strong>&nbsp;y&nbsp;<strong>Barrios de pie<\/strong>, entre otros.<\/p>\n\n\n\n<p>El recorrido complica las calles Vicente Zapata hasta Patricias Mendocinas, desde donde continuar\u00e1n hasta llegar a la\u00a0<strong>Casa de Gobierno<\/strong>.<\/p>\n\n\n\n<p><em>\u201cEl piquetazo\u201d\u00a0<\/em>como lo han definido algunos movimientos sociales, tendr\u00e1 m\u00e1s de 500 puntos de concentraci\u00f3n y movilizaci\u00f3n en todo el pa\u00eds. Ante este panorama, la ministra de Seguridad, Patricia Bullrich, indic\u00f3 la activaci\u00f3n del protocolo \u201c<em>antipiquete<\/em>\u201d.<\/p>\n\n\n\n<figure class=\"wp-block-image\"><img decoding=\"async\" src=\"https:\/\/i0.wp.com\/newspack-elsol.s3.amazonaws.com\/wp-content\/uploads\/2024\/03\/WhatsApp-Image-2024-03-18-at-9.56.36-AM-1024x768.jpeg?resize=780%2C585&amp;ssl=1\" alt=\"\" class=\"wp-image-1935980\"\/><\/figure>\n\n\n\n<figure class=\"wp-block-image\"><img decoding=\"async\" src=\"https:\/\/i0.wp.com\/newspack-elsol.s3.amazonaws.com\/wp-content\/uploads\/2024\/03\/WhatsApp-Image-2024-03-18-at-9.57.15-AM-1024x768.jpeg?resize=780%2C585&amp;ssl=1\" alt=\"\" class=\"wp-image-1935984\"\/><\/figure>\n\n\n\n<figure class=\"wp-block-image\"><img decoding=\"async\" src=\"https:\/\/i0.wp.com\/newspack-elsol.s3.amazonaws.com\/wp-content\/uploads\/2024\/03\/WhatsApp-Image-2024-03-18-at-9.57.17-AM-1024x768.jpeg?resize=780%2C585&amp;ssl=1\" alt=\"\" class=\"wp-image-1935981\"\/><\/figure>\n\n\n\n<figure class=\"wp-block-image\"><img decoding=\"async\" src=\"https:\/\/i0.wp.com\/newspack-elsol.s3.amazonaws.com\/wp-content\/uploads\/2024\/03\/WhatsApp-Image-2024-03-18-at-9.57.20-AM-1024x768.jpeg?resize=780%2C585&amp;ssl=1\" alt=\"\" class=\"wp-image-1935985\"\/><\/figure>\n\n\n\n<figure class=\"wp-block-image\"><img decoding=\"async\" src=\"https:\/\/i0.wp.com\/newspack-elsol.s3.amazonaws.com\/wp-content\/uploads\/2024\/03\/WhatsApp-Image-2024-03-18-at-9.59.20-AM-1024x768.jpeg?resize=780%2C585&amp;ssl=1\" alt=\"\" class=\"wp-image-1935983\"\/><\/figure>\n\n\n\n<figure class=\"wp-block-image\"><img decoding=\"async\" src=\"https:\/\/i0.wp.com\/newspack-elsol.s3.amazonaws.com\/wp-content\/uploads\/2024\/03\/WhatsApp-Image-2024-03-18-at-10.01.58-AM-1024x768.jpeg?resize=780%2C585&amp;ssl=1\" alt=\"\" class=\"wp-image-1935982\"\/><\/figure>\n\n\n\n<p>FUENTE: Elsol.com.ar <\/p>\n","protected":false},"excerpt":{"rendered":"<p>Este lunes, movimientos de izquierda y piqueteros realizaron una manifestaci\u00f3n en el centro mendocino, como parte del plan de lucha en contra de las medidas de ajuste que lleva adelante el&nbsp;Gobierno&nbsp;de&nbsp;Javier Milei. De la convocatoria, pactada para las 9 en el nudo vial de Costanera y Vicente Zapata, participaron organizaciones como la&nbsp;Uni\u00f3n de Trabajadores de [&hellip;]<\/p>\n","protected":false},"author":2,"featured_media":6192,"comment_status":"open","ping_status":"open","sticky":true,"template":"","format":"standard","meta":[],"categories":[47],"tags":[],"_links":{"self":[{"href":"https:\/\/pasaenmendoza.com\/index.php?rest_route=\/wp\/v2\/posts\/6191"}],"collection":[{"href":"https:\/\/pasaenmendoza.com\/index.php?rest_route=\/wp\/v2\/posts"}],"about":[{"href":"https:\/\/pasaenmendoza.com\/index.php?rest_route=\/wp\/v2\/types\/post"}],"author":[{"embeddable":true,"href":"https:\/\/pasaenmendoza.com\/index.php?rest_route=\/wp\/v2\/users\/2"}],"replies":[{"embeddable":true,"href":"https:\/\/pasaenmendoza.com\/index.php?rest_route=%2Fwp%2Fv2%2Fcomments&post=6191"}],"version-history":[{"count":1,"href":"https:\/\/pasaenmendoza.com\/index.php?rest_route=\/wp\/v2\/posts\/6191\/revisions"}],"predecessor-version":[{"id":6193,"href":"https:\/\/pasaenmendoza.com\/index.php?rest_route=\/wp\/v2\/posts\/6191\/revisions\/6193"}],"wp:featuredmedia":[{"embeddable":true,"href":"https:\/\/pasaenmendoza.com\/index.php?rest_route=\/wp\/v2\/media\/6192"}],"wp:attachment":[{"href":"https:\/\/pasaenmendoza.com\/index.php?rest_route=%2Fwp%2Fv2%2Fmedia&parent=6191"}],"wp:term":[{"taxonomy":"category","embeddable":true,"href":"https:\/\/pasaenmendoza.com\/index.php?rest_route=%2Fwp%2Fv2%2Fcategories&post=6191"},{"taxonomy":"post_tag","embeddable":true,"href":"https:\/\/pasaenmendoza.com\/index.php?rest_route=%2Fwp%2Fv2%2Ftags&post=6191"}],"curies":[{"name":"wp","href":"https:\/\/api.w.org\/{rel}","templated":true}]}}