{"id":6194,"date":"2024-03-18T16:10:11","date_gmt":"2024-03-18T15:10:11","guid":{"rendered":"https:\/\/pasaenmendoza.com\/?p=6194"},"modified":"2024-03-18T16:10:13","modified_gmt":"2024-03-18T15:10:13","slug":"un-dia-antes-de-irse-suarez-rechazo-un-pedido-de-ypf","status":"publish","type":"post","link":"https:\/\/pasaenmendoza.com\/?p=6194","title":{"rendered":"Un d\u00eda antes de irse, Suarez rechaz\u00f3 un pedido de YPF"},"content":{"rendered":"\n<p>Este lunes se public\u00f3 en el Bolet\u00edn Oficial de Mendoza un decreto firmado por el exgobernador\u00a0Rodolfo Suarez\u00a0y el exministro de Energ\u00eda\u00a0<strong>Enrique Vaqui\u00e9<\/strong>, con fecha 8 de diciembre de 2023, en el que\u00a0<strong>rechazan un pedido de YPF para ampliar los l\u00edmites de un \u00e1rea en el sur de Mendoza.<\/strong><\/p>\n\n\n\n<p><br>La petrolera de bandera hab\u00eda solicitado la ampliaci\u00f3n de la superficie original de la concesi\u00f3n<strong>&nbsp;Cerro Morado Este,<\/strong>&nbsp;&#8220;incorpor\u00e1ndose 104 km2 adicionales hacia el noroeste, dentro del Lote de Evaluaci\u00f3n Chachahu\u00e9n Sur&#8221;, argumentando que &#8220;el yacimiento se extiende por fuera de los l\u00edmites originarios&#8221;, seg\u00fan surgir\u00eda de estudios realizados por la empresa en 2019.&nbsp;<\/p>\n\n\n\n<p>Previamente,\u00a0<strong>el Gobierno de Mendoza hab\u00eda sostenido que YPF deb\u00eda solicitar un nuevo lote de exploraci\u00f3n<\/strong>, y no anexar m\u00e1s territorio al \u00e1rea ya adjudicada.<\/p>\n\n\n\n<p>Ante esto, YPF afirm\u00f3 que &#8220;la normativa aplicable no exige una determinaci\u00f3n exacta de los l\u00edmites de los entrampamientos, sino que obliga a reajustar los l\u00edmites de los lotes de concesi\u00f3n lo m\u00e1s aproximadamente posible, de acuerdo al mejor conocimiento que se adquiera de las trampas productivas&#8221;.&nbsp;<\/p>\n\n\n\n<p>Sin embargo,\u00a0<strong>un d\u00eda antes de dejar el poder, Suarez y Vaqui\u00e9 rechazaron el planteo de YPF.<\/strong>\u00a0&#8220;Rech\u00e1cese sustancialmente por los argumentos expuestos en los considerandos de la presente norma legal&#8221;, dice el decreto 3046\/23.<\/p>\n\n\n\n<p><strong><em>El decreto completo:<\/em><\/strong><\/p>\n\n\n\n<p><em>Visto el expediente N\u00ba EX-2021-00939809-GDEMZA-DHIDRO#MEIYE, en el cual el Sr. GASTON ABRAHAMSOHN, en nombre y representaci\u00f3n de YPF S.A., interpone Recurso Jer\u00e1rquico en contra de la Decisi\u00f3n Administrativa N\u00ba 29 de la Direcci\u00f3n de Hidrocarburos del Ministerio de Econom\u00eda y Energ\u00eda; y<\/em><\/p>\n\n\n\n<p><em>CONSIDERANDO:<\/em><\/p>\n\n\n\n<p><em>Que en la mencionada presentaci\u00f3n se solicita se deje sin efecto la Decisi\u00f3n recusada y en consecuencia se disponga la ampliaci\u00f3n de la superficie original de la concesi\u00f3n Cerro Morado Este, incorpor\u00e1ndose 104 km2 adicionales hacia el noroeste, dentro del Lote de Evaluaci\u00f3n Chachahu\u00e9n Sur. Ello as\u00ed por cuanto considera que el yacimiento se extiende por fuera de los l\u00edmites originarios, seg\u00fan surgir\u00eda de estudios realizados por la empresa en 2019.<\/em><\/p>\n\n\n\n<p><em>Que en sus argumentos refiere el impugnante que la autoridad incurri\u00f3 en confusi\u00f3n al exigir, en un supuesto de reajuste de l\u00edmites, los requisitos que establece la normativa hidrocarbur\u00edfera para solicitar un nuevo lote de explotaci\u00f3n. Se\u00f1alan que el acto impugnado fue emitido sin haberse producido un informe t\u00e9cnico previo, por lo tanto \u00e9ste es infundado y dogm\u00e1tico, incurriendo en errores de hecho y derecho. Afirman que la normativa aplicable no exige una determinaci\u00f3n exacta de los l\u00edmites de los entrampamientos, sino que obliga a reajustar los l\u00edmites de los lotes de concesi\u00f3n lo m\u00e1s aproximadamente posible, de acuerdo al mejor conocimiento que se adquiera de las trampas productivas.<\/em><\/p>\n\n\n\n<p><em>Que YPF S.A. adjunt\u00f3 a su escrito de recurso im\u00e1genes que, seg\u00fan sostiene, comprueban la presencia de petr\u00f3leo en el \u00e1rea que consideran, deber\u00eda formar parte del lote de explotaci\u00f3n Cerro Morado Este. Acompa\u00f1\u00f3 asimismo un Anexo I con un informe t\u00e9cnico complementario y un Anexo II con un plan de desarrollo.<\/em><\/p>\n\n\n\n<p><em>Que en orden 13 se incorpor\u00f3 informe del Jefe del \u00c1rea Control Petrolero de la Direcci\u00f3n de Hidrocarburos, mediante el cual se analiz\u00f3 el planteo recursivo de los concesionarios y la nueva informaci\u00f3n all\u00ed incluida sostiene que de las sucesivas presentaciones de las concesionarias surge que la continuidad del reservorio correspondiente es s\u00f3lo probable, pues no est\u00e1 identificado por ning\u00fan pozo perforado en la zona solicitada. Agrega que entre las conclusiones extra\u00eddas del informe t\u00e9cnico inicial se destaca que &#8220;es necesaria la perforaci\u00f3n en ubicaciones estrat\u00e9gicamente seleccionadas para mitigar incertidumbres vigentes respecto al potencial del bloque a solicitar&#8221;. Concluye que la informaci\u00f3n proporcionada no permite reducir la incertidumbre de la continuidad de la trampa productiva.<\/em><\/p>\n\n\n\n<p><em>Por lo expuesto y en virtud de lo dictaminado por la Direcci\u00f3n de Asuntos Jur\u00eddicos del Ministerio de Econom\u00eda y Energ\u00eda,<\/em><\/p>\n\n\n\n<p><strong><em>EL<\/em><\/strong><\/p>\n\n\n\n<p><strong><em>GOBERNADOR DE LA PROVINCIA<\/em><\/strong><\/p>\n\n\n\n<p><strong><em>DECRETA:<\/em><\/strong><\/p>\n\n\n\n<p><em>Art\u00edculo 1\u00ba &#8211; Ac\u00e9ptese en lo formal y rech\u00e1cese sustancialmente por los argumentos expuestos en los considerandos de la presente norma legal, el Recurso Jer\u00e1rquico, obrante en orden 2 del expediente EX-2021-00939809-GDEMZA-DHIDRO#MEIYE, interpuesto por el Sr. GASTON ABRAHAMSOHN, en nombre y representaci\u00f3n de YPF S.A., en contra de la Decisi\u00f3n Administrativa N\u00ba 29 de la Direcci\u00f3n de Hidrocarburos del Ministerio de Econom\u00eda y Energ\u00eda, la que quedar\u00e1 firme en todos sus t\u00e9rminos.<\/em><\/p>\n\n\n\n<p><em>Art\u00edculo 2\u00ba &#8211; Comun\u00edquese, publ\u00edquese, d\u00e9se al Registro Oficial y Arch\u00edvese.<\/em><\/p>\n\n\n\n<p><strong><em>DR. RODOLFO ALEJANDRO SUAREZ<\/em><\/strong><\/p>\n\n\n\n<p><em>LIC. ENRIQUE ANDR\u00c9S VAQUI\u00c9<\/em><\/p>\n\n\n\n<p>FUENTE: Mendozapost.<\/p>\n","protected":false},"excerpt":{"rendered":"<p>Este lunes se public\u00f3 en el Bolet\u00edn Oficial de Mendoza un decreto firmado por el exgobernador\u00a0Rodolfo Suarez\u00a0y el exministro de Energ\u00eda\u00a0Enrique Vaqui\u00e9, con fecha 8 de diciembre de 2023, en el que\u00a0rechazan un pedido de YPF para ampliar los l\u00edmites de un \u00e1rea en el sur de Mendoza. La petrolera de bandera hab\u00eda solicitado la [&hellip;]<\/p>\n","protected":false},"author":2,"featured_media":6195,"comment_status":"open","ping_status":"open","sticky":true,"template":"","format":"standard","meta":[],"categories":[47],"tags":[],"_links":{"self":[{"href":"https:\/\/pasaenmendoza.com\/index.php?rest_route=\/wp\/v2\/posts\/6194"}],"collection":[{"href":"https:\/\/pasaenmendoza.com\/index.php?rest_route=\/wp\/v2\/posts"}],"about":[{"href":"https:\/\/pasaenmendoza.com\/index.php?rest_route=\/wp\/v2\/types\/post"}],"author":[{"embeddable":true,"href":"https:\/\/pasaenmendoza.com\/index.php?rest_route=\/wp\/v2\/users\/2"}],"replies":[{"embeddable":true,"href":"https:\/\/pasaenmendoza.com\/index.php?rest_route=%2Fwp%2Fv2%2Fcomments&post=6194"}],"version-history":[{"count":1,"href":"https:\/\/pasaenmendoza.com\/index.php?rest_route=\/wp\/v2\/posts\/6194\/revisions"}],"predecessor-version":[{"id":6196,"href":"https:\/\/pasaenmendoza.com\/index.php?rest_route=\/wp\/v2\/posts\/6194\/revisions\/6196"}],"wp:featuredmedia":[{"embeddable":true,"href":"https:\/\/pasaenmendoza.com\/index.php?rest_route=\/wp\/v2\/media\/6195"}],"wp:attachment":[{"href":"https:\/\/pasaenmendoza.com\/index.php?rest_route=%2Fwp%2Fv2%2Fmedia&parent=6194"}],"wp:term":[{"taxonomy":"category","embeddable":true,"href":"https:\/\/pasaenmendoza.com\/index.php?rest_route=%2Fwp%2Fv2%2Fcategories&post=6194"},{"taxonomy":"post_tag","embeddable":true,"href":"https:\/\/pasaenmendoza.com\/index.php?rest_route=%2Fwp%2Fv2%2Ftags&post=6194"}],"curies":[{"name":"wp","href":"https:\/\/api.w.org\/{rel}","templated":true}]}}