{"id":6197,"date":"2024-03-18T16:13:42","date_gmt":"2024-03-18T15:13:42","guid":{"rendered":"https:\/\/pasaenmendoza.com\/?p=6197"},"modified":"2024-03-18T16:13:44","modified_gmt":"2024-03-18T15:13:44","slug":"diputados-nacionales-mendocinos-de-union-por-la-patria-votaran-en-contra-del-dnu","status":"publish","type":"post","link":"https:\/\/pasaenmendoza.com\/?p=6197","title":{"rendered":"Diputados nacionales mendocinos de Uni\u00f3n por la Patria votar\u00e1n en contra del DNU"},"content":{"rendered":"\n<p>En el radicalismo, esperan que haya una reuni\u00f3n previa de bloque para unificar una posici\u00f3n. Nieri dijo que apoya las reformas del decreto<\/p>\n\n\n\n<p>Los diputados nacionales del peronismo mendocino<strong>\u00a0Mart\u00edn Aveiro, Liliana Paponet y Adolfo Bermejo<\/strong>\u00a0anticiparon que van a\u00a0rechazar el Decreto de Necesidad y Urgencia\u00a070\/ 2023,\u00a0<strong>cuando llegue su turno en la C\u00e1mara Baja, al igual que lo hicieron sus pares en el Senado.<\/strong><\/p>\n\n\n\n<p>En di\u00e1logo con UNO, Aveiro adelant\u00f3 su posici\u00f3n: &#8220;Entendemos que hay algunos temas importantes pero que deben ser tratados como corresponde en el Congreso y de la manera, que adem\u00e1s participen las partes afectadas e intervinientes de cada situaci\u00f3n&#8221;.<\/p>\n\n\n\n<p>El ex intendente confirm\u00f3 que sus compa\u00f1eros de bloque tambi\u00e9n le bajar\u00e1n el pulgar al DNU de Milei que fue rechazado en su mayor\u00eda en la sesi\u00f3n del jueves pasado. Si bien sigue vigente, luego de 42 negativos y 25 positivos.<\/p>\n\n\n\n<p>La senadora Anabel Fern\u00e1ndez Sagasti afirm\u00f3 que este decreto es inconstitucional porque el Ejecutivo toma atribuciones del Congreso, queriendo legislar.<\/p>\n\n\n\n<p>En tanto, otros referentes del peronismo llamaron al Presidente presente el paquete de leyes que considere necesario para tratarlos como corresponde.<\/p>\n\n\n\n<h2 class=\"wp-block-heading\"><strong>Qu\u00e9 har\u00e1n los radicales mendocinos<\/strong><\/h2>\n\n\n\n<p>Pamela Verasay, Julio Cobos y Lisandro Nieri son los tres diputados mendocinos por el radicalismo, partido que en el Senado apoy\u00f3 el DNU.<\/p>\n\n\n\n<p>Sin embargo, desde el sector de Cobos indicaron que aguardan que haya una reuni\u00f3n de bloque para definir una postura.<\/p>\n\n\n\n<p>El diputado Lisandro Nieri coincidi\u00f3 en ese sentido, pero sent\u00f3 postura y reiter\u00f3 que estpa a favor del DNU.<\/p>\n\n\n\n<p>&#8220;Independientemente de eso yo estoy a favor de las reformas necesarias para cambiar la decadencia en la que se encuentra Argentina hace much\u00edsimos a\u00f1os. Reforma laboral, esencialidad en la educaci\u00f3n, cielos abiertos, registros automotores, entre otras son urgentes para retomar una senda de crecimiento&#8221;, confi\u00f3 a UNO.<\/p>\n\n\n\n<h2 class=\"wp-block-heading\"><strong>El impacto de la votaci\u00f3n negativa y el Pacto de Mayo<\/strong><\/h2>\n\n\n\n<p>Tras el fracaso de la votaci\u00f3n, el Presidente emiti\u00f3 un comunicado en el que alert\u00f3 que corr\u00eda peligro la continuidad de la convocatoria al Pacto de Mayo en C\u00f3rdoba y consider\u00f3 grave la falta de respaldo de los bloques que se manifestaron en contra.<\/p>\n\n\n\n<p>&#8220;El primero de marzo el Presidente extendi\u00f3 una invitaci\u00f3n, en un acontecimiento hist\u00f3rico sin precedentes, a todos los integrantes de la dirigencia pol\u00edtica, sin distinci\u00f3n partidaria, para firmar el<strong>&nbsp;Pacto de Mayo.<\/strong>&nbsp;Este pacto constituye un acuerdo fundacional destinado a establecer diez pol\u00edticas de Estado que permitan&nbsp;<strong>edificar un nuevo orden econ\u00f3mico,<\/strong>&nbsp;rescatando a Argentina de la senda del fracaso y reinsert\u00e1ndola en el camino necesario para volver a ser una potencia mundial&#8221;, comenz\u00f3 el escrito.<\/p>\n\n\n\n<p>Y agreg\u00f3: &#8220;Este acuerdo, largamente demandado por la clase pol\u00edtica durante d\u00e9cadas pero que nadie ha osado convocar,\u00a0<strong>requiere necesariamente de la buena voluntad<\/strong>\u00a0de todos los sectores de la vida pol\u00edtica nacional&#8221;.<\/p>\n\n\n\n<p>FUENTE: Diariouno.com.ar <\/p>\n","protected":false},"excerpt":{"rendered":"<p>En el radicalismo, esperan que haya una reuni\u00f3n previa de bloque para unificar una posici\u00f3n. Nieri dijo que apoya las reformas del decreto Los diputados nacionales del peronismo mendocino\u00a0Mart\u00edn Aveiro, Liliana Paponet y Adolfo Bermejo\u00a0anticiparon que van a\u00a0rechazar el Decreto de Necesidad y Urgencia\u00a070\/ 2023,\u00a0cuando llegue su turno en la C\u00e1mara Baja, al igual que [&hellip;]<\/p>\n","protected":false},"author":2,"featured_media":6199,"comment_status":"open","ping_status":"open","sticky":true,"template":"","format":"standard","meta":[],"categories":[47],"tags":[],"_links":{"self":[{"href":"https:\/\/pasaenmendoza.com\/index.php?rest_route=\/wp\/v2\/posts\/6197"}],"collection":[{"href":"https:\/\/pasaenmendoza.com\/index.php?rest_route=\/wp\/v2\/posts"}],"about":[{"href":"https:\/\/pasaenmendoza.com\/index.php?rest_route=\/wp\/v2\/types\/post"}],"author":[{"embeddable":true,"href":"https:\/\/pasaenmendoza.com\/index.php?rest_route=\/wp\/v2\/users\/2"}],"replies":[{"embeddable":true,"href":"https:\/\/pasaenmendoza.com\/index.php?rest_route=%2Fwp%2Fv2%2Fcomments&post=6197"}],"version-history":[{"count":1,"href":"https:\/\/pasaenmendoza.com\/index.php?rest_route=\/wp\/v2\/posts\/6197\/revisions"}],"predecessor-version":[{"id":6200,"href":"https:\/\/pasaenmendoza.com\/index.php?rest_route=\/wp\/v2\/posts\/6197\/revisions\/6200"}],"wp:featuredmedia":[{"embeddable":true,"href":"https:\/\/pasaenmendoza.com\/index.php?rest_route=\/wp\/v2\/media\/6199"}],"wp:attachment":[{"href":"https:\/\/pasaenmendoza.com\/index.php?rest_route=%2Fwp%2Fv2%2Fmedia&parent=6197"}],"wp:term":[{"taxonomy":"category","embeddable":true,"href":"https:\/\/pasaenmendoza.com\/index.php?rest_route=%2Fwp%2Fv2%2Fcategories&post=6197"},{"taxonomy":"post_tag","embeddable":true,"href":"https:\/\/pasaenmendoza.com\/index.php?rest_route=%2Fwp%2Fv2%2Ftags&post=6197"}],"curies":[{"name":"wp","href":"https:\/\/api.w.org\/{rel}","templated":true}]}}