{"id":620,"date":"2023-08-10T23:55:15","date_gmt":"2023-08-10T21:55:15","guid":{"rendered":"https:\/\/pasaenmendoza.com\/?p=620"},"modified":"2023-08-10T23:55:16","modified_gmt":"2023-08-10T21:55:16","slug":"las-particulares-fotos-de-omar-de-marchi-causaron-polemica-en-las-redes-sociales","status":"publish","type":"post","link":"https:\/\/pasaenmendoza.com\/?p=620","title":{"rendered":"Las particulares fotos de Omar De Marchi causaron pol\u00e9mica en las redes sociales"},"content":{"rendered":"\n<p>El diputado nacional y candidato a gobernador de La Uni\u00f3n Mendocina,\u00a0<strong>Omar De Marchi<\/strong>, fue blanco de cr\u00edticas luego de que se viralizaran fotos en las que se lo ve arriba de un escenario sosteniendo en su mano ropa interior femenina. La imagen tuvo lugar el 26 de julio en el marco de una celebraci\u00f3n llevada adelante por la municipalidad de\u00a0<strong>Las Heras\u00a0<\/strong>por el D\u00eda de\u00a0los Abuelos.<\/p>\n\n\n\n<p>Las fotograf\u00edas fueron difundidas por un reportero gr\u00e1fico contratado por el municipio, quien explic\u00f3 que lo que ocurri\u00f3 es que &#8220;en el festejo del D\u00eda de los Abuelos, en\u00a0<strong>Las Heras<\/strong>, hubo un &#8216;mate bingo&#8217;. El diputado nacional,\u00a0<strong>Omar<\/strong>\u00a0<strong>De<\/strong>\u00a0<strong>Marchi<\/strong>, hizo de locutor unos minutos. Hab\u00eda que desempatar y la primer idea fue decir que ganaba la que llevara una bombacha en la cartera. Eran varias las que cumpl\u00edan con el requisito. Se termin\u00f3 definiendo por terminaci\u00f3n de DNI&#8221;.<\/p>\n\n\n\n<p>Ante esto -y considerando la ins\u00f3lita guerra pol\u00edtica existente en\u00a0<strong>Las Heras\u00a0<\/strong>hace ya meses- dirigentes opositores a la gesti\u00f3n del\u00a0intendente Daniel Orozco se pronunciaron al respecto y criticaron a\u00a0<strong>De Marchi<\/strong>.<\/p>\n\n\n\n<p>La diputada nacional radical Jimena Latorre afirm\u00f3 que &#8220;gracias al fot\u00f3grafo de @mdanielorozco que nos muestra estas im\u00e1genes tan desagradables, por si alguien se perdi\u00f3 el show! el sentido de la oportunidad y el buen gusto no abundan en LUM; \u00bfse escrachan entre ustedes? \u00bfO no advierten lo PAT\u00c9TICO que es? #DeMarchiruleando&#8221;.<\/p>\n\n\n\n<p>Paula Zelaya, diputada provincial radical que hasta abril supo responder a Orozco, expres\u00f3: &#8220;Le dejamos al diputado Nacional y candidato a gobernador por LUM @omardemarchi el art. 4 de la Ley Nacional 26.485 de Protecci\u00f3n Integral a las Mujeres. Un hijo sano del patriarcado que al parecer busca juntar votos a trav\u00e9s de la exposici\u00f3n y banalizaci\u00f3n de las mujeres.<\/p>\n\n\n\n<p>En tanto, la directora\u00a0de Ambiente y Energ\u00eda de Godoy Cruz\u00a0y candidata a senadora provincial, Yamila Ases, dijo: &#8220;Irresponsable &#8216;juego&#8217;\u00a0de @omardemarchi con bombachas&#8230; en\u00a0<strong>Las Heras\u00a0<\/strong>Evidentemente el sexismo y la violencia hacia las mujeres es un patr\u00f3n com\u00fan entre los candidatos de LUM&#8221;.<\/p>\n\n\n\n<p>C\u00e9sar Cattaneo, candidato a diputado provincial por el frente Cambia Mendoza, sostuvo: &#8220;Resulta que @omardemarchi. Se presenta c\u00f3mo lo distinto, lo nuevo&#8230; \u00a1\u00a1\u00a1Queda claro que el rejunte que armaron es lo viejo, turbio y rancio de la pol\u00edtica menciona? Son todo lo que esta mal en un solo paquete!!!&#8221;.<\/p>\n\n\n\n<p><strong>Fuente: www.mdzol.com.ar<\/strong><\/p>\n","protected":false},"excerpt":{"rendered":"<p>El diputado nacional y candidato a gobernador de La Uni\u00f3n Mendocina,\u00a0Omar De Marchi, fue blanco de cr\u00edticas luego de que se viralizaran fotos en las que se lo ve arriba de un escenario sosteniendo en su mano ropa interior femenina. La imagen tuvo lugar el 26 de julio en el marco de una celebraci\u00f3n llevada [&hellip;]<\/p>\n","protected":false},"author":2,"featured_media":621,"comment_status":"open","ping_status":"open","sticky":false,"template":"","format":"standard","meta":[],"categories":[47],"tags":[],"_links":{"self":[{"href":"https:\/\/pasaenmendoza.com\/index.php?rest_route=\/wp\/v2\/posts\/620"}],"collection":[{"href":"https:\/\/pasaenmendoza.com\/index.php?rest_route=\/wp\/v2\/posts"}],"about":[{"href":"https:\/\/pasaenmendoza.com\/index.php?rest_route=\/wp\/v2\/types\/post"}],"author":[{"embeddable":true,"href":"https:\/\/pasaenmendoza.com\/index.php?rest_route=\/wp\/v2\/users\/2"}],"replies":[{"embeddable":true,"href":"https:\/\/pasaenmendoza.com\/index.php?rest_route=%2Fwp%2Fv2%2Fcomments&post=620"}],"version-history":[{"count":1,"href":"https:\/\/pasaenmendoza.com\/index.php?rest_route=\/wp\/v2\/posts\/620\/revisions"}],"predecessor-version":[{"id":622,"href":"https:\/\/pasaenmendoza.com\/index.php?rest_route=\/wp\/v2\/posts\/620\/revisions\/622"}],"wp:featuredmedia":[{"embeddable":true,"href":"https:\/\/pasaenmendoza.com\/index.php?rest_route=\/wp\/v2\/media\/621"}],"wp:attachment":[{"href":"https:\/\/pasaenmendoza.com\/index.php?rest_route=%2Fwp%2Fv2%2Fmedia&parent=620"}],"wp:term":[{"taxonomy":"category","embeddable":true,"href":"https:\/\/pasaenmendoza.com\/index.php?rest_route=%2Fwp%2Fv2%2Fcategories&post=620"},{"taxonomy":"post_tag","embeddable":true,"href":"https:\/\/pasaenmendoza.com\/index.php?rest_route=%2Fwp%2Fv2%2Ftags&post=620"}],"curies":[{"name":"wp","href":"https:\/\/api.w.org\/{rel}","templated":true}]}}