{"id":6204,"date":"2024-03-18T21:45:19","date_gmt":"2024-03-18T20:45:19","guid":{"rendered":"https:\/\/pasaenmendoza.com\/?p=6204"},"modified":"2024-03-18T21:45:20","modified_gmt":"2024-03-18T20:45:20","slug":"el-gobierno-de-cornejo-dio-un-subsidio-55-millones-al-instituto-de-desarrollo-rural","status":"publish","type":"post","link":"https:\/\/pasaenmendoza.com\/?p=6204","title":{"rendered":"El Gobierno de Cornejo dio un subsidio $55 millones al Instituto de Desarrollo Rural"},"content":{"rendered":"\n<p>El gobernador&nbsp;<strong>Alfredo Cornejo<\/strong>&nbsp;dispuso de un subsidio de&nbsp;<strong>$55 millones para la Fundaci\u00f3n Instituto de Desarrollo Rural<\/strong>, presidida por el funcionario del Ministerio de Producci\u00f3n,&nbsp;<strong>Marcelo Japaz<\/strong>. Lo hizo a fines del a\u00f1o pasado pero se formaliz\u00f3 este lunes con la publicaci\u00f3n del decreto en el Bolet\u00edn Oficial.<\/p>\n\n\n\n<p>Seg\u00fan expresa la normativa, la finalidad es &#8220;atender el correcto funcionamiento y desarrollo de sus actividades&#8221;. Y los encargados de rendir cuentas ser\u00e1n el vicepresidente primero de la fundaci\u00f3n,\u00a0<strong>Ram\u00f3n Gonz\u00e1lez Feltrup<\/strong>, y el tesorero de esa organizaci\u00f3n, Aldo Pagano.<\/p>\n\n\n\n<h2 class=\"wp-block-heading\">Las actividades del Instituto de Desarrollo Rural<\/h2>\n\n\n\n<p>En los argumentos del decreto figuran las actividades que el<strong>&nbsp;Instituto de Desarrollo Rural&nbsp;<\/strong>realiza: contribuir al mejoramiento de la calidad de vida en el \u00e1mbito rural generando programas que apunten a efectivizar una mayor din\u00e1mica de la malla econ\u00f3mica de la Provincia de Mendoza, como tambi\u00e9n de servir de nexo entre el sector estatal y privado en todos los asuntos vinculados a la actividad agropecuaria.<\/p>\n\n\n\n<p>&#8220;Proporciona a los productores rurales herramientas de apoyo tales como investigaci\u00f3n, capacitaci\u00f3n, integraci\u00f3n y diversos estudios, con el fin de mejorar su eficiencia productiva y de incrementar su rentabilidad&#8221;, agrega; y suma: &#8220;Tambi\u00e9n debe proponer, difundir y apoyar las correctas pr\u00e1cticas culturales y medioambientales que permitan la sustentabilidad del medio rural, as\u00ed como elaborar programas de transformaci\u00f3n que incluyan planes de reconversi\u00f3n, educaci\u00f3n rural y competitividad&#8221;.<\/p>\n\n\n\n<p>Teniendo en cuenta que el decreto se firm\u00f3 el 29 de diciembre del 2023, ese gasto de $55 millones fue atendido con el presupuesto del a\u00f1o pasado.<\/p>\n\n\n\n<p><strong>Fuente: www.diariouno.com.ar<\/strong><\/p>\n","protected":false},"excerpt":{"rendered":"<p>El gobernador&nbsp;Alfredo Cornejo&nbsp;dispuso de un subsidio de&nbsp;$55 millones para la Fundaci\u00f3n Instituto de Desarrollo Rural, presidida por el funcionario del Ministerio de Producci\u00f3n,&nbsp;Marcelo Japaz. Lo hizo a fines del a\u00f1o pasado pero se formaliz\u00f3 este lunes con la publicaci\u00f3n del decreto en el Bolet\u00edn Oficial. Seg\u00fan expresa la normativa, la finalidad es &#8220;atender el correcto [&hellip;]<\/p>\n","protected":false},"author":2,"featured_media":6205,"comment_status":"open","ping_status":"open","sticky":false,"template":"","format":"standard","meta":[],"categories":[100],"tags":[],"_links":{"self":[{"href":"https:\/\/pasaenmendoza.com\/index.php?rest_route=\/wp\/v2\/posts\/6204"}],"collection":[{"href":"https:\/\/pasaenmendoza.com\/index.php?rest_route=\/wp\/v2\/posts"}],"about":[{"href":"https:\/\/pasaenmendoza.com\/index.php?rest_route=\/wp\/v2\/types\/post"}],"author":[{"embeddable":true,"href":"https:\/\/pasaenmendoza.com\/index.php?rest_route=\/wp\/v2\/users\/2"}],"replies":[{"embeddable":true,"href":"https:\/\/pasaenmendoza.com\/index.php?rest_route=%2Fwp%2Fv2%2Fcomments&post=6204"}],"version-history":[{"count":1,"href":"https:\/\/pasaenmendoza.com\/index.php?rest_route=\/wp\/v2\/posts\/6204\/revisions"}],"predecessor-version":[{"id":6206,"href":"https:\/\/pasaenmendoza.com\/index.php?rest_route=\/wp\/v2\/posts\/6204\/revisions\/6206"}],"wp:featuredmedia":[{"embeddable":true,"href":"https:\/\/pasaenmendoza.com\/index.php?rest_route=\/wp\/v2\/media\/6205"}],"wp:attachment":[{"href":"https:\/\/pasaenmendoza.com\/index.php?rest_route=%2Fwp%2Fv2%2Fmedia&parent=6204"}],"wp:term":[{"taxonomy":"category","embeddable":true,"href":"https:\/\/pasaenmendoza.com\/index.php?rest_route=%2Fwp%2Fv2%2Fcategories&post=6204"},{"taxonomy":"post_tag","embeddable":true,"href":"https:\/\/pasaenmendoza.com\/index.php?rest_route=%2Fwp%2Fv2%2Ftags&post=6204"}],"curies":[{"name":"wp","href":"https:\/\/api.w.org\/{rel}","templated":true}]}}